{"id":12748,"date":"2020-04-17T19:31:06","date_gmt":"2020-04-17T22:31:06","guid":{"rendered":"https:\/\/www.atecordoba.org\/?p=12748"},"modified":"2020-05-05T09:09:44","modified_gmt":"2020-05-05T12:09:44","slug":"ate-rechaza-el-desdoblamiento-salarial-por-la-recesion-economica","status":"publish","type":"post","link":"https:\/\/atecordoba.org\/?p=12748","title":{"rendered":"ATE rechaza el desdoblamiento salarial por la recesi\u00f3n econ\u00f3mica"},"content":{"rendered":"\n<p><em> La posibilidad fue deslizada por el ministro de Finanzas Osvaldo Giordano.<\/em><\/p>\n\n\n\n<div class=\"wp-block-image\"><figure class=\"aligncenter size-large is-resized\"><img loading=\"lazy\" decoding=\"async\" src=\"http:\/\/atecordoba.org\/wp-content\/uploads\/2020\/05\/MUNICIPALES-GRAFICO-e1541700734862.png\" alt=\"\" class=\"wp-image-10565\" width=\"221\" height=\"247\"\/><\/figure><\/div>\n\n\n\n<p>La Asociaci\u00f3n de Trabajadores del Estado (ATE) manifest\u00f3 su rechazo y repudio ante la posibilidad de que algunos municipios eval\u00faen pagar salarios de empleados en cuotas.<\/p>\n\n\n\n<p>El comunicado se conoci\u00f3 posterior a una insinuaci\u00f3n del ministro de Finanzas provincial, Osvaldo Giordano. Cabe destacar que esta entidad tiene afiliados en 80 municipios &#8211; al menos &#8211; de toda la provincia, incluido San Francisco.<\/p>\n\n\n\n<div class=\"wp-block-image\"><figure class=\"aligncenter size-large is-resized\"><img loading=\"lazy\" decoding=\"async\" src=\"http:\/\/atecordoba.org\/wp-content\/uploads\/2020\/05\/ATE-San-Francisco.jpg\" alt=\"\" class=\"wp-image-12749\" width=\"322\" height=\"249\"\/><\/figure><\/div>\n\n\n\n<p>&#8220;Las amenazas de algunos municipios van en sinton\u00eda de lo que dice Giordano, de cobrar en cuotas, cobrar m\u00e1s tarde o reducir salarialmente&#8221;, dijo Federico Giuliani, secretario general del gremio a La Voz.<\/p>\n\n\n\n<p>Las posibilidades ser\u00edan desdoblar el pago o reducirlo al 50 % en funci\u00f3n de d\u00edas no concurridos de aquellos afectados por el aislamiento social determinado a nivel nacional.<\/p>\n\n\n\n<p><strong>Fuente: La Voz de San Justo<\/strong><\/p>\n","protected":false},"excerpt":{"rendered":"<p>La posibilidad fue deslizada por el ministro de Finanzas Osvaldo Giordano. La Asociaci\u00f3n de Trabajadores del Estado (ATE) manifest\u00f3 su rechazo y repudio ante la posibilidad de que algunos municipios eval\u00faen pagar salarios de empleados en cuotas. El comunicado se conoci\u00f3 posterior a una insinuaci\u00f3n del ministro de Finanzas provincial, Osvaldo Giordano. Cabe destacar que [&hellip;]<\/p>\n","protected":false},"author":1,"featured_media":19220,"comment_status":"open","ping_status":"open","sticky":false,"template":"","format":"standard","meta":{"_exactmetrics_skip_tracking":false,"_exactmetrics_sitenote_active":false,"_exactmetrics_sitenote_note":"","_exactmetrics_sitenote_category":0,"jnews-multi-image_gallery":[],"jnews_single_post":[],"jnews_primary_category":[],"jnews_social_meta":[],"jnews_review":[],"enable_review":"","type":"","name":"","summary":"","brand":"","sku":"","good":[],"bad":[],"score_override":"","override_value":"","rating":[],"price":[],"jnews_override_counter":[],"jnews_post_split":[],"footnotes":""},"categories":[1],"tags":[],"class_list":["post-12748","post","type-post","status-publish","format-standard","has-post-thumbnail","hentry","category-sin-categoria"],"jetpack_featured_media_url":"https:\/\/atecordoba.org\/wp-content\/uploads\/2020\/05\/logo-nuevochico-e1561581322808.png","_links":{"self":[{"href":"https:\/\/atecordoba.org\/index.php?rest_route=\/wp\/v2\/posts\/12748","targetHints":{"allow":["GET"]}}],"collection":[{"href":"https:\/\/atecordoba.org\/index.php?rest_route=\/wp\/v2\/posts"}],"about":[{"href":"https:\/\/atecordoba.org\/index.php?rest_route=\/wp\/v2\/types\/post"}],"author":[{"embeddable":true,"href":"https:\/\/atecordoba.org\/index.php?rest_route=\/wp\/v2\/users\/1"}],"replies":[{"embeddable":true,"href":"https:\/\/atecordoba.org\/index.php?rest_route=%2Fwp%2Fv2%2Fcomments&post=12748"}],"version-history":[{"count":1,"href":"https:\/\/atecordoba.org\/index.php?rest_route=\/wp\/v2\/posts\/12748\/revisions"}],"predecessor-version":[{"id":18382,"href":"https:\/\/atecordoba.org\/index.php?rest_route=\/wp\/v2\/posts\/12748\/revisions\/18382"}],"wp:featuredmedia":[{"embeddable":true,"href":"https:\/\/atecordoba.org\/index.php?rest_route=\/wp\/v2\/media\/19220"}],"wp:attachment":[{"href":"https:\/\/atecordoba.org\/index.php?rest_route=%2Fwp%2Fv2%2Fmedia&parent=12748"}],"wp:term":[{"taxonomy":"category","embeddable":true,"href":"https:\/\/atecordoba.org\/index.php?rest_route=%2Fwp%2Fv2%2Fcategories&post=12748"},{"taxonomy":"post_tag","embeddable":true,"href":"https:\/\/atecordoba.org\/index.php?rest_route=%2Fwp%2Fv2%2Ftags&post=12748"}],"curies":[{"name":"wp","href":"https:\/\/api.w.org\/{rel}","templated":true}]}}