{"id":12741,"date":"2020-04-17T19:19:18","date_gmt":"2020-04-17T22:19:18","guid":{"rendered":"https:\/\/www.atecordoba.org\/?p=12741"},"modified":"2020-05-05T09:09:44","modified_gmt":"2020-05-05T12:09:44","slug":"asamblea-de-ate-en-el-hospital-de-ninos","status":"publish","type":"post","link":"https:\/\/atecordoba.org\/?p=12741","title":{"rendered":"Asamblea de ATE en el Hospital de Ni\u00f1os"},"content":{"rendered":"\n<p><em>Miembros del Equipo de Salud Provincial de la conducci\u00f3n de ATE C\u00f3rdoba est\u00e1n de recorrida por los hospitales de la Capital Provincial.<\/em><\/p>\n\n\n\n<figure class=\"wp-block-gallery columns-2 is-cropped wp-block-gallery-1 is-layout-flex wp-block-gallery-is-layout-flex\"><ul class=\"blocks-gallery-grid\"><li class=\"blocks-gallery-item\"><figure><img decoding=\"async\" src=\"http:\/\/atecordoba.org\/wp-content\/uploads\/2020\/05\/3-hospital-de-ni\u00f1os-1024x614.jpg\" alt=\"\" data-id=\"12744\" data-full-url=\"https:\/\/www.atecordoba.org\/wp-content\/uploads\/2020\/04\/3-hospital-de-ni\u00f1os.jpeg\" data-link=\"https:\/\/www.atecordoba.org\/?attachment_id=12744\" class=\"wp-image-12744\"\/><\/figure><\/li><li class=\"blocks-gallery-item\"><figure><img decoding=\"async\" src=\"http:\/\/atecordoba.org\/wp-content\/uploads\/2020\/05\/1-hospital-de-ni\u00f1os-1024x614.jpg\" alt=\"\" data-id=\"12742\" data-full-url=\"https:\/\/www.atecordoba.org\/wp-content\/uploads\/2020\/04\/1-hospital-de-ni\u00f1os.jpeg\" data-link=\"https:\/\/www.atecordoba.org\/?attachment_id=12742\" class=\"wp-image-12742\"\/><\/figure><\/li><\/ul><\/figure>\n\n\n\n<p>Omar Alerzia, Secretario de Organizaci\u00f3n del Consejo Directivo Provincial de ATE C\u00f3rdoba, junto a los vocales Roberto Calvetti y Gabriela Garc\u00eda, se encontraron hoy con las trabajadoras y trabajadores del nosocomio especializado en infancia para analizar la situaci\u00f3n sanitaria y laboral de quienes prestan tareas en dicho establecimiento. El cumplimiento cabal del protocolo de bioseguridad del Gobierno de la Provincia de C\u00f3rdoba.<\/p>\n\n\n\n<div class=\"wp-block-image\"><figure class=\"aligncenter size-large is-resized\"><img loading=\"lazy\" decoding=\"async\" src=\"http:\/\/atecordoba.org\/wp-content\/uploads\/2020\/05\/5-hospital-de-ni\u00f1os-576x1024.jpg\" alt=\"\" class=\"wp-image-12745\" width=\"226\" height=\"403\"\/><\/figure><\/div>\n\n\n\n<p><\/p>\n","protected":false},"excerpt":{"rendered":"<p>Miembros del Equipo de Salud Provincial de la conducci\u00f3n de ATE C\u00f3rdoba est\u00e1n de recorrida por los hospitales de la Capital Provincial. Omar Alerzia, Secretario de Organizaci\u00f3n del Consejo Directivo Provincial de ATE C\u00f3rdoba, junto a los vocales Roberto Calvetti y Gabriela Garc\u00eda, se encontraron hoy con las trabajadoras y trabajadores del nosocomio especializado en [&hellip;]<\/p>\n","protected":false},"author":1,"featured_media":19220,"comment_status":"open","ping_status":"open","sticky":true,"template":"","format":"standard","meta":{"_exactmetrics_skip_tracking":false,"_exactmetrics_sitenote_active":false,"_exactmetrics_sitenote_note":"","_exactmetrics_sitenote_category":0,"jnews-multi-image_gallery":[],"jnews_single_post":[],"jnews_primary_category":[],"jnews_social_meta":[],"jnews_review":[],"enable_review":"","type":"","name":"","summary":"","brand":"","sku":"","good":[],"bad":[],"score_override":"","override_value":"","rating":[],"price":[],"jnews_override_counter":[],"jnews_post_split":[],"footnotes":""},"categories":[1],"tags":[],"class_list":["post-12741","post","type-post","status-publish","format-standard","has-post-thumbnail","hentry","category-sin-categoria"],"jetpack_featured_media_url":"https:\/\/atecordoba.org\/wp-content\/uploads\/2020\/05\/logo-nuevochico-e1561581322808.png","_links":{"self":[{"href":"https:\/\/atecordoba.org\/index.php?rest_route=\/wp\/v2\/posts\/12741","targetHints":{"allow":["GET"]}}],"collection":[{"href":"https:\/\/atecordoba.org\/index.php?rest_route=\/wp\/v2\/posts"}],"about":[{"href":"https:\/\/atecordoba.org\/index.php?rest_route=\/wp\/v2\/types\/post"}],"author":[{"embeddable":true,"href":"https:\/\/atecordoba.org\/index.php?rest_route=\/wp\/v2\/users\/1"}],"replies":[{"embeddable":true,"href":"https:\/\/atecordoba.org\/index.php?rest_route=%2Fwp%2Fv2%2Fcomments&post=12741"}],"version-history":[{"count":1,"href":"https:\/\/atecordoba.org\/index.php?rest_route=\/wp\/v2\/posts\/12741\/revisions"}],"predecessor-version":[{"id":18386,"href":"https:\/\/atecordoba.org\/index.php?rest_route=\/wp\/v2\/posts\/12741\/revisions\/18386"}],"wp:featuredmedia":[{"embeddable":true,"href":"https:\/\/atecordoba.org\/index.php?rest_route=\/wp\/v2\/media\/19220"}],"wp:attachment":[{"href":"https:\/\/atecordoba.org\/index.php?rest_route=%2Fwp%2Fv2%2Fmedia&parent=12741"}],"wp:term":[{"taxonomy":"category","embeddable":true,"href":"https:\/\/atecordoba.org\/index.php?rest_route=%2Fwp%2Fv2%2Fcategories&post=12741"},{"taxonomy":"post_tag","embeddable":true,"href":"https:\/\/atecordoba.org\/index.php?rest_route=%2Fwp%2Fv2%2Ftags&post=12741"}],"curies":[{"name":"wp","href":"https:\/\/api.w.org\/{rel}","templated":true}]}}