{"id":12737,"date":"2020-04-17T18:57:11","date_gmt":"2020-04-17T21:57:11","guid":{"rendered":"https:\/\/www.atecordoba.org\/?p=12737"},"modified":"2020-05-05T09:09:44","modified_gmt":"2020-05-05T12:09:44","slug":"reunion-del-secretariado-del-cdp-de-ate-cordoba","status":"publish","type":"post","link":"https:\/\/atecordoba.org\/?p=12737","title":{"rendered":"Reuni\u00f3n del Secretariado del CDP de ATE C\u00f3rdoba"},"content":{"rendered":"\n<p><em>Con la participaci\u00f3n casi completa se realiz\u00f3 hoy la primera Reuni\u00f3n de Secretariado del Consejo Directivo Provincial (CDP) de ATE C\u00f3rdoba por Videoconferencia. Se aprob\u00f3 formalmente la creaci\u00f3n de los departamentos de G\u00e9nero, Salud Provincial y Municipales.<\/em><\/p>\n\n\n\n<figure class=\"wp-block-image size-large\"><img decoding=\"async\" src=\"http:\/\/atecordoba.org\/wp-content\/uploads\/2020\/05\/Imagen-1024x759.png\" alt=\"\" class=\"wp-image-12738\"\/><\/figure>\n\n\n\n<p>Caracterizamos que estamos atravesando una situaci\u00f3n pol\u00edtica, social, laboral, econ\u00f3mica y gremial de crisis en nuestro pa\u00eds, enmarcada en un proceso de una profunda crisis del capitalismo a nivel global. Caracterizamos que no es una m\u00e1s de las crisis c\u00edclicas que el capital experimenta cada un determinado tiempo, sino que es una crisis m\u00e1s profunda que afecta las propias estructuras en que se basa toda nuestra sociedad. En ese marco, la Pandemia del Covid-19 surge como un emergente que profundiza una crisis que viene de m\u00e1s larga data y que tiene como objetivo \u00faltimo volver a trasladar sobre los hombros de las trabajadoras y trabajadores todo su peso.<\/p>\n\n\n\n<p>En ese punto, se\ndestac\u00f3 la importancia de recuperar al Estado como herramienta al servicio de\nlos intereses populares y en ello la lucha denodada que lleva ATE adelante por\nlas reincorporaciones de todas las despedidas y despedidos en la era Macri,\ncoordinado desde la CORREDMA de ATE C\u00f3rdoba en nuestra Provincia. Adem\u00e1s de\nello, la lucha por salarios dignos, pase a planta permanente y condiciones de trabajo\n(donde la bioseguridad en todos los niveles del Estado, pero sobre todo en la\nprimera l\u00ednea de combate contra la pandemia, es hoy una de las preocupaciones\nprincipales visto los reiterados incumplimientos en los protocolos al respecto).<\/p>\n\n\n\n<p>Tras el an\u00e1lisis, se hizo un repaso de cada Secretaria para evaluar el funcionamiento interno del CDP, tras el crecimiento en afiliaciones y relevancia de ATE en los espacios de trabajo de los distintos estamentos del Estado a lo largo y ancho de la Provincia. Es ese sentido fueron propuesta y aprobadas dos mociones:<\/p>\n\n\n\n<ul class=\"wp-block-list\"><li>La conformaci\u00f3n\nde tres Departamentos. El de G\u00e9nero, el de Salud Provincial y el de Municipales;<\/li><li>La realizaci\u00f3n\nde un documento pol\u00edtico para socializar el debate hacia adentro y hacia afuera\ndel sindicato. <\/li><\/ul>\n\n\n\n<p>La pr\u00f3xima reuni\u00f3n de Secretariado\nser\u00e1 el pr\u00f3ximo viernes 24 de abril a las 15 horas.<\/p>\n\n\n\n<p><strong>ATE Siempre Est\u00e1.<\/strong><\/p>\n","protected":false},"excerpt":{"rendered":"<p>Con la participaci\u00f3n casi completa se realiz\u00f3 hoy la primera Reuni\u00f3n de Secretariado del Consejo Directivo Provincial (CDP) de ATE C\u00f3rdoba por Videoconferencia. Se aprob\u00f3 formalmente la creaci\u00f3n de los departamentos de G\u00e9nero, Salud Provincial y Municipales. Caracterizamos que estamos atravesando una situaci\u00f3n pol\u00edtica, social, laboral, econ\u00f3mica y gremial de crisis en nuestro pa\u00eds, enmarcada [&hellip;]<\/p>\n","protected":false},"author":1,"featured_media":19220,"comment_status":"open","ping_status":"open","sticky":true,"template":"","format":"standard","meta":{"_exactmetrics_skip_tracking":false,"_exactmetrics_sitenote_active":false,"_exactmetrics_sitenote_note":"","_exactmetrics_sitenote_category":0,"jnews-multi-image_gallery":[],"jnews_single_post":[],"jnews_primary_category":[],"jnews_social_meta":[],"jnews_review":[],"enable_review":"","type":"","name":"","summary":"","brand":"","sku":"","good":[],"bad":[],"score_override":"","override_value":"","rating":[],"price":[],"jnews_override_counter":[],"jnews_post_split":[],"footnotes":""},"categories":[1],"tags":[],"class_list":["post-12737","post","type-post","status-publish","format-standard","has-post-thumbnail","hentry","category-sin-categoria"],"jetpack_featured_media_url":"https:\/\/atecordoba.org\/wp-content\/uploads\/2020\/05\/logo-nuevochico-e1561581322808.png","_links":{"self":[{"href":"https:\/\/atecordoba.org\/index.php?rest_route=\/wp\/v2\/posts\/12737","targetHints":{"allow":["GET"]}}],"collection":[{"href":"https:\/\/atecordoba.org\/index.php?rest_route=\/wp\/v2\/posts"}],"about":[{"href":"https:\/\/atecordoba.org\/index.php?rest_route=\/wp\/v2\/types\/post"}],"author":[{"embeddable":true,"href":"https:\/\/atecordoba.org\/index.php?rest_route=\/wp\/v2\/users\/1"}],"replies":[{"embeddable":true,"href":"https:\/\/atecordoba.org\/index.php?rest_route=%2Fwp%2Fv2%2Fcomments&post=12737"}],"version-history":[{"count":1,"href":"https:\/\/atecordoba.org\/index.php?rest_route=\/wp\/v2\/posts\/12737\/revisions"}],"predecessor-version":[{"id":18388,"href":"https:\/\/atecordoba.org\/index.php?rest_route=\/wp\/v2\/posts\/12737\/revisions\/18388"}],"wp:featuredmedia":[{"embeddable":true,"href":"https:\/\/atecordoba.org\/index.php?rest_route=\/wp\/v2\/media\/19220"}],"wp:attachment":[{"href":"https:\/\/atecordoba.org\/index.php?rest_route=%2Fwp%2Fv2%2Fmedia&parent=12737"}],"wp:term":[{"taxonomy":"category","embeddable":true,"href":"https:\/\/atecordoba.org\/index.php?rest_route=%2Fwp%2Fv2%2Fcategories&post=12737"},{"taxonomy":"post_tag","embeddable":true,"href":"https:\/\/atecordoba.org\/index.php?rest_route=%2Fwp%2Fv2%2Ftags&post=12737"}],"curies":[{"name":"wp","href":"https:\/\/api.w.org\/{rel}","templated":true}]}}