{"id":1273,"date":"2010-03-22T17:13:45","date_gmt":"2010-03-22T20:13:45","guid":{"rendered":"http:\/\/www.atecordoba.org\/?p=1273"},"modified":"2010-03-22T17:13:45","modified_gmt":"2010-03-22T20:13:45","slug":"primer-plenario-municipal-2010","status":"publish","type":"post","link":"https:\/\/atecordoba.org\/?p=1273","title":{"rendered":"Primer plenario municipal 2010"},"content":{"rendered":"<div>\n<div dir=\"ltr\">\n<p style=\"text-align: center;\"><img loading=\"lazy\" decoding=\"async\" class=\"aligncenter  wp-image-1280\" title=\"arton23\" src=\"http:\/\/www.atecordoba.org\/wp-content\/uploads\/2012\/07\/arton23-1024x576.jpg\" alt=\"\" width=\"502\" height=\"282\" \/><\/p>\n<p><strong>Compa\u00f1eros delegados municipales de distintas localidades del interior cordob\u00e9s se reunieron en Villa Mar\u00eda para diagramar el plan de acci\u00f3n para el 2010. La cita cont\u00f3 con la presencia de Oscar De Isasi, secretario Gremial del CDN.<\/strong><\/p>\n<\/div>\n<\/div>\n<div>\n<div dir=\"ltr\">\n<p>Primer Plenario 2010 de Trabajadores Municipales de C\u00f3rdoba<\/p>\n<p>Villa Mar\u00eda 19 de marzo<\/p>\n<p>Reunidos delegados de ATE del sector municipal de la provincia de C\u00f3rdoba, con representaci\u00f3n de compa\u00f1eros integrantes de las comisiones directivas de las seccionales Villa Mar\u00eda, R\u00edo Cuarto, R\u00edo Tercero, del Consejo Directivo Provincial C\u00f3rdoba (CDP), as\u00ed como del Consejo Directivo Nacional (CDN), se resuelve:<\/p>\n<p>\u2022 Convocar al paro nacional de ATE del 7 de abril, d\u00eda mundial de la salud. Concentraci\u00f3n en las casas de las provincias de la Ciudad de Buenos Aires y movilizaci\u00f3n al Congreso de la Naci\u00f3n, solicitando mayor y mejor financiamiento del sistema de salud p\u00fablico, y por aumento salarial para todos los trabajadores, fin del trabajo en negro, pase a planta permanente de los contratados, equiparaci\u00f3n de las asignaciones familiares, convenio colectivos de trabajo, 82 % m\u00f3vil para los jubilados.<\/p>\n<p>\u2022 Formaci\u00f3n de comisiones de trabajo conjuntas de las tres seccionales para contener y crecer en el sector municipal de toda la provincia.<\/p>\n<p>\u2022 Realizar un relevamiento de todas las condiciones contractuales y laborales de todos los trabajadores municipales de aquellas localidades que sean visitadas.<\/p>\n<p>\u2022 Generar estrategias para involucrar a los trabajadores activos con la lucha de los jubilados provinciales y nacionales, en reclamo de 82% m\u00f3vil real y de bolsillo Exigir el cese de intervenci\u00f3n a la Caja de Jubilaciones y el Apross.<\/p>\n<p>\u2022 Intensificasr la campa\u00f1a de afiliaci\u00f3n y elecci\u00f3n de delegados.<\/p>\n<p>\u2022 Participar en los actos del 24 de marzo, por el fin de la impunidad de los genocidas en Argentina.<\/p>\n<p>\u2022 Participar en la radio abierta de Villa Mar\u00eda del 23 de marzo.<\/p>\n<p>\u2022 Realizar un programa de capacitaci\u00f3n y formaci\u00f3n para delegados y activistas en tem\u00e1ticas gremiales, legales y administrativas.<\/p>\n<p>\u2022 Llevar a cabo un volante que englobe las problem\u00e1ticas de los trabajadores municipales de toda la provincia.<\/p>\n<p>\u2022 Dar continuidad al espacio de encuentro de delegados municipales.<\/p>\n<p>\u2022 Desarrollar estrategias comunicacionales adecuadas a la estrategia de ATE en el sector.<\/p>\n<p>\u2022 Acompa\u00f1ar la reuni\u00f3n de 23-3 con jubilados en Villa Mar\u00eda.<\/p>\n<p>\u2022 Convocar al segundo Plenario de trabajadores municipales, a realizarse en R\u00edo Cuarto el pr\u00f3ximo 23 de abril de 2010.<\/p>\n<\/div>\n<\/div>\n","protected":false},"excerpt":{"rendered":"<p>Compa\u00f1eros delegados municipales de distintas localidades del interior cordob\u00e9s se reunieron en Villa Mar\u00eda para diagramar el plan de acci\u00f3n para el 2010. La cita cont\u00f3 con la presencia de Oscar De Isasi, secretario Gremial del CDN. Primer Plenario 2010 de Trabajadores Municipales de C\u00f3rdoba Villa Mar\u00eda 19 de marzo Reunidos delegados de ATE del [&hellip;]<\/p>\n","protected":false},"author":1,"featured_media":19220,"comment_status":"open","ping_status":"open","sticky":false,"template":"","format":"standard","meta":{"_exactmetrics_skip_tracking":false,"_exactmetrics_sitenote_active":false,"_exactmetrics_sitenote_note":"","_exactmetrics_sitenote_category":0,"jnews-multi-image_gallery":[],"jnews_single_post":[],"jnews_primary_category":[],"jnews_social_meta":[],"jnews_review":[],"enable_review":"","type":"","name":"","summary":"","brand":"","sku":"","good":[],"bad":[],"score_override":"","override_value":"","rating":[],"price":[],"jnews_override_counter":[],"jnews_post_split":[],"footnotes":""},"categories":[20,34,14],"tags":[24,11,35],"class_list":["post-1273","post","type-post","status-publish","format-standard","has-post-thumbnail","hentry","category-municipales","category-seccionales","category-villa-maria","tag-municipales-2","tag-noticias-2","tag-villa-maria-2"],"jetpack_featured_media_url":"https:\/\/atecordoba.org\/wp-content\/uploads\/2020\/05\/logo-nuevochico-e1561581322808.png","_links":{"self":[{"href":"https:\/\/atecordoba.org\/index.php?rest_route=\/wp\/v2\/posts\/1273","targetHints":{"allow":["GET"]}}],"collection":[{"href":"https:\/\/atecordoba.org\/index.php?rest_route=\/wp\/v2\/posts"}],"about":[{"href":"https:\/\/atecordoba.org\/index.php?rest_route=\/wp\/v2\/types\/post"}],"author":[{"embeddable":true,"href":"https:\/\/atecordoba.org\/index.php?rest_route=\/wp\/v2\/users\/1"}],"replies":[{"embeddable":true,"href":"https:\/\/atecordoba.org\/index.php?rest_route=%2Fwp%2Fv2%2Fcomments&post=1273"}],"version-history":[{"count":0,"href":"https:\/\/atecordoba.org\/index.php?rest_route=\/wp\/v2\/posts\/1273\/revisions"}],"wp:featuredmedia":[{"embeddable":true,"href":"https:\/\/atecordoba.org\/index.php?rest_route=\/wp\/v2\/media\/19220"}],"wp:attachment":[{"href":"https:\/\/atecordoba.org\/index.php?rest_route=%2Fwp%2Fv2%2Fmedia&parent=1273"}],"wp:term":[{"taxonomy":"category","embeddable":true,"href":"https:\/\/atecordoba.org\/index.php?rest_route=%2Fwp%2Fv2%2Fcategories&post=1273"},{"taxonomy":"post_tag","embeddable":true,"href":"https:\/\/atecordoba.org\/index.php?rest_route=%2Fwp%2Fv2%2Ftags&post=1273"}],"curies":[{"name":"wp","href":"https:\/\/api.w.org\/{rel}","templated":true}]}}