{"id":12729,"date":"2020-04-17T17:21:34","date_gmt":"2020-04-17T20:21:34","guid":{"rendered":"https:\/\/www.atecordoba.org\/?p=12729"},"modified":"2020-05-05T09:09:44","modified_gmt":"2020-05-05T12:09:44","slug":"las-psicologas-volveran-a-villa-el-libertador-vamos-por-la-recomposicion-del-equipo-de-salud-mental","status":"publish","type":"post","link":"https:\/\/atecordoba.org\/?p=12729","title":{"rendered":"Las psic\u00f3logas volver\u00e1n a Villa El Libertador: \u00a1Vamos por la recomposici\u00f3n del Equipo de Salud Mental!"},"content":{"rendered":"\n<p><em>Desde ATE celebramos el logro de hoy junto a la comunidad del barrio y organizaciones sociales en lucha. Logramos la reincorporaci\u00f3n de dos profesionales a sus puestos de trabajo en el CPC de Villa el Libertador. Continuamos el reclamo para reconstituir el equipo en su lugar de funcionamiento de hace 20 a\u00f1os.<\/em><\/p>\n\n\n\n<figure class=\"wp-block-image size-large\"><img decoding=\"async\" src=\"http:\/\/atecordoba.org\/wp-content\/uploads\/2020\/05\/Salud-Mental-Villa-El-Libertador-1024x768.jpg\" alt=\"\" class=\"wp-image-12730\"\/><figcaption>Descargue el comunicado de ATE en<a href=\"https:\/\/www.atecordoba.org\/17-04-equipo-salud-mental-villa-el-libertador\" target=\"_blank\" rel=\"noreferrer noopener\" aria-label=\" PDF aqu\u00ed (se abre en una nueva pesta\u00f1a)\"> PDF aqu\u00ed<\/a><\/figcaption><\/figure>\n\n\n\n<p>Desde ATE celebramos el triunfo del Pueblo organizado ante el atropello perpetrado por la Secretar\u00eda de Salud Mental perteneciente a la cartera de Salud de la Provincia. Sin embargo, advertimos que dicho espacio gubernamental ratifica el rechazo \u201cdel recurso de reconsideraci\u00f3n presentado por nuestro equipo. Esto significa que ratifican el cierre de la sede y el traslado de nuestra compa\u00f1era enfermera\u201d, seg\u00fan informaron las trabajadoras. \u201cA dos de nosotras nos pasan en comisi\u00f3n al CPC de Villa El Libertador, como sede transitoria para nuestra tareas. No explicitan los motivos de dicho cierre aunque, por expresiones p\u00fablicas de la Directora Gral de Salud Mental ser\u00eda para realizar refacciones, en tanto el Equipo retornar\u00eda all\u00ed cuando se finalizaran dichas tareas\u201d, explicaron. \u201cConsideramos innecesaria y arbitraria la medida de cierre y traslado de las trabajadoras ya que los arreglos que pudieran realizarse no imposibilitar\u00edan el desarrollo de nuestras funciones all\u00ed\u201d, remarcaron desde el equipo. <\/p>\n\n\n\n<p>Desde ATE y en conjunto con el personal afectado, desconocemos los\nmotivos de esta decisi\u00f3n y acompa\u00f1amos la decisi\u00f3n de priorizar el continuar\nbrindando la asistencia a la poblaci\u00f3n en el lugar asignado ahora por la\nSecretar\u00eda de Salud. En ese marco, informamos que las dos psic\u00f3logas continuar\u00e1n\ndesarrollando sus tareas en el&nbsp; CPC de\nVilla El Libertador, de lunes a viernes de 9 a 14. <\/p>\n\n\n\n<p>Sin embargo, advertimos, junto con las integrantes del Equipo de Salud\nMental, que \u201cresulta imprescindible que se restituya al resto de los\nintegrantes de nuestro equipo: enfermera, psic\u00f3logas del Infanto Juvenil y\npsiquiatra, para continuar brindando promoci\u00f3n y asistencia en salud mental a\nla enorme poblaci\u00f3n de m\u00e1s de 100.000 habitantes que tiene el barrio\u201d. <\/p>\n\n\n\n<p>Destacamos que hasta el 2 de abril, fecha en que se realiz\u00f3 la\nnotificaci\u00f3n de cierre y traslado, desarrollaban sus tareas en la sede de\nTilcara 1428 seis&nbsp; profesionales\ntrabajando de manera interdisciplinaria en el abordaje de la salud mental. <\/p>\n\n\n\n<p>Continuamos reclamando que no se prive a la poblaci\u00f3n de Villa el Libertador\ndel acceso a los servicios que presta el Equipo en su conjunto, en momentos de\nm\u00e1xima necesidad por la pandemia que afecta profundamente la salud de nuestra\npoblaci\u00f3n.<\/p>\n\n\n\n<p>Es con todos y con todas. Es con ATE.<\/p>\n\n\n\n<p><strong>ATE Siempre\nEst\u00e1.<\/strong><\/p>\n","protected":false},"excerpt":{"rendered":"<p>Desde ATE celebramos el logro de hoy junto a la comunidad del barrio y organizaciones sociales en lucha. Logramos la reincorporaci\u00f3n de dos profesionales a sus puestos de trabajo en el CPC de Villa el Libertador. Continuamos el reclamo para reconstituir el equipo en su lugar de funcionamiento de hace 20 a\u00f1os. Desde ATE celebramos [&hellip;]<\/p>\n","protected":false},"author":1,"featured_media":19220,"comment_status":"open","ping_status":"open","sticky":true,"template":"","format":"standard","meta":{"_exactmetrics_skip_tracking":false,"_exactmetrics_sitenote_active":false,"_exactmetrics_sitenote_note":"","_exactmetrics_sitenote_category":0,"jnews-multi-image_gallery":[],"jnews_single_post":[],"jnews_primary_category":[],"jnews_social_meta":[],"jnews_review":[],"enable_review":"","type":"","name":"","summary":"","brand":"","sku":"","good":[],"bad":[],"score_override":"","override_value":"","rating":[],"price":[],"jnews_override_counter":[],"jnews_post_split":[],"footnotes":""},"categories":[1],"tags":[],"class_list":["post-12729","post","type-post","status-publish","format-standard","has-post-thumbnail","hentry","category-sin-categoria"],"jetpack_featured_media_url":"https:\/\/atecordoba.org\/wp-content\/uploads\/2020\/05\/logo-nuevochico-e1561581322808.png","_links":{"self":[{"href":"https:\/\/atecordoba.org\/index.php?rest_route=\/wp\/v2\/posts\/12729","targetHints":{"allow":["GET"]}}],"collection":[{"href":"https:\/\/atecordoba.org\/index.php?rest_route=\/wp\/v2\/posts"}],"about":[{"href":"https:\/\/atecordoba.org\/index.php?rest_route=\/wp\/v2\/types\/post"}],"author":[{"embeddable":true,"href":"https:\/\/atecordoba.org\/index.php?rest_route=\/wp\/v2\/users\/1"}],"replies":[{"embeddable":true,"href":"https:\/\/atecordoba.org\/index.php?rest_route=%2Fwp%2Fv2%2Fcomments&post=12729"}],"version-history":[{"count":1,"href":"https:\/\/atecordoba.org\/index.php?rest_route=\/wp\/v2\/posts\/12729\/revisions"}],"predecessor-version":[{"id":18391,"href":"https:\/\/atecordoba.org\/index.php?rest_route=\/wp\/v2\/posts\/12729\/revisions\/18391"}],"wp:featuredmedia":[{"embeddable":true,"href":"https:\/\/atecordoba.org\/index.php?rest_route=\/wp\/v2\/media\/19220"}],"wp:attachment":[{"href":"https:\/\/atecordoba.org\/index.php?rest_route=%2Fwp%2Fv2%2Fmedia&parent=12729"}],"wp:term":[{"taxonomy":"category","embeddable":true,"href":"https:\/\/atecordoba.org\/index.php?rest_route=%2Fwp%2Fv2%2Fcategories&post=12729"},{"taxonomy":"post_tag","embeddable":true,"href":"https:\/\/atecordoba.org\/index.php?rest_route=%2Fwp%2Fv2%2Ftags&post=12729"}],"curies":[{"name":"wp","href":"https:\/\/api.w.org\/{rel}","templated":true}]}}