{"id":12717,"date":"2020-04-16T15:42:38","date_gmt":"2020-04-16T18:42:38","guid":{"rendered":"https:\/\/www.atecordoba.org\/?p=12717"},"modified":"2020-05-05T09:09:44","modified_gmt":"2020-05-05T12:09:44","slug":"rechazo-total-a-la-decision-tomada-por-el-ejecutivo-de-la-municipalidad-de-jesus-maria","status":"publish","type":"post","link":"https:\/\/atecordoba.org\/?p=12717","title":{"rendered":"Rechazo total a la decisi\u00f3n tomada por el Ejecutivo de la Municipalidad de Jes\u00fas Mar\u00eda"},"content":{"rendered":"\n<p><em>Repudiamos la decisi\u00f3n de no pagar el aumento salarial pactado y cerrado en el mes de marzo y no cambiamos reducci\u00f3n salarial por no despidos. Rechazamos, adem\u00e1s, todo intento de extorsi\u00f3n por parte del intendente Luis Picat.<\/em><\/p>\n\n\n\n<figure class=\"wp-block-image size-large\"><img decoding=\"async\" src=\"http:\/\/atecordoba.org\/wp-content\/uploads\/2020\/05\/Jesus-Maria.jpg\" alt=\"\" class=\"wp-image-12718\"\/><figcaption>Foto de la entrada al Edificio Municipal. Comunicado completo en <a href=\"https:\/\/www.atecordoba.org\/wp-content\/uploads\/2020\/04\/JESUS-MARIA-RECHAZO.pdf\" target=\"_blank\" rel=\"noreferrer noopener\" aria-label=\"pdf aqu\u00ed (se abre en una nueva pesta\u00f1a)\">pdf aqu\u00ed<\/a>.<\/figcaption><\/figure>\n\n\n\n<p>Desde la Asociaci\u00f3n de\ntrabajadores del estado repudiamos y rechazamos este intento por parte del\nIntendente Luis Picat de la Municipalidad de Jes\u00fas Mar\u00eda, que pretende bajar\nlos sueldos de las y los compa\u00f1eros trabajadores municipales al no pagarles -en\nlos haberes de abril- la suma pactada en paritarias de principios de marzo, que\nconstaba de un incremento del 5% de sueldo, m\u00e1s refrigerio y una suma fija no\nremunerativa. No cambiaremos reducci\u00f3n salarial por no despidos.<\/p>\n\n\n\n<p>Esta decisi\u00f3n abarcar\u00eda a\ntodos los trabajadores municipales quienes est\u00e1n afectados al aislamiento\nsocial, preventivo y obligatorio, o trabajando en la l\u00ednea primaria contra esta\npandemia y se dar\u00eda independientemente de la forma contractual en la que las y\nlos trabajadores se encuentren relacionados con el municipio.<\/p>\n\n\n\n<p>Como anticipamos en el\nplenario provincial de trabajadoras y trabajadores municipales: \u201cque no nos\ndesv\u00eden ahora el eje alegando una situaci\u00f3n de urgencia y emergencia pidiendo\nsiempre al pueblo que haga el esfuerzo; no vamos a permitir en este marco que\nse cambie el eje de la discusi\u00f3n. Nos negamos rotundamente a cualquier tipo de:<\/p>\n\n\n\n<ol class=\"wp-block-list\"><li>Reducciones salariales<\/li><li>Pagos de Salarios en Cuotas<\/li><li>Ning\u00fan tipo de rescisi\u00f3n de contratos, monotributos, jornales, ayudas sociales o becas ampar\u00e1ndonos en el Decreto Presidencial que suspende despidos por 60 d\u00edas.<\/li><\/ol>\n\n\n\n<p>Reiteramos al se\u00f1or\nintendente Luis Picat que el Decreto Presidencial dice que los trabajadores en\nning\u00fan caso deber\u00e1n sufrir consecuencias en sus haberes, puestos laborales, ni\ncontratos por los motivos de la pandemia. Y es por ello que lo instamos a\nrevertir esta medida inmediatamente. De lo contrario nos veremos obligados a\nrealizar acciones gremiales y judiciales.<\/p>\n\n\n\n<p>Las trabajadoras y\ntrabajadores no somos responsables de la crisis \u2013econ\u00f3mica, social, sanitaria-\ny no podemos afrontar los costos una vez m\u00e1s sobre nuestras espaldas. Que la\ncrisis la paguen los due\u00f1os de las grandes fortunas que sobrada espalda tienen\npara soportarla.<\/p>\n\n\n\n<p><strong>No al ajuste.<\/strong><\/p>\n\n\n\n<p class=\"has-text-align-center\"><strong>ATE Siempre Est\u00e1<\/strong><\/p>\n","protected":false},"excerpt":{"rendered":"<p>Repudiamos la decisi\u00f3n de no pagar el aumento salarial pactado y cerrado en el mes de marzo y no cambiamos reducci\u00f3n salarial por no despidos. Rechazamos, adem\u00e1s, todo intento de extorsi\u00f3n por parte del intendente Luis Picat. Desde la Asociaci\u00f3n de trabajadores del estado repudiamos y rechazamos este intento por parte del Intendente Luis Picat [&hellip;]<\/p>\n","protected":false},"author":1,"featured_media":19220,"comment_status":"open","ping_status":"open","sticky":true,"template":"","format":"standard","meta":{"_exactmetrics_skip_tracking":false,"_exactmetrics_sitenote_active":false,"_exactmetrics_sitenote_note":"","_exactmetrics_sitenote_category":0,"jnews-multi-image_gallery":[],"jnews_single_post":[],"jnews_primary_category":[],"jnews_social_meta":[],"jnews_review":[],"enable_review":"","type":"","name":"","summary":"","brand":"","sku":"","good":[],"bad":[],"score_override":"","override_value":"","rating":[],"price":[],"jnews_override_counter":[],"jnews_post_split":[],"footnotes":""},"categories":[1],"tags":[],"class_list":["post-12717","post","type-post","status-publish","format-standard","has-post-thumbnail","hentry","category-sin-categoria"],"jetpack_featured_media_url":"https:\/\/atecordoba.org\/wp-content\/uploads\/2020\/05\/logo-nuevochico-e1561581322808.png","_links":{"self":[{"href":"https:\/\/atecordoba.org\/index.php?rest_route=\/wp\/v2\/posts\/12717","targetHints":{"allow":["GET"]}}],"collection":[{"href":"https:\/\/atecordoba.org\/index.php?rest_route=\/wp\/v2\/posts"}],"about":[{"href":"https:\/\/atecordoba.org\/index.php?rest_route=\/wp\/v2\/types\/post"}],"author":[{"embeddable":true,"href":"https:\/\/atecordoba.org\/index.php?rest_route=\/wp\/v2\/users\/1"}],"replies":[{"embeddable":true,"href":"https:\/\/atecordoba.org\/index.php?rest_route=%2Fwp%2Fv2%2Fcomments&post=12717"}],"version-history":[{"count":1,"href":"https:\/\/atecordoba.org\/index.php?rest_route=\/wp\/v2\/posts\/12717\/revisions"}],"predecessor-version":[{"id":18395,"href":"https:\/\/atecordoba.org\/index.php?rest_route=\/wp\/v2\/posts\/12717\/revisions\/18395"}],"wp:featuredmedia":[{"embeddable":true,"href":"https:\/\/atecordoba.org\/index.php?rest_route=\/wp\/v2\/media\/19220"}],"wp:attachment":[{"href":"https:\/\/atecordoba.org\/index.php?rest_route=%2Fwp%2Fv2%2Fmedia&parent=12717"}],"wp:term":[{"taxonomy":"category","embeddable":true,"href":"https:\/\/atecordoba.org\/index.php?rest_route=%2Fwp%2Fv2%2Fcategories&post=12717"},{"taxonomy":"post_tag","embeddable":true,"href":"https:\/\/atecordoba.org\/index.php?rest_route=%2Fwp%2Fv2%2Ftags&post=12717"}],"curies":[{"name":"wp","href":"https:\/\/api.w.org\/{rel}","templated":true}]}}