{"id":12714,"date":"2020-04-16T11:45:09","date_gmt":"2020-04-16T14:45:09","guid":{"rendered":"https:\/\/www.atecordoba.org\/?p=12714"},"modified":"2020-05-05T09:09:44","modified_gmt":"2020-05-05T12:09:44","slug":"ate-adhiere-al-reclamo-de-organizaciones-culturales","status":"publish","type":"post","link":"https:\/\/atecordoba.org\/?p=12714","title":{"rendered":"ATE adhiere al reclamo de organizaciones culturales"},"content":{"rendered":"\n<p><em>El sindicato hace suya la preocupaci\u00f3n de artistas y trabajadoras y trabajadores de la cultura ante la falta de &#8220;acciones consistentes desde el Estado para enfrentar la crisis de nuestros sectores&#8221;. Comunicado completo aqu\u00ed.<\/em><\/p>\n\n\n\n<div class=\"wp-block-image\"><figure class=\"aligncenter size-large is-resized\"><img loading=\"lazy\" decoding=\"async\" src=\"http:\/\/atecordoba.org\/wp-content\/uploads\/2020\/05\/musico-trabajador-trabajadores-de-la-cultura-775x517-1.jpg\" alt=\"\" class=\"wp-image-12715\" width=\"363\" height=\"241\"\/><\/figure><\/div>\n\n\n\n<h4 class=\"has-text-align-center wp-block-heading\"><strong>Frente de trabajadores de la cultura. <\/strong><br><strong>La cultura en emergencia<\/strong>.<\/h4>\n\n\n\n<p>Las personas trabajadoras de la cultura, agrupados en \u00e9ste Frente, representadas por colectivos, asociaciones, movimientos y sindicatos solicitamos al Estado canales de di\u00e1logo fluidos para hacer frente a la crisis social y econ\u00f3mica desatada a causa de la situaci\u00f3n sanitaria del pa\u00eds y\u00a0 las medidas de distanciamiento social, preventivo y obligatorio,\u00a0propuestas para contenerla.<\/p>\n\n\n\n<p>Creemos que la salud y el bienestar de nuestro pueblo son el bien m\u00e1s preciado, pero no podemos dejar de evidenciar la precariedad social, econ\u00f3mica y laboral en la que nos encontramos miles de personas artistas y trabajadoras de la cultura, que hoy y por mucho tiempo m\u00e1s, no podremos generar nuestro sustento vital por la imposibilidad de generar ingresos con nuestras actividades y producciones culturales.<\/p>\n\n\n\n<p>Nuestra realidad no escapa a la de miles de personas en el pa\u00eds que, como nosotras, vive en la precariedad, y \u00e9sto es as\u00ed porque los artistas y creadores populares compartimos el mismo destino del pueblo que conformamos, pero nos preocupa que a\u00fan no se hayan tomado acciones consistentes desde el Estado para enfrentar la crisis de nuestros sectores, siendo que muchas veces se nos nombra y convoca como el valor m\u00e1s importante de nuestra identidad pero que hoy no se ve reflejada en acciones concretas.<\/p>\n\n\n\n<p>Sabemos que la crisis generalizada complica las acciones de ayuda y es por eso que instamos a todos los estamentos del Estado a planificar acciones conjuntas con nuestras organizaciones para salvar la urgencia del presente, planear acciones para mitigar la ca\u00edda econ\u00f3mica venidera en el futuro cercano y trabajar para que m\u00e1s temprano que tarde existan leyes que reconozcan derechos como trabajadoras y nos contemplen en casos de emergencias.<\/p>\n\n\n\n<p>Compartimos la idea que hay que empezar por las \u00faltimas, aquellas personas que est\u00e1n peor, y que en nuestros sectores somos muchas, porque si bien habr\u00e1 algunas personas mas reconocidas que podr\u00e1n afrontar y aguantar mejor la crisis, la gran mayor\u00eda vivimos del ingreso cotidiano generado por nuestras producciones. Por \u00e9sto tambi\u00e9n, creemos que los empresarios de la industria cultural pueden esperar y sostener a sus trabajadorxs con las ganancias acumuladas durante a\u00f1os por exenciones impositivas, leyes y apoyos del estado<strong>.&nbsp;<\/strong>Asimismo decimos que no son nuestros voceros ni representantes, y que las organizaciones colectivas aqu\u00ed reunidas son los representantes naturales y elegidos para reclamar y exigir las mejoras y el apoyo de los distintos estamentos institucionales, as\u00ed como a los propios empresarios para lograr paliar esta crisis .&nbsp;<\/p>\n\n\n\n<p>Somos nosotras, las personas trabajadoras de la cultura, quienes organizadas de las formas m\u00e1s diversas y afines a nuestros objetivos art\u00edsticos culturales, que mediante reconocimiento de representaci\u00f3n en las Leyes Provinciales y\/o Nacionales, ya sean como asociaciones, cooperativas, sindicatos, agrupaciones y\/o independientes, que conocemos los modos de producci\u00f3n, intereses y sustentabilidad del dia a dia de las trabajadoras de la cultura<em>.<\/em><\/p>\n\n\n\n<p><strong>Es por esto que proponemos como medida urgente resolver los siguientes puntos:<\/strong><\/p>\n\n\n\n<ul class=\"wp-block-list\"><li><strong>Inclusi\u00f3n de representantes en el Consejo Social de la Municipalidad de C\u00f3rdoba y en el Comit\u00e9 de Crisis Provincial para poder coordinar la ayuda vital a cientos de personas en todo el territorio provincial que hoy se ven en riesgo alimentario, mediante el Ministerio de Desarrollo Social de la Provincia de C\u00f3rdoba.<\/strong><\/li><li><strong>Generar una mesa de di\u00e1logo con las autoridades de Cultura provincial, coordinada con todos los municipios, para crear programas de emergencia de apoyo a la creaci\u00f3n cultural y al sostenimiento de los programas culturales comunitarios.<\/strong><\/li><li><strong>Coordinaci\u00f3n con las autoridades de cultura para concertar acciones con el Gobierno Nacional y los Institutos de Promoci\u00f3n Correspondientes.&nbsp;<\/strong><\/li><\/ul>\n\n\n\n<p>Invitamos a todas las personas trabajadoras de la cultura a conformar este Frente para unificar nuestros reclamos y trabajar desde las bases en pol\u00edticas para nuestros sectores, porque creemos que \u00e9sta crisis es la oportunidad para dar el valor que merecen las producciones culturales,&nbsp; populares, comunitarias , independientes y de peque\u00f1a y mediana escala, que son el sustento de miles de personas, y adem\u00e1s somos quienes aportamos a construir la identidad ciudadana, sociocultural inclusiva de nuestra Regi\u00f3n, Ciudad, Provincia y Naci\u00f3n.<\/p>\n\n\n\n<p><strong>Convocan:<\/strong><br>&#8211; Sindicato de M\u00fasicos de la Provincia de C\u00f3rdoba (Personer\u00eda Gremial 546\/62)<br>&#8211; SONAR Asociaci\u00f3n Civil de Musicxs de C\u00f3rdoba<br>&#8211; UDAIC (Uni\u00f3n de Artesanos Independientes de C\u00f3rdoba) (Personer\u00eda Jur\u00eddica 182 \u201cA\u201d\/84)<br>&#8211; Multisectorial Cultura P\u00fablica<br>&#8211; Teatristas en Acci\u00f3n<br>&#8211; Asociaci\u00f3n Civil Almazenna, Centro de Investigaciones Expresivas y Biblioteca Popular\u00a0\u00a0(Personer\u00eda Jur\u00eddica 101\u201dA\u201d\/02\u00a0 )<br>&#8211; Red de Salas de Teatro Independiente de C\u00f3rdoba<br>&#8211; Mesa de Trabajo por los Derechos Humanos de C\u00f3rdoba<br>&#8211; Red de Orquestas Barriales de C\u00f3rdoba<br>&#8211; Feria Artesanal Paseo de las Artes (\u00a0 Decreto 2411\/81)<br>&#8211; ARPA &#8211; Asociaci\u00f3n de Artesanos Paseo de las\u00a0 Artes ( Personer\u00eda Jur\u00eddica 117 \u201cA\u201d\/83<strong>)<br><\/strong>&#8211;\u00a0Colectivo El Eternauta &#8211; Asociaci\u00f3n Civil (Resoluci\u00f3n 267 C \/19)<br>&#8211; Casa Grote &#8211; Espacio Cultural<br>&#8211; F.A.A.L (Frente de Artesanos y Artistas en Lucha , C\u00f3rdoba)<br>&#8211; Colectivo de Cineastas de C\u00f3rdoba &#8211; CCC<br>&#8211; Asociaci\u00f3n Teatro La Cochera<\/p>\n\n\n\n<p><strong>Adhieren:<\/strong><br>&#8211; CGT Regional C\u00f3rdoba<br>&#8211; CTAA (Central de Trabajadores de la Argentina Aut\u00f3noma Pcia. de C\u00f3rdoba)<br>&#8211; ATE (Asociaci\u00f3n de Trabajadores del Estado Provincia de C\u00f3rdoba)<br>&#8211; FAM &#8211; Federaci\u00f3n Argentina de M\u00fasicos<br>&#8211; Sindicato de Luz y Fuerza de C\u00f3rdoba<br>&#8211; SADOP C\u00f3rdoba (Sindicato Argentino de Docentes Privados)<br>&#8211; SATSAID Seccional C\u00f3rdoba (Sindicato Argentino de Televisi\u00f3n, Servicios Audiovisuales,<br>Interactivos y de Datos)<br>-Union Obrera Gr\u00e1fica de C\u00f3rdoba<br>&#8211; SIVENDIA &#8211; Sindicato de Vendedores de Diarios, Revistas y Afines de C\u00f3rdoba<br>&#8211; SELC &#8211; Sindicato de Empleados Legislativos de C\u00f3rdoba<br>&#8211; DIVAC (Diversidades Audiovisuales C\u00f3rdoba)<br>&#8211; ACCOR (Asociaci\u00f3n de Cineastas de C\u00f3rdoba)<br>&#8211; UNIMA C\u00f3rdoba<br>&#8211; Asociaci\u00f3n Civil Mirada Diversa de Cultura LGBT<br>&#8211; FUMUPROS &#8211; (Fundaci\u00f3n de M\u00fasicos con Prop\u00f3sito Solidario)<br>&#8211; Asociaci\u00f3n Civil Macuca<br>&#8211; Asociaci\u00f3n Civil Summa Humanitas<br>&#8211; Asociaci\u00f3n Civil Semilla del Sur<br>&#8211; Facultad de Artes UNC &#8211; Prosecretar\u00eda de Egresados<br>&#8211; ICA (Instituto de Cultura Afrobrasilera)<br>&#8211; Feria de Artes Pl\u00e1sticas<br>&#8211; Feria de Plantas Paseo de las Artes<br>&#8211; Feria del Ni\u00f1o<br>&#8211; Interferias (Feria Artesanal Laprida, Feria Manjares y Dulzuras, Feria la Ca\u00f1ada, Paseo de la<br>Esquina e independientes de la feria del Ni\u00f1o)<br>&#8211; Feria de las Culturas Villa General Belgrano<br>&#8211; Centro Cultural Villa El Libertador (Personer\u00eda 274&#8243;A&#8221;\/04)<br>&#8211; Centro Cultural N\u00e9stor Carlos Kirchner<br>&#8211; Centro Cultural Discepol\u00edn<br>&#8211; Murga Los Escandalosos de Rosedal<br>&#8211; Murga Los Infernales<br>&#8211; Mesa Afro C\u00f3rdoba<br>&#8211; Colectivo de Educadorxs Desde el Sur<br>&#8211; Casa de Los Trabajadores C\u00f3rdoba<br>&#8211; Espacio Imbala\u00ea<br>&#8211; Espacio Cultural de Libre Vuelo<br>&#8211; Tsunami Tango<br>&#8211; Ulularia Teatro<br>&#8211; Grupo de Teatro y T\u00edteres Banda Caminantes<br>&#8211; &#8220;Shuto Laboratorio Arte&#8221;<br>&#8211; Cruzando El tiempo Producciones<br>&#8211; Mesa de Trabajo por el Cine Social y Comunitario de C\u00f3rdoba<br>&#8211; ACORDAF &#8211; Asociacion Cordobesa de la Danza Folkl\u00f3rica<br>&#8211; Centro Cultural El Juntadero<\/p>\n\n\n\n<p><strong>Contactos:&nbsp;<\/strong><a href=\"mailto:trabajadoresculturacba@gmail.com\"><strong>trabajadoresculturacba@gmail.com<\/strong><\/a><\/p>\n\n\n\n<p><strong>Artemia Barrionuevo: 351 7048005<\/strong><br><strong>Victor Garay: 351 3012613<\/strong><br><strong>Romina Primo: 351 3284219<\/strong><\/p>\n","protected":false},"excerpt":{"rendered":"<p>El sindicato hace suya la preocupaci\u00f3n de artistas y trabajadoras y trabajadores de la cultura ante la falta de &#8220;acciones consistentes desde el Estado para enfrentar la crisis de nuestros sectores&#8221;. Comunicado completo aqu\u00ed. Frente de trabajadores de la cultura. La cultura en emergencia. Las personas trabajadoras de la cultura, agrupados en \u00e9ste Frente, representadas [&hellip;]<\/p>\n","protected":false},"author":1,"featured_media":19220,"comment_status":"open","ping_status":"open","sticky":true,"template":"","format":"standard","meta":{"_exactmetrics_skip_tracking":false,"_exactmetrics_sitenote_active":false,"_exactmetrics_sitenote_note":"","_exactmetrics_sitenote_category":0,"jnews-multi-image_gallery":[],"jnews_single_post":[],"jnews_primary_category":[],"jnews_social_meta":[],"jnews_review":[],"enable_review":"","type":"","name":"","summary":"","brand":"","sku":"","good":[],"bad":[],"score_override":"","override_value":"","rating":[],"price":[],"jnews_override_counter":[],"jnews_post_split":[],"footnotes":""},"categories":[1],"tags":[],"class_list":["post-12714","post","type-post","status-publish","format-standard","has-post-thumbnail","hentry","category-sin-categoria"],"jetpack_featured_media_url":"https:\/\/atecordoba.org\/wp-content\/uploads\/2020\/05\/logo-nuevochico-e1561581322808.png","_links":{"self":[{"href":"https:\/\/atecordoba.org\/index.php?rest_route=\/wp\/v2\/posts\/12714","targetHints":{"allow":["GET"]}}],"collection":[{"href":"https:\/\/atecordoba.org\/index.php?rest_route=\/wp\/v2\/posts"}],"about":[{"href":"https:\/\/atecordoba.org\/index.php?rest_route=\/wp\/v2\/types\/post"}],"author":[{"embeddable":true,"href":"https:\/\/atecordoba.org\/index.php?rest_route=\/wp\/v2\/users\/1"}],"replies":[{"embeddable":true,"href":"https:\/\/atecordoba.org\/index.php?rest_route=%2Fwp%2Fv2%2Fcomments&post=12714"}],"version-history":[{"count":1,"href":"https:\/\/atecordoba.org\/index.php?rest_route=\/wp\/v2\/posts\/12714\/revisions"}],"predecessor-version":[{"id":18397,"href":"https:\/\/atecordoba.org\/index.php?rest_route=\/wp\/v2\/posts\/12714\/revisions\/18397"}],"wp:featuredmedia":[{"embeddable":true,"href":"https:\/\/atecordoba.org\/index.php?rest_route=\/wp\/v2\/media\/19220"}],"wp:attachment":[{"href":"https:\/\/atecordoba.org\/index.php?rest_route=%2Fwp%2Fv2%2Fmedia&parent=12714"}],"wp:term":[{"taxonomy":"category","embeddable":true,"href":"https:\/\/atecordoba.org\/index.php?rest_route=%2Fwp%2Fv2%2Fcategories&post=12714"},{"taxonomy":"post_tag","embeddable":true,"href":"https:\/\/atecordoba.org\/index.php?rest_route=%2Fwp%2Fv2%2Ftags&post=12714"}],"curies":[{"name":"wp","href":"https:\/\/api.w.org\/{rel}","templated":true}]}}