{"id":12711,"date":"2020-04-15T14:51:03","date_gmt":"2020-04-15T17:51:03","guid":{"rendered":"https:\/\/www.atecordoba.org\/?p=12711"},"modified":"2020-05-05T09:09:44","modified_gmt":"2020-05-05T12:09:44","slug":"la-agricultura-familiar-hoy-sigue-produciendo-alimentos-reincorporacion-ya","status":"publish","type":"post","link":"https:\/\/atecordoba.org\/?p=12711","title":{"rendered":"La Agricultura Familiar hoy sigue produciendo alimentos \u00a1Reincorporaci\u00f3n ya!"},"content":{"rendered":"\n<p><em>Desde ATE SAF Agricultura Familiar expresamos nuestro compromiso frente a esta grave situaci\u00f3n de emergencia sanitaria y las medidas que se  llevan adelante desde el estado nacional para enfrentarla. En este sentido la Agricultura Familiar cumple un rol estrat\u00e9gico en la producci\u00f3n y provisi\u00f3n de alimentos sanos para el pueblo. <\/em><\/p>\n\n\n\n<figure class=\"wp-block-image size-large\"><img decoding=\"async\" src=\"http:\/\/atecordoba.org\/wp-content\/uploads\/2020\/05\/Flyer-SAF.jpg\" alt=\"\" class=\"wp-image-12712\"\/><\/figure>\n\n\n\n<p>Como trabajadorxs de la SAF desde el primer d\u00eda de cuarentena seguimos llevando adelante tareas diversas junto al sector para tratar de abastecer a la poblaci\u00f3n con alimentos frescos y sanos, como as\u00ed tambi\u00e9n trabajamos desde nuestros hogares facilitando el acceso a los beneficios puedan llegar a las familias de la agricultura familiar campesina e Ind\u00edgena. Con estas acciones ayudamos a nuestro pueblo para que no quede a merced de los grandes monopolios especuladores y de la agroindustria. <\/p>\n\n\n\n<p>Lxs trabajadorxs hacemos nuestras tareas y somos tambi\u00e9n junto a otros sectores un engranaje necesario para garantizar pol\u00edticas p\u00fablicas que se transforman en derechos para los sectores m\u00e1s postergados, como es la agricultura familiar campesina e ind\u00edgena y a nuestro pueblo trabajador. <br>El Estado es quien debe garantizar los recursos t\u00e9cnicos y log\u00edsticos, con la mayor seguridad de bioprotecci\u00f3n para lxs trabajadorxs y las familias que comercializan sus productos. Vamos as\u00ed en coordinaci\u00f3n para garantizar la soberan\u00eda alimentaria. En este contexto es urgente la priorizaci\u00f3n de los recursos para las necesidades del pueblo y no para cumplir con el pago de una  deuda usuraria.<\/p>\n\n\n\n<p>La emergencia exige disponibilidad.  Esta situaci\u00f3n emergente hace aun m\u00e1s ineludible que  hacen falta cientos de brazos  para llevar adelante estas tareas, ya que en los territorios nos encontramos con la mayor\u00eda de nuestrxs compa\u00f1erxs trabajadorxs despedidxs durante el macrismo. <br> Por eso ahora m\u00e1s que nunca exigimos la necesaria y urgente  reincorporaci\u00f3n de todxs, para abarcar a m\u00e1s familias en el menor tiempo posible en esta etapa de contenci\u00f3n y en lo que vendr\u00e1 en esta nueva etapa de cuarentena.  La reincorporaci\u00f3n inmediata  es la primera medida ineludible para comenzar a revertir esta situaci\u00f3n.<\/p>\n\n\n\n<p> Por eso exigimos: <br> \u2022    Reincorporaci\u00f3n de todxs lxs compa\u00f1erxs despedidxs !!!<br> \u2022    Recursos y Bioseguridad para nuestras tareas.<br> \u2022    Por medidas de ayuda econ\u00f3mica de emergencia especificas para la AF<br> \u2022    Priorizaci\u00f3n de los recursos para las necesidades del Pueblo, no al pago de la deuda usuraria!<\/p>\n\n\n\n<p>Porque una pol\u00edtica p\u00fablica para la Agricultura Familiar es con todxs lxs compa\u00f1erxs, nuestra lucha continua!!!<\/p>\n\n\n\n<p>Mesa de Coordinaci\u00f3n ATE SAF<br>Contactos: 3584019414 \/3751410550 \/2656410063 \/3835402866 \/2945604876<\/p>\n","protected":false},"excerpt":{"rendered":"<p>Desde ATE SAF Agricultura Familiar expresamos nuestro compromiso frente a esta grave situaci\u00f3n de emergencia sanitaria y las medidas que se llevan adelante desde el estado nacional para enfrentarla. En este sentido la Agricultura Familiar cumple un rol estrat\u00e9gico en la producci\u00f3n y provisi\u00f3n de alimentos sanos para el pueblo. Como trabajadorxs de la SAF [&hellip;]<\/p>\n","protected":false},"author":1,"featured_media":19220,"comment_status":"open","ping_status":"open","sticky":true,"template":"","format":"standard","meta":{"_exactmetrics_skip_tracking":false,"_exactmetrics_sitenote_active":false,"_exactmetrics_sitenote_note":"","_exactmetrics_sitenote_category":0,"jnews-multi-image_gallery":[],"jnews_single_post":[],"jnews_primary_category":[],"jnews_social_meta":[],"jnews_review":[],"enable_review":"","type":"","name":"","summary":"","brand":"","sku":"","good":[],"bad":[],"score_override":"","override_value":"","rating":[],"price":[],"jnews_override_counter":[],"jnews_post_split":[],"footnotes":""},"categories":[1],"tags":[],"class_list":["post-12711","post","type-post","status-publish","format-standard","has-post-thumbnail","hentry","category-sin-categoria"],"jetpack_featured_media_url":"https:\/\/atecordoba.org\/wp-content\/uploads\/2020\/05\/logo-nuevochico-e1561581322808.png","_links":{"self":[{"href":"https:\/\/atecordoba.org\/index.php?rest_route=\/wp\/v2\/posts\/12711","targetHints":{"allow":["GET"]}}],"collection":[{"href":"https:\/\/atecordoba.org\/index.php?rest_route=\/wp\/v2\/posts"}],"about":[{"href":"https:\/\/atecordoba.org\/index.php?rest_route=\/wp\/v2\/types\/post"}],"author":[{"embeddable":true,"href":"https:\/\/atecordoba.org\/index.php?rest_route=\/wp\/v2\/users\/1"}],"replies":[{"embeddable":true,"href":"https:\/\/atecordoba.org\/index.php?rest_route=%2Fwp%2Fv2%2Fcomments&post=12711"}],"version-history":[{"count":1,"href":"https:\/\/atecordoba.org\/index.php?rest_route=\/wp\/v2\/posts\/12711\/revisions"}],"predecessor-version":[{"id":18399,"href":"https:\/\/atecordoba.org\/index.php?rest_route=\/wp\/v2\/posts\/12711\/revisions\/18399"}],"wp:featuredmedia":[{"embeddable":true,"href":"https:\/\/atecordoba.org\/index.php?rest_route=\/wp\/v2\/media\/19220"}],"wp:attachment":[{"href":"https:\/\/atecordoba.org\/index.php?rest_route=%2Fwp%2Fv2%2Fmedia&parent=12711"}],"wp:term":[{"taxonomy":"category","embeddable":true,"href":"https:\/\/atecordoba.org\/index.php?rest_route=%2Fwp%2Fv2%2Fcategories&post=12711"},{"taxonomy":"post_tag","embeddable":true,"href":"https:\/\/atecordoba.org\/index.php?rest_route=%2Fwp%2Fv2%2Ftags&post=12711"}],"curies":[{"name":"wp","href":"https:\/\/api.w.org\/{rel}","templated":true}]}}