{"id":12698,"date":"2020-04-15T14:27:56","date_gmt":"2020-04-15T17:27:56","guid":{"rendered":"https:\/\/www.atecordoba.org\/?p=12698"},"modified":"2020-05-05T09:09:44","modified_gmt":"2020-05-05T12:09:44","slug":"el-estado-no-puede-seguir-mirando-para-otro-lado","status":"publish","type":"post","link":"https:\/\/atecordoba.org\/?p=12698","title":{"rendered":"El Estado no puede seguir mirando para otro lado"},"content":{"rendered":"\n<p><em>ATE C\u00f3rdoba realiz\u00f3 un pedido al Estado Nacional para la creaci\u00f3n de un subsidio para despedidos\/as en la era Macri. Adem\u00e1s, propuso la creaci\u00f3n de un fondo solidario del sindicato para atender estas situaciones.<\/em><\/p>\n\n\n\n<figure class=\"wp-block-image size-large\"><img decoding=\"async\" src=\"http:\/\/atecordoba.org\/wp-content\/uploads\/2020\/05\/Flameadora-ATE-1-1024x683.jpg\" alt=\"\" class=\"wp-image-12708\"\/><\/figure>\n\n\n\n<p>Tal lo debatido el pasado lunes 6 de abril en Teleconferencia de la Comisi\u00f3n de Relevamiento y Reincorporaci\u00f3n de trabajadores y trabajadoras despedidas\/os en la era Macri (CORREDMA), se elabor\u00f3 una nota dirigida al Jefe de Gabinete del Estado Nacional, Santiago Cafiero, en la que se solicita ayuda social para quienes el ajuste macrista impact\u00f3 en la p\u00e9rdida de su fuente de empleo p\u00fablico nacional (nota completa <a href=\"https:\/\/www.atecordoba.org\/nota-cafiero-ate-fondo-despedidos\" target=\"_blank\" rel=\"noreferrer noopener\" aria-label=\"aqu\u00ed (se abre en una nueva pesta\u00f1a)\">aqu\u00ed<\/a>).<\/p>\n\n\n\n<p>La misiva ya fue enviada por mail al correo oficial de la Jefatura de Gabinete y ha sido ingresado por mesa de entrada en Capital Federal. En la misma, adem\u00e1s, se hace menci\u00f3n a que debido a &#8220;las inclemencias del desempleo y la pobreza&#8221; a las que han sido arrojadas alrededor de 700 personas despedidas -y sus familias-, el Estado Nacional debiera componer &#8220;mesas de discusi\u00f3n de las medidas econ\u00f3micas paliativas, tanto a nivel temporal relacionadas a la pandemia, como a nivel general para revertir la situaci\u00f3n laboral de las compa\u00f1eras y compa\u00f1eras despedidos&#8221; que aguardan las reincorporaciones. El pedido, por otro lado, se fundamenta en que a la mayor\u00eda de las compa\u00f1eras\/os despedidas\/os no se les ha entregado &#8220;ninguna ayuda como la IFE ya que al haber tenido tiempo atr\u00e1s trabajo especializado en blanco, y por lo tanto un sueldo, muchos poseen vivienda propia, un auto para poder trabajar&#8221;, y esos bienes excluyen en muchos casos de la posibilidad de obtener un beneficio a pesar de encontrarse hoy sin ning\u00fan ingreso, con familia muchas veces y con deudas que afrontar.<\/p>\n\n\n\n<figure class=\"wp-block-gallery columns-3 is-cropped wp-block-gallery-1 is-layout-flex wp-block-gallery-is-layout-flex\"><ul class=\"blocks-gallery-grid\"><li class=\"blocks-gallery-item\"><figure><img decoding=\"async\" src=\"http:\/\/atecordoba.org\/wp-content\/uploads\/2020\/05\/Flameadora-ATE-1024x683.jpg\" alt=\"\" data-id=\"12702\" data-full-url=\"https:\/\/www.atecordoba.org\/wp-content\/uploads\/2020\/04\/Flameadora-ATE-scaled.jpg\" data-link=\"https:\/\/www.atecordoba.org\/?attachment_id=12702\" class=\"wp-image-12702\"\/><\/figure><\/li><li class=\"blocks-gallery-item\"><figure><img decoding=\"async\" src=\"http:\/\/atecordoba.org\/wp-content\/uploads\/2020\/05\/Ate-fabricaciones-2.jpg\" alt=\"\" data-id=\"12703\" data-full-url=\"http:\/\/atecordoba.org\/wp-content\/uploads\/2020\/05\/Ate-fabricaciones-2.jpg\" data-link=\"https:\/\/www.atecordoba.org\/?attachment_id=12703\" class=\"wp-image-12703\"\/><\/figure><\/li><li class=\"blocks-gallery-item\"><figure><img decoding=\"async\" src=\"http:\/\/atecordoba.org\/wp-content\/uploads\/2020\/05\/Enacom.jpg\" alt=\"\" data-id=\"12704\" data-full-url=\"http:\/\/atecordoba.org\/wp-content\/uploads\/2020\/05\/Enacom.jpg\" data-link=\"https:\/\/www.atecordoba.org\/?attachment_id=12704\" class=\"wp-image-12704\"\/><\/figure><\/li><li class=\"blocks-gallery-item\"><figure><img decoding=\"async\" src=\"http:\/\/atecordoba.org\/wp-content\/uploads\/2020\/05\/ministerio-de-trabajo-nacion-1.png\" alt=\"\" data-id=\"12705\" data-full-url=\"http:\/\/atecordoba.org\/wp-content\/uploads\/2020\/05\/ministerio-de-trabajo-nacion-1.png\" data-link=\"https:\/\/www.atecordoba.org\/?attachment_id=12705\" class=\"wp-image-12705\"\/><\/figure><\/li><li class=\"blocks-gallery-item\"><figure><img decoding=\"async\" src=\"http:\/\/atecordoba.org\/wp-content\/uploads\/2020\/05\/Agricultura-rural-1024x768.jpg\" alt=\"\" data-id=\"12706\" data-full-url=\"https:\/\/www.atecordoba.org\/wp-content\/uploads\/2020\/04\/Agricultura-rural.jpeg\" data-link=\"https:\/\/www.atecordoba.org\/?attachment_id=12706\" class=\"wp-image-12706\"\/><\/figure><\/li><li class=\"blocks-gallery-item\"><figure><img decoding=\"async\" src=\"http:\/\/atecordoba.org\/wp-content\/uploads\/2020\/05\/agricultura-familiar-e1515598775764.jpg\" alt=\"\" data-id=\"12707\" data-full-url=\"http:\/\/atecordoba.org\/wp-content\/uploads\/2020\/05\/agricultura-familiar-e1515598775764.jpg\" data-link=\"https:\/\/www.atecordoba.org\/?attachment_id=12707\" class=\"wp-image-12707\"\/><\/figure><\/li><\/ul><\/figure>\n\n\n\n<p><strong>Fondo Solidario CORREDMA C\u00f3rdoba<br><\/strong>Por otro lado, desde el Consejo Directivo Provincial de ATE C\u00f3rdoba, se propuso -a instancias de la misma teleconferencia de CORREDMA- la creaci\u00f3n del &#8220;Fondo Solidario CORREDMA C\u00f3rdoba&#8221;, mediante el cual afiliadas\/os activas\/os podr\u00e1n realizar donaciones a una cuenta bancaria abierta a tal fin. Lo recaudado ser\u00e1 puesto a disposici\u00f3n de aquellas personas despedidas que hayan manifestado la necesidad de contar con ese ingreso debido a que sus trabajos -mayormente informales, jornalizados, precarios- han sido seriamente afectados por el aislamiento social, preventivo y obligatorio dispuesto por el Gobierno Nacional en virtud de la pandemia de coronavirus. La disposici\u00f3n de dicho fondo durar\u00e1, al menos, mientras permanezca el aislamiento.<\/p>\n","protected":false},"excerpt":{"rendered":"<p>ATE C\u00f3rdoba realiz\u00f3 un pedido al Estado Nacional para la creaci\u00f3n de un subsidio para despedidos\/as en la era Macri. Adem\u00e1s, propuso la creaci\u00f3n de un fondo solidario del sindicato para atender estas situaciones. Tal lo debatido el pasado lunes 6 de abril en Teleconferencia de la Comisi\u00f3n de Relevamiento y Reincorporaci\u00f3n de trabajadores y [&hellip;]<\/p>\n","protected":false},"author":1,"featured_media":19220,"comment_status":"open","ping_status":"open","sticky":true,"template":"","format":"standard","meta":{"_exactmetrics_skip_tracking":false,"_exactmetrics_sitenote_active":false,"_exactmetrics_sitenote_note":"","_exactmetrics_sitenote_category":0,"jnews-multi-image_gallery":[],"jnews_single_post":[],"jnews_primary_category":[],"jnews_social_meta":[],"jnews_review":[],"enable_review":"","type":"","name":"","summary":"","brand":"","sku":"","good":[],"bad":[],"score_override":"","override_value":"","rating":[],"price":[],"jnews_override_counter":[],"jnews_post_split":[],"footnotes":""},"categories":[1],"tags":[],"class_list":["post-12698","post","type-post","status-publish","format-standard","has-post-thumbnail","hentry","category-sin-categoria"],"jetpack_featured_media_url":"https:\/\/atecordoba.org\/wp-content\/uploads\/2020\/05\/logo-nuevochico-e1561581322808.png","_links":{"self":[{"href":"https:\/\/atecordoba.org\/index.php?rest_route=\/wp\/v2\/posts\/12698","targetHints":{"allow":["GET"]}}],"collection":[{"href":"https:\/\/atecordoba.org\/index.php?rest_route=\/wp\/v2\/posts"}],"about":[{"href":"https:\/\/atecordoba.org\/index.php?rest_route=\/wp\/v2\/types\/post"}],"author":[{"embeddable":true,"href":"https:\/\/atecordoba.org\/index.php?rest_route=\/wp\/v2\/users\/1"}],"replies":[{"embeddable":true,"href":"https:\/\/atecordoba.org\/index.php?rest_route=%2Fwp%2Fv2%2Fcomments&post=12698"}],"version-history":[{"count":1,"href":"https:\/\/atecordoba.org\/index.php?rest_route=\/wp\/v2\/posts\/12698\/revisions"}],"predecessor-version":[{"id":18407,"href":"https:\/\/atecordoba.org\/index.php?rest_route=\/wp\/v2\/posts\/12698\/revisions\/18407"}],"wp:featuredmedia":[{"embeddable":true,"href":"https:\/\/atecordoba.org\/index.php?rest_route=\/wp\/v2\/media\/19220"}],"wp:attachment":[{"href":"https:\/\/atecordoba.org\/index.php?rest_route=%2Fwp%2Fv2%2Fmedia&parent=12698"}],"wp:term":[{"taxonomy":"category","embeddable":true,"href":"https:\/\/atecordoba.org\/index.php?rest_route=%2Fwp%2Fv2%2Fcategories&post=12698"},{"taxonomy":"post_tag","embeddable":true,"href":"https:\/\/atecordoba.org\/index.php?rest_route=%2Fwp%2Fv2%2Ftags&post=12698"}],"curies":[{"name":"wp","href":"https:\/\/api.w.org\/{rel}","templated":true}]}}