{"id":12694,"date":"2020-04-15T13:07:42","date_gmt":"2020-04-15T16:07:42","guid":{"rendered":"https:\/\/www.atecordoba.org\/?p=12694"},"modified":"2020-05-05T09:09:44","modified_gmt":"2020-05-05T12:09:44","slug":"despedidos-de-fadea-se-ofrecen-para-fabricar-insumos-y-mobiliario-medico","status":"publish","type":"post","link":"https:\/\/atecordoba.org\/?p=12694","title":{"rendered":"Despedidos de FAdeA se ofrecen para fabricar insumos y mobiliario m\u00e9dico"},"content":{"rendered":"\n<p><em>En un proyecto presentado a los Ministerios de Producci\u00f3n y Salud, el personal, que aguarda por las reincorporaciones, ofrece su trabajo ad-honorem para atender las demandas sanitarias.<\/em><\/p>\n\n\n\n<div class=\"wp-block-image\"><figure class=\"aligncenter size-large\"><img decoding=\"async\" src=\"http:\/\/atecordoba.org\/wp-content\/uploads\/2020\/05\/FADEA-puerta-1024x683.jpg\" alt=\"\" class=\"wp-image-12695\"\/><figcaption>Los trabajadores\/as despedidas\/os en la puerta de FAdeA el 13 de febrero.<\/figcaption><\/figure><\/div>\n\n\n\n<p>El lunes fue presentado a los Ministerios de Producci\u00f3n y de Salud de la Naci\u00f3n, un proyecto elaborado por las trabajadoras y trabajadores despedidas\/os de la F\u00e1brica Argentina de Aviones \u00abBrigadier San Mart\u00edn\u00bb S.A. (FAdeA) para la fabricaci\u00f3n, de manera gratuita y voluntaria, de  insumos y mobiliario m\u00e9dico para atenci\u00f3n de la pandemia.<br>El proyecto se basa en que, dada la demora en la reincorporaci\u00f3n formal del personal despedido, el mismo se encuentra desocupado o con buena parte de sus trabajos eventuales suspendidos debido a la pandemia. De esta forma, como decisi\u00f3n voluntaria y de manera solidaria y ad-honorem, las trabajadoras y trabajadores han decidido poner a disposici\u00f3n su mano de obra -que cuenta, en la mayor parte de los casos, con m\u00e1s de 10 a\u00f1os de trabajo en la f\u00e1brica- para producir insumos y mobiliario m\u00e9dico.<br>&#8220;En vista de la emergencia sanitaria que transitamos a nivel mundial y que afecta de manera contundente al territorio Argentino, nosotros, el personal despedido de FAdeA S.A., nucleados en la Asociaci\u00f3n de Trabajadores del Estado (ATE) y pertenecientes a la Comisi\u00f3n de Relevamiento y Reincorporaci\u00f3n de los Trabajadores y Trabajadoras Despedidos en la Era Macri (CORREDMA), presentamos este proyecto de fabricaci\u00f3n de insumos y mobiliario m\u00e9dico&#8221;, expresan en las primeras p\u00e1ginas del proyecto mencionado. Vale recordar que, durante el gobierno de Mauricio Macri, en FAdeA se despidieron a alrededor de 300 trabajadoras y trabajadores de la f\u00e1brica insignia de la industria aeron\u00e1utica nacional y latinoamericana.<\/p>\n\n\n\n<div class=\"wp-block-image\"><figure class=\"aligncenter size-large\"><img decoding=\"async\" src=\"http:\/\/atecordoba.org\/wp-content\/uploads\/2020\/05\/FADEA-1024x768.jpg\" alt=\"\" class=\"wp-image-12696\"\/><figcaption> Los trabajadores\/as despedidas\/os en la puerta de FAdeA el 13 de febrero. <\/figcaption><\/figure><\/div>\n\n\n\n<p><strong>El Proyecto<br><\/strong>En el proyecto de 40 p\u00e1ginas se hace una propuesta pormenorizada de cada elemento a producir, as\u00ed como de los lugares espec\u00edficos de la F\u00e1brica donde se realizar\u00edan, los procesos asociados a cada uno y dem\u00e1s \u00edtems de log\u00edstica y distribuci\u00f3n de los mismos. <br>El personal despedido durante la era Macri, propone realizar las tareas en FAdeA, debido a que la f\u00e1brica &#8220;posee tanto espacios acordes para llevar a cabo estas actividades, y cuenta con los servicios esenciales, la maquinaria y herramientas, para la producci\u00f3n en masa de Elementos de Vestimenta y Protecci\u00f3n Personal (Barbijos, cofias, cubre botas y batas quir\u00fargicas) y de Mobiliario M\u00e9dico (camillas de atenci\u00f3n de pacientes, camas de campa\u00f1a para internaci\u00f3n de pacientes, porta sueros, biombos separadores&#8221;, consignaron. &#8220;Las actividades estar\u00edan concentraran en del pabell\u00f3n F8, en el cual se encuentran los talleres de Estructura (para la realizaci\u00f3n de trabajos de herrer\u00eda y estructuras met\u00e1licas) y de Paraca\u00eddas\/Fundas (para la realizaci\u00f3n de trabajos textiles y de tapicer\u00eda)&#8221;, propusieron y espeficaron que de esta forma no se interrumpir\u00eda &#8220;el normal desarrollo de las actividades de la empresa, adem\u00e1s que log\u00edsticamente se podr\u00eda desarrollar un solo dep\u00f3sito para el almacenamiento de todos los elementos fabricados. Ello permitir\u00eda que los veh\u00edculos de traslado de la producci\u00f3n puedan manejarse de una manera m\u00e1s efectiva&#8221;, propusieron.<br>Las trabajadoras y trabajadores aguardan una respuesta de las autoridades al respecto del proyecto presentado y contin\u00faan reclamando, en conjunto con ATE, por la reincorporaci\u00f3n de todas y cada una de las personas que fueron dejadas sin trabajo durante el desguace macrista de todo el aparato productivo nacional.<\/p>\n","protected":false},"excerpt":{"rendered":"<p>En un proyecto presentado a los Ministerios de Producci\u00f3n y Salud, el personal, que aguarda por las reincorporaciones, ofrece su trabajo ad-honorem para atender las demandas sanitarias. El lunes fue presentado a los Ministerios de Producci\u00f3n y de Salud de la Naci\u00f3n, un proyecto elaborado por las trabajadoras y trabajadores despedidas\/os de la F\u00e1brica Argentina [&hellip;]<\/p>\n","protected":false},"author":1,"featured_media":19220,"comment_status":"open","ping_status":"open","sticky":true,"template":"","format":"standard","meta":{"_exactmetrics_skip_tracking":false,"_exactmetrics_sitenote_active":false,"_exactmetrics_sitenote_note":"","_exactmetrics_sitenote_category":0,"jnews-multi-image_gallery":[],"jnews_single_post":[],"jnews_primary_category":[],"jnews_social_meta":[],"jnews_review":[],"enable_review":"","type":"","name":"","summary":"","brand":"","sku":"","good":[],"bad":[],"score_override":"","override_value":"","rating":[],"price":[],"jnews_override_counter":[],"jnews_post_split":[],"footnotes":""},"categories":[1],"tags":[],"class_list":["post-12694","post","type-post","status-publish","format-standard","has-post-thumbnail","hentry","category-sin-categoria"],"jetpack_featured_media_url":"https:\/\/atecordoba.org\/wp-content\/uploads\/2020\/05\/logo-nuevochico-e1561581322808.png","_links":{"self":[{"href":"https:\/\/atecordoba.org\/index.php?rest_route=\/wp\/v2\/posts\/12694","targetHints":{"allow":["GET"]}}],"collection":[{"href":"https:\/\/atecordoba.org\/index.php?rest_route=\/wp\/v2\/posts"}],"about":[{"href":"https:\/\/atecordoba.org\/index.php?rest_route=\/wp\/v2\/types\/post"}],"author":[{"embeddable":true,"href":"https:\/\/atecordoba.org\/index.php?rest_route=\/wp\/v2\/users\/1"}],"replies":[{"embeddable":true,"href":"https:\/\/atecordoba.org\/index.php?rest_route=%2Fwp%2Fv2%2Fcomments&post=12694"}],"version-history":[{"count":1,"href":"https:\/\/atecordoba.org\/index.php?rest_route=\/wp\/v2\/posts\/12694\/revisions"}],"predecessor-version":[{"id":18410,"href":"https:\/\/atecordoba.org\/index.php?rest_route=\/wp\/v2\/posts\/12694\/revisions\/18410"}],"wp:featuredmedia":[{"embeddable":true,"href":"https:\/\/atecordoba.org\/index.php?rest_route=\/wp\/v2\/media\/19220"}],"wp:attachment":[{"href":"https:\/\/atecordoba.org\/index.php?rest_route=%2Fwp%2Fv2%2Fmedia&parent=12694"}],"wp:term":[{"taxonomy":"category","embeddable":true,"href":"https:\/\/atecordoba.org\/index.php?rest_route=%2Fwp%2Fv2%2Fcategories&post=12694"},{"taxonomy":"post_tag","embeddable":true,"href":"https:\/\/atecordoba.org\/index.php?rest_route=%2Fwp%2Fv2%2Ftags&post=12694"}],"curies":[{"name":"wp","href":"https:\/\/api.w.org\/{rel}","templated":true}]}}