{"id":12677,"date":"2020-04-13T16:20:44","date_gmt":"2020-04-13T19:20:44","guid":{"rendered":"https:\/\/www.atecordoba.org\/?p=12677"},"modified":"2020-05-05T09:09:44","modified_gmt":"2020-05-05T12:09:44","slug":"ante-la-emergencia-sanitaria-se-necesitan-respuestas-urgentes-es-con-nosotras-y-nosotres","status":"publish","type":"post","link":"https:\/\/atecordoba.org\/?p=12677","title":{"rendered":"Ante la emergencia sanitaria se necesitan respuestas urgentes, es con nosotras y nosotres"},"content":{"rendered":"\n<p><em>El Departamento de G\u00e9neros y Diversidades de ATE C\u00f3rdoba elabor\u00f3 un documento que condena las consecuencias del actual momento &#8220;producido por el capitalismo global, patriarcal, colonialista y racista&#8221;. Alerta sobre &#8220;las consecuencias que la emergencia sanitaria produce en la vida de las mujeres y la poblaci\u00f3n LGTTTBI+&#8221;<\/em><\/p>\n\n\n\n<figure class=\"wp-block-image size-large\"><img decoding=\"async\" src=\"http:\/\/atecordoba.org\/wp-content\/uploads\/2020\/05\/LOGO-GENEROS-DIVERSIDADES-CORDOBA.jpg\" alt=\"\" class=\"wp-image-12679\"\/><figcaption>Documento del Departamento de G\u00e9neros y Diversidades completo, <a href=\"https:\/\/www.atecordoba.org\/wp-content\/uploads\/2020\/04\/Documento-Depto-Generos-y-Diversidades-C\u00f3rdoba.pdf\" target=\"_blank\" rel=\"noreferrer noopener\" aria-label=\"aqu\u00ed (se abre en una nueva pesta\u00f1a)\">aqu\u00ed<\/a><\/figcaption><\/figure>\n\n\n\n<p>Desde el recientemente creado Departamento de G\u00e9neros y Diversidades de ATE C\u00f3rdoba se debatio y consensu\u00f3 un documento que alerta que &#8220;se est\u00e1 ante un fen\u00f3meno producido e inherente al capitalismo global, patriarcal, colonialista y racista que sumerge a la inmensa mayor\u00eda de la poblaci\u00f3n a condiciones de vida incompatibles con pleno ejercicio de los derechos humanos&#8221;. Desde el espacio, adem\u00e1s, remarcan la importancia de &#8220;analizar las consecuencias de la emergencia sanitaria en la vida de las mujeres y la poblaci\u00f3n LGTTTBI+&#8221;.<\/p>\n\n\n\n<p>Reproducimos, a continuaci\u00f3n, el documento:<\/p>\n\n\n\n<p class=\"has-text-align-center\"><strong>Ante la emergencia sanitaria se necesitan respuestas urgentes, es con nosotras y nosotres<\/strong><\/p>\n\n\n\n<p>La pandemia desatada a nivel mundial por la aparici\u00f3n del Covid-19 ha generado una crisis sanitaria sin precedentes y ha profundizado las desigualdades de todo tipo a escala global. En Argentina que ya se encuentra con una grave crisis econ\u00f3mica y social, la pandemia ha agudizado el cuadro social de pobreza, indigencia y la afecci\u00f3n en provisi\u00f3n de servicios b\u00e1sicos para atender el hambre de vastos sectores de la poblaci\u00f3n, sumada la alarmante inestabilidad y precariedad laboral que resulta dif\u00edcil revertir luego de cuatro a\u00f1os de desguace del Estado por el gobierno macrista. Se est\u00e1 ante un fen\u00f3meno producido e inherente al capitalismo global, patriarcal, colonialista y racista que sumerge a la inmensa mayor\u00eda de la poblaci\u00f3n a condiciones de vida incompatibles con pleno ejercicio de los derechos humanos.<\/p>\n\n\n\n<p>Frente a esta cr\u00edtica situaci\u00f3n las integrantes del Departamento de G\u00e9neros y Diversidades del Consejo Directivo Provincial de ATE C\u00f3rdoba consideran necesario analizar las consecuencias de la emergencia sanitaria en la vida de las mujeres y la poblaci\u00f3n LGTTTBI+ teniendo tres ejes de an\u00e1lisis:&nbsp;<\/p>\n\n\n\n<p><strong>El primero<\/strong>, c\u00f3mo est\u00e1 afectado el Aislamiento Social Obligatorio (ASO) dispuesto por el gobierno nacional a las vida cotidiana de mujeres y personas LGTTTBI+. En ese sentido resulta alarmante el aumento de n\u00fameros de femicidios y travesticidios desde el comienzo de la cuarentena el d\u00eda 12 de marzo hasta el 4 de abril se potenciaron, produci\u00e9ndose 1 cada 29 horas en todo el territorio nacional. Superando el promedio de 2019 que se perpetraban 1 cada 31 horas. Siguiendo los datos aportados por el Observatorio de Mumal\u00e1 en 2019, el 62% de los femicidios fueron perpetrados en las viviendas de las v\u00edctimas o viviendas compartidas con victimarios y el 63% fue en manos de su pareja o ex pareja. Estos datos manifiestan que ante contextos que obligan a estar permanentemente en convivencia con violentos, en una situaci\u00f3n de aislamiento obligatorio, generan las condiciones para el aumento del grado de violencia traducida en altas tasas de femicidios y travesticidios. Frente a esta situaci\u00f3n el gobierno nacional y el provincial han reforzado los equipos que est\u00e1n frente a la atenci\u00f3n telef\u00f3nica como en las unidades judiciales para la recepci\u00f3n de dichas denuncias. En la provincia de C\u00f3rdoba, el Polo Integral de la Mujer v\u00edctima de violencia ha recibido m\u00e1s de 5000 llamadas, unas 300 llamadas diarias en promedio. De las consultas y denuncias, el 66% corresponden a violencia de g\u00e9nero, abuso sexual y violencia familiar, el 23% a violaciones a las medidas de restricci\u00f3n; un 11% a situaciones de violencia cometidas sobre terceras personas, sean vecinas, amigas o conocidas.&nbsp;<\/p>\n\n\n\n<p>Si se pone el foco en la poblaci\u00f3n LGTTTBI+, las medidas de aislamiento imposibilitan que ejerzan la prostituci\u00f3n o trabajo sexual, \u00fanica fuente de ingreso de subsistencia de gran parte de la&nbsp; personas travesti-trans. La violencia institucional se agrava y son perseguidas por las fuerzas de seguridad, principal causa de los transfemicidios. Frente a la vulnerabilidad social a la que est\u00e1 sometida esta poblaci\u00f3n es necesario generar lineamientos claros de acceso y pautas en los sistemas de salud, generar capacitaciones para los efectores a fin de remover las barreras discriminatorias que conducen&nbsp; al  incumplimiento de la Ley de Identidad de G\u00e9nero y vulneran el derecho a la identidad autopercibida.<\/p>\n\n\n\n<p>Si bien los esfuerzos y medidas tomadas por el gobierno nacional y provincial intentan dar respuesta a este flagelo desde la contenci\u00f3n, no alcanza, se deben avanzar en medidas preventivas. Se observa que a nivel de las provincias muchas no han conformado comit\u00e9s de crisis y en el caso de la conformaci\u00f3n de los Comit\u00e9s de Crisis a nivel local en la provincia de C\u00f3rdoba carecen de representaci\u00f3n las mujeres y la comunidad LGTTTBI+, por lo que obviamente las decisiones y medidas van carecer de perspectiva de g\u00e9nero. Se hace indispensable fortalecer la transversalidad de la perspectiva de g\u00e9nero en las acciones de gobierno, en donde la constituci\u00f3n de los Comit\u00e9s de Crisis, tambi\u00e9n suponga la participaci\u00f3n de todas las \u00e1reas de trabajo involucradas donde no pueden estar ausentes las organizaciones sociales y sindicales siguiendo una paridad de g\u00e9nero. Tambi\u00e9n se observa una falta de coordinaci\u00f3n interministerial (entre el nuevo Ministerio de la Mujer y el Ministerio de Seguridad y estos dos con el Ministerio de Desarrollo Social) y un abordaje integral de la problem\u00e1tica que busque romper con la matriz de violencia y de poder patriarcal que se lleva la vida de mujeres y personas LGTTTBI+.<\/p>\n\n\n\n<p><strong>El segundo,<\/strong> c\u00f3mo est\u00e1 siendo el impacto de la crisis econ\u00f3mica y sanitaria en las condiciones de trabajo de los servicios de atenci\u00f3n, declarados como actividad esencial, siendo sectores altamente femenizados y precarizados laboralmente. Los empleos precarios son los primeros que se pierden en una situaci\u00f3n de recesi\u00f3n econ\u00f3mica, y son las mujeres las que est\u00e1n sobre representadas en estos sectores. El primer escal\u00f3n de mayor afectaci\u00f3n est\u00e1n siendo las vendedoras ambulantes, la poblaci\u00f3n travesti y trans en situaci\u00f3n de prostituci\u00f3n, trabajadoras sexuales, trabajadoras de casas particulares. En segundo escal\u00f3n est\u00e1n las empleadas de empresas tercerizadas del Estado, las trabajadoras de la cultura sin contratos estables, las artesanas, cocineras, sectores de salud monotributistas como enfermeras particulares, acompa\u00f1antes terap\u00e9uticas, o psic\u00f3logas, las cuales han dejado de percibir o han mermado sensiblemente sus ingresos. En un tercer escal\u00f3n, es el caso de las trabajadoras de \u00e1reas esenciales del Estado, que siguen funcionando sin poder acogerse al asilamiento social obligatorio. Aqu\u00ed nos detendremos porque el sector sanitario argentino est\u00e1 siendo primera l\u00ednea de fuego de la pandemia. Es una tarea en su mayor\u00eda feminizada, puesto que entre el 60-70% son mujeres. Tras a\u00f1os de desfinanciamiento, la Argentina y en particular la provincia de C\u00f3rdoba enfrenta una de las peores pandemias de la que se tenga memoria sin herramientas b\u00e1sicas de protecci\u00f3n social para las y los trabajadores de la salud. La degradaci\u00f3n y desfinanciamiento refleja el desinter\u00e9s por el sistema p\u00fablico de salud con falta de personal, de insumos para la protecci\u00f3n personal, salarios hasta por debajo de la l\u00ednea de pobreza, una marcada precariedad laboral que afecta m\u00e1s a las mujeres y se siente m\u00e1s fuertemente en los sectores m\u00e1s alejados de los centros urbanos.&nbsp;<\/p>\n\n\n\n<p>El sistema de salud es uno de los compromisos asumidos por el actual gobierno nacional, haciendo una fuerte inversi\u00f3n en el sector que es valorable pero si consideramos que la pol\u00edtica de salud depende en su mayor\u00eda de los gobiernos provinciales, el panorama es alarmante. En el caso de C\u00f3rdoba, siguiendo el informe del Sistema Integrado de Informaci\u00f3n Sanitaria Argentino (Siisa), explica que el total de camas cr\u00edticas, que recibir\u00e1n pacientes con coronavirus, en la provincia de C\u00f3rdoba asciende a 1535, las cuales han prometido ser reforzadas por el gobierno provincial con 563 para llegar a un total de 2098 unidades. Pero seg\u00fan lo expresado por H\u00e9ctor Oviedo, vicepresidente del Consejo de M\u00e9dicos de la Provincia de C\u00f3rdoba en un escenario de crisis, no solo se debe contemplar la compra de camas, respiradores e insumos, sino tambi\u00e9n se debe contar con los profesionales adecuados. De este modo, en plena contingencia, la provincia de C\u00f3rdoba contar\u00eda con un m\u00e9dico por 10,6 camas, siempre que los profesionales trabajen en jornadas de ocho horas sin franco. Cuando la pandemia llegue a su pico, el 100% de las camas estar\u00e1n ocupadas por pacientes que necesitan ventilaci\u00f3n mec\u00e1nica. En ese escenario de m\u00e1xima, se recomienda 1 especialista cada 4 camas, pero solo se tendr\u00e1 una distribuci\u00f3n de un medico\/a cada 10,6 camas. La exigencia profesional superar\u00eda en un 163% del nivel recomendado. Eso supone que faltar\u00eda m\u00e1s del doble del personal.&nbsp;Por eso, resulta imperioso volver a jerarquizar el sistema de salud en provincia e instamos al Gobernador y sus funcionarios hagan los esfuerzos necesarios para llevar certidumbre a los y las trabajadoras de la primera l\u00ednea para que puedan enfrentar el pico m\u00e1s \u00e1lgido con recursos, adem\u00e1s de ser reconocidos salarialmente con el pago de una compensaci\u00f3n salarial de un sueldo m\u00e1s. Necesitamos que el personal sanitario cuente con las condiciones para dar respuestas eficientes y eficaces a la poblaci\u00f3n.<\/p>\n\n\n\n<p><strong>Tercero<\/strong>, el impacto en sectores de trabajadores y trabajadoras pertenecientes a \u00e1reas no consideradas como esenciales ha forzado situaciones laborales que profundizan las situaciones de desigualdad que la propia pandemia ocasiona. El teletrabajo tensiona la garant\u00eda de las licencias por cuidado, obliga a la recarga de doble tarea. Principalmente es el caso de las trabajadoras de la educaci\u00f3n, que en su mayor\u00eda son mujeres que tienen la tarea de \u201ctrasladar el aula a la casa\u201d generando una doble jornada laboral tanto para los docentes como para los padres\/tutores de los ni\u00f1os, ni\u00f1as y adolescentes. De la mano de esta situaci\u00f3n hay un impacto en el trabajo de cuidado, ya que el cuidado de ni\u00f1as y ni\u00f1os, personas con discapacidad y adultos mayores es una responsabilidad social asumida mayormente por mujeres por lo cual, en tiempos de aislamiento se genera una mayor presi\u00f3n y carga de tareas que antes se resolv\u00edan derivando el cuidado a otra instituci\u00f3n, persona sea familiar o una trabajadora en condiciones muchas veces de informalidad. No hay que olvidar que el cuidado es una responsabilidad social, por ende urgen pol\u00edticas de cuidado donde sea responsabilidad del Estado garantizarlas.<\/p>\n\n\n\n<p>Asimismo, las trabajadoras provinciales del Polo Integral de la Mujer v\u00edctima de violencia, hoy se encuentran asumiendo v\u00eda teletrabajo las denuncias por dem\u00e1s abultadas, sometidas a contratos precarios y sin recibir compensaci\u00f3n alguna por su trabajo esencial en tiempos de crisis sanitaria.<\/p>\n\n\n\n<p>Otra arista de esta situaci\u00f3n es el caso de las cuidadoras, las que limpian, las que cocinan, son trabajadoras que trabajar en su mayor\u00eda en la informalidad y para garantizarse los medios de subsistencia no pudieron quedarse en casa, exponi\u00e9ndose a condiciones precarias con salarios por debajo de la canasta y en condiciones laborales de riesgo, con falta de reconocimiento<\/p>\n\n\n\n<p><strong>Para finalizar<\/strong>, desde el <strong>Departamento de G\u00e9neros y Diversidades de ATE C\u00f3rdoba<\/strong> se considera que la prevenci\u00f3n y erradicaci\u00f3n de la violencia de g\u00e9nero debe ser una pol\u00edtica de Estado con presupuesto para atender esta emergencia sanitar\u00eda, econ\u00f3mica y social. Para ello se necesita la implementaci\u00f3n de pol\u00edticas p\u00fablicas cuyo lineamiento pol\u00edtico tenga claro la coordinaci\u00f3n interministerial entre niveles de gobierno e incorpore a todos los actores de la sociedad. En el marco nacional reclamamos al gobierno la suspensi\u00f3n del pago de la deuda externa y cree un gravamen a los grupos concentrados de la econom\u00eda&nbsp; como fuente central para financiar acciones de prevenci\u00f3n y atenci\u00f3n directa a la emergencia en violencia de g\u00e9nero. Se requiere avanzar con la reincorporaci\u00f3n de las compa\u00f1eras despedidas durante el macrismo en el Estado Nacional y pase a Planta Permanente de les Precarizades. Tambi\u00e9n se ampl\u00ede el Ingreso Familiar de Emergencia (IFE) a las poblaciones en situaci\u00f3n de emergencia por violencia de g\u00e9nero y poblaci\u00f3n LGTTTBI+. Se pueda hacer extensivo el reconocimiento\/bono otorgado para Trabajadores del Estado de las \u00e1reas de salud al resto de las y los trabajadores esenciales (auxiliares de educaci\u00f3n, \u00e1reas de cuidado de ni\u00f1as y ni\u00f1os y adultos mayores, \u00e1reas de atenci\u00f3n a v\u00edctimas de violencias, mantenimiento, agentes de tr\u00e1nsito) para trabajadores del Estado Nacional, provinciales y municipales.<\/p>\n\n\n\n<p>En el plano provincial y municipal, se exige el aumento del presupuesto en salud tanto para la compra de los insumos necesarios como para el pago de un salario m\u00e1s para el personal que se encuentra en la primera l\u00ednea de atenci\u00f3n de la pandemia. Reconocer como trabajo esencial al personal que est\u00e1 desempe\u00f1ando su laboral en la atenci\u00f3n de v\u00edctimas de violencia de g\u00e9nero. Se debe promover en los municipios la creaci\u00f3n de los Comit\u00e9s de Crisis cuya composici\u00f3n contemple todos los actores de sociedad y la paridad de g\u00e9nero y poblaci\u00f3n LGTTTBI+.<br><\/p>\n\n\n\n<p><strong>La Crisis no la vamos a pagar las Trabajadoras y les Trabajadores<\/strong>.<br><\/p>\n","protected":false},"excerpt":{"rendered":"<p>El Departamento de G\u00e9neros y Diversidades de ATE C\u00f3rdoba elabor\u00f3 un documento que condena las consecuencias del actual momento &#8220;producido por el capitalismo global, patriarcal, colonialista y racista&#8221;. Alerta sobre &#8220;las consecuencias que la emergencia sanitaria produce en la vida de las mujeres y la poblaci\u00f3n LGTTTBI+&#8221; Desde el recientemente creado Departamento de G\u00e9neros y [&hellip;]<\/p>\n","protected":false},"author":1,"featured_media":19220,"comment_status":"open","ping_status":"open","sticky":true,"template":"","format":"standard","meta":{"_exactmetrics_skip_tracking":false,"_exactmetrics_sitenote_active":false,"_exactmetrics_sitenote_note":"","_exactmetrics_sitenote_category":0,"jnews-multi-image_gallery":[],"jnews_single_post":[],"jnews_primary_category":[],"jnews_social_meta":[],"jnews_review":[],"enable_review":"","type":"","name":"","summary":"","brand":"","sku":"","good":[],"bad":[],"score_override":"","override_value":"","rating":[],"price":[],"jnews_override_counter":[],"jnews_post_split":[],"footnotes":""},"categories":[1],"tags":[],"class_list":["post-12677","post","type-post","status-publish","format-standard","has-post-thumbnail","hentry","category-sin-categoria"],"jetpack_featured_media_url":"https:\/\/atecordoba.org\/wp-content\/uploads\/2020\/05\/logo-nuevochico-e1561581322808.png","_links":{"self":[{"href":"https:\/\/atecordoba.org\/index.php?rest_route=\/wp\/v2\/posts\/12677","targetHints":{"allow":["GET"]}}],"collection":[{"href":"https:\/\/atecordoba.org\/index.php?rest_route=\/wp\/v2\/posts"}],"about":[{"href":"https:\/\/atecordoba.org\/index.php?rest_route=\/wp\/v2\/types\/post"}],"author":[{"embeddable":true,"href":"https:\/\/atecordoba.org\/index.php?rest_route=\/wp\/v2\/users\/1"}],"replies":[{"embeddable":true,"href":"https:\/\/atecordoba.org\/index.php?rest_route=%2Fwp%2Fv2%2Fcomments&post=12677"}],"version-history":[{"count":1,"href":"https:\/\/atecordoba.org\/index.php?rest_route=\/wp\/v2\/posts\/12677\/revisions"}],"predecessor-version":[{"id":18415,"href":"https:\/\/atecordoba.org\/index.php?rest_route=\/wp\/v2\/posts\/12677\/revisions\/18415"}],"wp:featuredmedia":[{"embeddable":true,"href":"https:\/\/atecordoba.org\/index.php?rest_route=\/wp\/v2\/media\/19220"}],"wp:attachment":[{"href":"https:\/\/atecordoba.org\/index.php?rest_route=%2Fwp%2Fv2%2Fmedia&parent=12677"}],"wp:term":[{"taxonomy":"category","embeddable":true,"href":"https:\/\/atecordoba.org\/index.php?rest_route=%2Fwp%2Fv2%2Fcategories&post=12677"},{"taxonomy":"post_tag","embeddable":true,"href":"https:\/\/atecordoba.org\/index.php?rest_route=%2Fwp%2Fv2%2Ftags&post=12677"}],"curies":[{"name":"wp","href":"https:\/\/api.w.org\/{rel}","templated":true}]}}