{"id":12640,"date":"2020-04-13T12:57:04","date_gmt":"2020-04-13T15:57:04","guid":{"rendered":"https:\/\/www.atecordoba.org\/?p=12640"},"modified":"2020-05-05T09:09:44","modified_gmt":"2020-05-05T12:09:44","slug":"la-pandemia-desnuda-la-precaria-situacion-de-lxs-jubiladxs","status":"publish","type":"post","link":"https:\/\/atecordoba.org\/?p=12640","title":{"rendered":"&#8220;La pandemia desnuda la precaria situaci\u00f3n de lxs jubiladxs&#8221;"},"content":{"rendered":"\n<p><em>La Seccional ATE R\u00edo Cuarto, junto al Centro de Jubilados local, realizaron la entrega de los m\u00f3dulos alimentarios mensuales para afiliados Jubilados y Jubiladas del sindicato. En total fueron dispuestas 45 asistencias para adultos mayores que, casi en su totalidad, cobran la jubilaci\u00f3n m\u00ednima.<\/em><\/p>\n\n\n\n<figure class=\"wp-block-image size-large\"><img decoding=\"async\" src=\"http:\/\/atecordoba.org\/wp-content\/uploads\/2020\/05\/IMG-20200411-WA0049-1024x768.jpg\" alt=\"\" class=\"wp-image-12645\"\/><\/figure>\n\n\n\n<p>&#8220;Hoy la pandemia desnuda una vez m\u00e1s la precaria situaci\u00f3n de las jubiladas y jubilados, de las barriadas m\u00e1s humildes, donde la pobreza puede llevar a la muerte&#8221;, alert\u00f3 Rafaela Alcoba, Secretaria General de ATE R\u00edo Cuarto. &#8220;Nos encontramos con adultos mayores con un alto grado de nostalgia, con una soledad que la emergencia sanitaria, en muchos casos, no todos, ha profundizado&#8221;, remarc\u00f3 Alcoba.<\/p>\n\n\n\n<p>&#8220;Nuestro compromiso va a ser siempre estar del lado de quienes m\u00e1s lo necesitan y los adultos mayores que cobran la m\u00ednima, claramente ocupan est\u00e1 lugar&#8221;, menciono la Secretaria General de los y las Estatales de R\u00edo Cuarto y zona.<\/p>\n\n\n\n<figure class=\"wp-block-gallery columns-3 is-cropped wp-block-gallery-1 is-layout-flex wp-block-gallery-is-layout-flex\"><ul class=\"blocks-gallery-grid\"><li class=\"blocks-gallery-item\"><figure><img decoding=\"async\" src=\"http:\/\/atecordoba.org\/wp-content\/uploads\/2020\/05\/IMG-20200411-WA0050-1024x768.jpg\" alt=\"\" data-id=\"12643\" data-link=\"https:\/\/www.atecordoba.org\/?attachment_id=12643\" class=\"wp-image-12643\"\/><\/figure><\/li><li class=\"blocks-gallery-item\"><figure><img decoding=\"async\" src=\"http:\/\/atecordoba.org\/wp-content\/uploads\/2020\/05\/IMG-20200411-WA0048-1-1024x768.jpg\" alt=\"\" data-id=\"12644\" data-link=\"https:\/\/www.atecordoba.org\/?attachment_id=12644\" class=\"wp-image-12644\"\/><\/figure><\/li><li class=\"blocks-gallery-item\"><figure><img decoding=\"async\" src=\"http:\/\/atecordoba.org\/wp-content\/uploads\/2020\/05\/IMG-20200411-WA0051-1-1024x768.jpg\" alt=\"\" data-id=\"12646\" data-full-url=\"https:\/\/www.atecordoba.org\/wp-content\/uploads\/2020\/04\/IMG-20200411-WA0051-1.jpg\" data-link=\"https:\/\/www.atecordoba.org\/?attachment_id=12646\" class=\"wp-image-12646\"\/><\/figure><\/li><\/ul><\/figure>\n\n\n\n<p>Por su parte, Federico Giuliani, Secretario General de ATE C\u00f3rdoba, destac\u00f3 &#8220;la solidaridad y el compromiso de mis compa\u00f1eros y compa\u00f1eras para hacer llegar el Bols\u00f3n a cada domicilio para que lxs compa\u00f1erxs jubiladxs no salgan de sus casas&#8221;. &#8220;Me comentaba Rafaela, nuestra Secretaria General de la Seccional, que en el recorrido se encontraron con muchxs compas jubiladxs con mucha angustia por esta situaci\u00f3n de aislamiento obligatorio que estamos viviendo debido a la Pandemia. Inmediatamente se puso en marcho un Convenio con una Red de Psic\u00f3logos que va a brindar apoyo a profesional a trav\u00e9s de llamadas y en el caso que ses necesario tambi\u00e9n de manera presencial&#8221;, informo Giuliani.<\/p>\n\n\n\n<p>En caso de que necesites acompa\u00f1amiento o conozcas a alg\u00fan adulto mayor del Centro de Jubilados que lo necesite, comunicarse con el 0358-155488403<\/p>\n","protected":false},"excerpt":{"rendered":"<p>La Seccional ATE R\u00edo Cuarto, junto al Centro de Jubilados local, realizaron la entrega de los m\u00f3dulos alimentarios mensuales para afiliados Jubilados y Jubiladas del sindicato. En total fueron dispuestas 45 asistencias para adultos mayores que, casi en su totalidad, cobran la jubilaci\u00f3n m\u00ednima. &#8220;Hoy la pandemia desnuda una vez m\u00e1s la precaria situaci\u00f3n de [&hellip;]<\/p>\n","protected":false},"author":1,"featured_media":19220,"comment_status":"open","ping_status":"open","sticky":true,"template":"","format":"standard","meta":{"_exactmetrics_skip_tracking":false,"_exactmetrics_sitenote_active":false,"_exactmetrics_sitenote_note":"","_exactmetrics_sitenote_category":0,"jnews-multi-image_gallery":[],"jnews_single_post":[],"jnews_primary_category":[],"jnews_social_meta":[],"jnews_review":[],"enable_review":"","type":"","name":"","summary":"","brand":"","sku":"","good":[],"bad":[],"score_override":"","override_value":"","rating":[],"price":[],"jnews_override_counter":[],"jnews_post_split":[],"footnotes":""},"categories":[1],"tags":[],"class_list":["post-12640","post","type-post","status-publish","format-standard","has-post-thumbnail","hentry","category-sin-categoria"],"jetpack_featured_media_url":"https:\/\/atecordoba.org\/wp-content\/uploads\/2020\/05\/logo-nuevochico-e1561581322808.png","_links":{"self":[{"href":"https:\/\/atecordoba.org\/index.php?rest_route=\/wp\/v2\/posts\/12640","targetHints":{"allow":["GET"]}}],"collection":[{"href":"https:\/\/atecordoba.org\/index.php?rest_route=\/wp\/v2\/posts"}],"about":[{"href":"https:\/\/atecordoba.org\/index.php?rest_route=\/wp\/v2\/types\/post"}],"author":[{"embeddable":true,"href":"https:\/\/atecordoba.org\/index.php?rest_route=\/wp\/v2\/users\/1"}],"replies":[{"embeddable":true,"href":"https:\/\/atecordoba.org\/index.php?rest_route=%2Fwp%2Fv2%2Fcomments&post=12640"}],"version-history":[{"count":1,"href":"https:\/\/atecordoba.org\/index.php?rest_route=\/wp\/v2\/posts\/12640\/revisions"}],"predecessor-version":[{"id":18430,"href":"https:\/\/atecordoba.org\/index.php?rest_route=\/wp\/v2\/posts\/12640\/revisions\/18430"}],"wp:featuredmedia":[{"embeddable":true,"href":"https:\/\/atecordoba.org\/index.php?rest_route=\/wp\/v2\/media\/19220"}],"wp:attachment":[{"href":"https:\/\/atecordoba.org\/index.php?rest_route=%2Fwp%2Fv2%2Fmedia&parent=12640"}],"wp:term":[{"taxonomy":"category","embeddable":true,"href":"https:\/\/atecordoba.org\/index.php?rest_route=%2Fwp%2Fv2%2Fcategories&post=12640"},{"taxonomy":"post_tag","embeddable":true,"href":"https:\/\/atecordoba.org\/index.php?rest_route=%2Fwp%2Fv2%2Ftags&post=12640"}],"curies":[{"name":"wp","href":"https:\/\/api.w.org\/{rel}","templated":true}]}}