{"id":12637,"date":"2020-04-09T17:56:57","date_gmt":"2020-04-09T20:56:57","guid":{"rendered":"https:\/\/www.atecordoba.org\/?p=12637"},"modified":"2020-05-05T09:09:44","modified_gmt":"2020-05-05T12:09:44","slug":"se-reunio-el-comite-ejecutivo-de-clate","status":"publish","type":"post","link":"https:\/\/atecordoba.org\/?p=12637","title":{"rendered":"Se reuni\u00f3 el Comit\u00e9 Ejecutivo de CLATE"},"content":{"rendered":"\n<p><em>Con la presencia de m\u00e1s de 30 dirigentes de 14 pa\u00edses de Am\u00e9rica  Latina  y el Caribe se realiz\u00f3 ayer por la tarde la primera reuni\u00f3n del Comit\u00e9  Ejecutivo de la CLATE de manera virtual.  <\/em><\/p>\n\n\n\n<figure class=\"wp-block-image\"><img decoding=\"async\" src=\"http:\/\/atecordoba.org\/wp-content\/uploads\/2020\/05\/WhatsApp-Image-2020-04-09-at-14.01.51.jpg\" alt=\"\"\/><\/figure>\n\n\n\n<p>Durante m\u00e1s de cuatro horas, los y las representantes sindicales de las organizaciones que  integran la Confederaci\u00f3n brindaron un detallado informe de situaci\u00f3n  sobre los alcances de la Pandemia y el trabajo que realizan los y las  estatales frente a esta crisis sanitaria en la Regi\u00f3n.<\/p>\n\n\n\n<p>A trav\u00e9s de una plataforma de reuniones virtuales, la CLATE realiz\u00f3 \nayer su primera experiencia de encuentro virtual de su Comit\u00e9 Ejecutivo \npara analizar el estado de situaci\u00f3n de cada uno de los pa\u00edses miembro \nfrente a la crisis sanitaria provocada por el nuevo coronavirus \nCovid-19.<\/p>\n\n\n\n<figure class=\"wp-block-image\"><img decoding=\"async\" src=\"http:\/\/atecordoba.org\/wp-content\/uploads\/2020\/05\/julio2.png\" alt=\"\" class=\"wp-image-21951\"\/><figcaption><em>Julio Fuentes, Presidente de la CLATE, encabez\u00f3 la reuni\u00f3n del Comit\u00e9 Ejecutivo.<\/em><\/figcaption><\/figure>\n\n\n\n<p>Conducida por su Presidente, Julio Fuentes, y con la presencia de dos\n vicepresidentes de la organizaci\u00f3n, Jo\u00e3o Domingos Gomes Dos Santos \n(CSPB \u2013 Brasil) y Percy Oyola Paloma (UTRADEC \u2013 Colombia) y de su \nsecretario general, Mart\u00edn Pereira (COFE \u2013 Uruguay), la reuni\u00f3n cont\u00f3 \ncon la presencia de hombres y mujeres dirigentes sindicales de \norganizaciones de Argentina, Uruguay, Chile, Brasil, Paraguay, Per\u00fa, \nEcuador, Colombia, Costa Rica, El Salvador, Puerto Rico, Curazao, M\u00e9xico\n y Rep\u00fablica Dominicana.<\/p>\n\n\n\n<p>Cada uno de ellos realiz\u00f3 un pormenorizado informe sobre el trabajo \nque realizan los miles de hombres y mujeres que trabajan en la salud \np\u00fablica y distintas \u00e1reas del Estado para enfrentar esta Pandemia que \navanza de manera estrepitosa en la Regi\u00f3n y el mundo entero.<\/p>\n\n\n\n<p>\u00abEsta situaci\u00f3n nos ha afectado no solo como seres humanos, sino como\n organizaciones obreras de Latinoam\u00e9rica y el Caribe, ya que ha \ndescargado sobre nuestros trabajadores y trabajadoras organizados&nbsp; una \nde las tareas m\u00e1s tremendas, que es enfrentar esta Pandemia. Tanto los \ntrabajadores de la salud, como los de los otros servicios esenciales, \ncomo la recolecci\u00f3n de residuos, las \u00e1reas de cuidado, las c\u00e1rceles, la \nprovisi\u00f3n de la energ\u00eda, entre otros, ah\u00ed estamos los trabajadores del \nEstado en la primera l\u00ednea\u00bb, expres\u00f3 Julio Fuentes al comenzar el \nencuentro.<\/p>\n\n\n\n<p>\u00abTodos estos a\u00f1os de lucha en defensa de nuestro trabajo y de un \nEstado presente al servicio de nuestros pueblos frente al avance \nneoliberal ahora se ponen sobre el tapete. Ahora todos entienden la \nimportancia de las pol\u00edticas p\u00fablicas y que la salud, como otros \nderechos esenciales, no pueden ser delegados a la voracidad del mundo \nprivado. Pero nosotros lo hemos dicho siempre, porque entendemos que \nnuestro trabajo son los derechos de nuestros pueblos. Porque en tiempos \nde Pandemia te salva el Estado, no los mercados\u00bb, resalt\u00f3 el presidente \nde la CLATE.<\/p>\n\n\n\n<p>\u00abComo seres humanos y como militantes, tenemos una prioridad, que es \nla vida, y vamos a hacer todos los esfuerzos para enfrentar esta \nPandemia. Pero tambi\u00e9n tenemos que estar conscientes de que vamos a \nsalir m\u00e1s pobres de esta situaci\u00f3n, que este sistema nos va a llevar a \nm\u00e1s pobreza. Y eso nos tiene que llevar a preparar nuestras \norganizaciones, a elaborar nuestras propuestas, a inventar en un momento\n tan dif\u00edcil\u00bb, manifest\u00f3 Fuentes.<\/p>\n\n\n\n<p>A su turno, los y las dirigentes hicieron lo propio y analizaron \nadem\u00e1s c\u00f3mo dar una respuesta regional frente a esta crisis y el rol que\n debe cumplir la CLATE en ese sentido. Para ello, resolvieron elaborar \nuna declaraci\u00f3n sobre el estado de situaci\u00f3n de los y las estatales que \nest\u00e1n en la primera l\u00ednea de acci\u00f3n frente a la Pandemia y los \nprincipales reclamos que ser\u00e1n elevados en cada pa\u00eds a las autoridades \ncorrespondientes.<\/p>\n\n\n\n<p>Participaron del encuentro virtual: Hugo Blasco de la Federaci\u00f3n \nJudicial Argentina (FJA), Hugo \u00abCachorro\u00bb Godoy, Mar\u00eda Teresa Romero y \nHoracio Fern\u00e1ndez de la Asociaci\u00f3n Trabajadores del Estado (ATE) de \nArgentina; Jo\u00e3o Domingos Gomes dos Santos de la Confederaci\u00f3n de \nServidores P\u00fablicos de Brasil (CSPB); Ana Luz Gim\u00e9nez, Narciso Castillo y\n Cintia Ribas de la Uni\u00f3n Nacional&nbsp;de Trabajadores del Estado (UNTE-SN) \nde Paraguay; Mart\u00edn Pereira y Joselo L\u00f3pez de la Confederaci\u00f3n de \nOrganizaciones&nbsp;de Funcionarios del Estado (COFE) de Uruguay; Jos\u00e9 P\u00e9rez \nDebelli, Carlos Insunza y Angela Rifo de la Agrupaci\u00f3n Nacional de \nEmpleados Fiscales (ANEF), Alejandro Silva de Fuenz\u00e1lida de la \nFederaci\u00f3n Nacional de Asociaciones de Funcionarios MOP (FENAMOP) y \nRam\u00f3n Chanqueo Filumil y Francisco Almendra de la Confederaci\u00f3n Nacional\n de Funcionarios Municipales (ASEMUCH), de Chile; Ibis Fern\u00e1ndez de la \nConfederaci\u00f3n Intersectorial&nbsp;de Trabajadores Estatales (CITE) del Per\u00fa; \nWilson \u00c1lvarez Bed\u00f3n de la Federaci\u00f3n Ecuatoriana&nbsp;de Trabajadores \nMunicipales y Provinciales (FETMyP) de Ecuador; Percy Oyola Paloma y \nSandra Hort\u00faya la Uni\u00f3n Nacional de Trabajadores del Estado y los \nServicios P\u00fablicos de Colombia (UTRADEC); Federico Torres de la \nCoordinadora Unitaria de Trabajadores del Estado (CUTE) de Puerto Rico; \nAmado Vilchez del Algemene Politie Bon (SAP), Adrie Williams y Roland \nIgnacio del Algemene Bond van Overheid en Overigepersoneel (ABVO); \nJosefina Ure\u00f1a, Maria Guadalupe S\u00e1nchez y Silvana Suero de \nla&nbsp;Confederaci\u00f3n Nacional de Trabajadores del Estado (CONATE) de \nRep\u00fablica Dominicana; Sergio Padilla de la Confederaci\u00f3n de Servicios \nP\u00fablicos de los Poderes de los Estados, Municipios e Instituciones \nDescentralizadas de la Rep\u00fablica Mexicana (CONFEPIDER) y Ren\u00e9 Palomares \nParra del&nbsp;Sindicato \u00danico&nbsp;de Trabajadores de los Poderes, Municipios&nbsp;e \nInstituciones Descentralizadas del Estado de M\u00e9xico (SUTEYM) de M\u00e9xico; \nMario Montes de la&nbsp;Asociaci\u00f3n General de&nbsp;Empleados P\u00fablicos y \nMunicipales de El Salvador (AGEPYM); y Olman Chinchilla de la&nbsp;Federaci\u00f3n\n Nacional&nbsp;de Trabajadores P\u00fablicos (FENOTRAP) de Costa Rica.<\/p>\n\n\n\n<p><strong>Fuente: www.clate.org<\/strong> &#8211;  <strong>Publicado by <a href=\"http:\/\/ctaacordoba.org\/author\/redactor-1\/\">CTA Aut\u00f3noma C\u00f3rdoba<\/a><\/strong><\/p>\n","protected":false},"excerpt":{"rendered":"<p>Con la presencia de m\u00e1s de 30 dirigentes de 14 pa\u00edses de Am\u00e9rica Latina y el Caribe se realiz\u00f3 ayer por la tarde la primera reuni\u00f3n del Comit\u00e9 Ejecutivo de la CLATE de manera virtual. Durante m\u00e1s de cuatro horas, los y las representantes sindicales de las organizaciones que integran la Confederaci\u00f3n brindaron un detallado [&hellip;]<\/p>\n","protected":false},"author":1,"featured_media":19220,"comment_status":"open","ping_status":"open","sticky":true,"template":"","format":"standard","meta":{"_exactmetrics_skip_tracking":false,"_exactmetrics_sitenote_active":false,"_exactmetrics_sitenote_note":"","_exactmetrics_sitenote_category":0,"jnews-multi-image_gallery":[],"jnews_single_post":[],"jnews_primary_category":[],"jnews_social_meta":[],"jnews_review":[],"enable_review":"","type":"","name":"","summary":"","brand":"","sku":"","good":[],"bad":[],"score_override":"","override_value":"","rating":[],"price":[],"jnews_override_counter":[],"jnews_post_split":[],"footnotes":""},"categories":[1],"tags":[],"class_list":["post-12637","post","type-post","status-publish","format-standard","has-post-thumbnail","hentry","category-sin-categoria"],"jetpack_featured_media_url":"https:\/\/atecordoba.org\/wp-content\/uploads\/2020\/05\/logo-nuevochico-e1561581322808.png","_links":{"self":[{"href":"https:\/\/atecordoba.org\/index.php?rest_route=\/wp\/v2\/posts\/12637","targetHints":{"allow":["GET"]}}],"collection":[{"href":"https:\/\/atecordoba.org\/index.php?rest_route=\/wp\/v2\/posts"}],"about":[{"href":"https:\/\/atecordoba.org\/index.php?rest_route=\/wp\/v2\/types\/post"}],"author":[{"embeddable":true,"href":"https:\/\/atecordoba.org\/index.php?rest_route=\/wp\/v2\/users\/1"}],"replies":[{"embeddable":true,"href":"https:\/\/atecordoba.org\/index.php?rest_route=%2Fwp%2Fv2%2Fcomments&post=12637"}],"version-history":[{"count":1,"href":"https:\/\/atecordoba.org\/index.php?rest_route=\/wp\/v2\/posts\/12637\/revisions"}],"predecessor-version":[{"id":18435,"href":"https:\/\/atecordoba.org\/index.php?rest_route=\/wp\/v2\/posts\/12637\/revisions\/18435"}],"wp:featuredmedia":[{"embeddable":true,"href":"https:\/\/atecordoba.org\/index.php?rest_route=\/wp\/v2\/media\/19220"}],"wp:attachment":[{"href":"https:\/\/atecordoba.org\/index.php?rest_route=%2Fwp%2Fv2%2Fmedia&parent=12637"}],"wp:term":[{"taxonomy":"category","embeddable":true,"href":"https:\/\/atecordoba.org\/index.php?rest_route=%2Fwp%2Fv2%2Fcategories&post=12637"},{"taxonomy":"post_tag","embeddable":true,"href":"https:\/\/atecordoba.org\/index.php?rest_route=%2Fwp%2Fv2%2Ftags&post=12637"}],"curies":[{"name":"wp","href":"https:\/\/api.w.org\/{rel}","templated":true}]}}