{"id":12634,"date":"2020-04-08T15:01:17","date_gmt":"2020-04-08T18:01:17","guid":{"rendered":"https:\/\/www.atecordoba.org\/?p=12634"},"modified":"2020-05-05T09:09:44","modified_gmt":"2020-05-05T12:09:44","slug":"reincorporaciones-y-no-pago-de-la-deuda-entre-las-exigencias-del-departamento-de-generos-de-ate","status":"publish","type":"post","link":"https:\/\/atecordoba.org\/?p=12634","title":{"rendered":"Reincorporaciones y no pago de la deuda, entre las exigencias del Departamento de G\u00e9neros de ATE"},"content":{"rendered":"\n<p><em>Ayer, mediante teleconferencia, se realiz\u00f3 una nueva reuni\u00f3n del recientemente creado, bajo Resolucion Numero 1\/20, Departamento de G\u00e9neros y Diversidades del Consejo Directivo Provincial de ATE C\u00f3rdoba.<\/em><\/p>\n\n\n\n<div class=\"wp-block-image\"><figure class=\"aligncenter size-large is-resized\"><img loading=\"lazy\" decoding=\"async\" src=\"http:\/\/atecordoba.org\/wp-content\/uploads\/2020\/05\/Teleconferencia-Genero-484x1024.jpg\" alt=\"\" class=\"wp-image-12635\" width=\"226\" height=\"478\"\/><\/figure><\/div>\n\n\n\n<p>La instancia cont\u00f3 con la participaci\u00f3n de diferentes compa\u00f1eres integrantes del Departamento. &#8220;Destacamos la instancia generada colectivamente que nos permite jerarquizar y darle una din\u00e1mica organizada a las diferentes pol\u00edticas que entendemos deben ser provinciales (territorio) y transversales (dada la complejidad de la composici\u00f3n de lxs afiliadxs del sindicato por nuclear estatales del Estado Nacional, Provincial y Municipal), que deben tener un car\u00e1cter integral, para abordar las desigualdades estructurales que existen en el mundo laboral y poder as\u00ed achicar al menos esta enorme brecha, con instancias gremiales, sociales, de formaci\u00f3n y capacitaci\u00f3n, exigiendo la inclusi\u00f3n LGTBI + en el Estado como algunos ejemplos planteados&#8221;, comentaron desde el Espacio que funciona bajo la \u00f3rbita del CDP de ATE.<\/p>\n\n\n\n<p>Quienes participaron de la instancia de ayer informaron &#8220;que en la pr\u00f3xima Reforma Estatutaria de ATE se crear\u00e1 la Secretar\u00eda de G\u00e9neros y Diversidades tanto en el Consejo Directivo Nacional como Provinciales, &#8220;algo hist\u00f3rico y de avanzada para nuestro sindicato&#8221;, consignaron.<\/p>\n\n\n\n<p>Desde el Departamento exigieron &#8220;la reincorporaci\u00f3n de les despedides durante el Macrismo en el Estado Nacional, Pases a Planta Permanente de les Precarizades, el No Pago de la Deuda y el cobro de un Impuesto Extraordinario a la Renta Minera, Financiera, Sojera, Icticola, Acopiadoras de Alimentos, Fortunas Personales, Bienes Suntuosos y el Juego&#8221;.<br>&#8220;La Crisis no la vamos a pagar lxs Trabajadorxs&#8221;, ratificaron. <\/p>\n","protected":false},"excerpt":{"rendered":"<p>Ayer, mediante teleconferencia, se realiz\u00f3 una nueva reuni\u00f3n del recientemente creado, bajo Resolucion Numero 1\/20, Departamento de G\u00e9neros y Diversidades del Consejo Directivo Provincial de ATE C\u00f3rdoba. La instancia cont\u00f3 con la participaci\u00f3n de diferentes compa\u00f1eres integrantes del Departamento. &#8220;Destacamos la instancia generada colectivamente que nos permite jerarquizar y darle una din\u00e1mica organizada a las [&hellip;]<\/p>\n","protected":false},"author":1,"featured_media":19220,"comment_status":"open","ping_status":"open","sticky":true,"template":"","format":"standard","meta":{"_exactmetrics_skip_tracking":false,"_exactmetrics_sitenote_active":false,"_exactmetrics_sitenote_note":"","_exactmetrics_sitenote_category":0,"jnews-multi-image_gallery":[],"jnews_single_post":[],"jnews_primary_category":[],"jnews_social_meta":[],"jnews_review":[],"enable_review":"","type":"","name":"","summary":"","brand":"","sku":"","good":[],"bad":[],"score_override":"","override_value":"","rating":[],"price":[],"jnews_override_counter":[],"jnews_post_split":[],"footnotes":""},"categories":[1],"tags":[],"class_list":["post-12634","post","type-post","status-publish","format-standard","has-post-thumbnail","hentry","category-sin-categoria"],"jetpack_featured_media_url":"https:\/\/atecordoba.org\/wp-content\/uploads\/2020\/05\/logo-nuevochico-e1561581322808.png","_links":{"self":[{"href":"https:\/\/atecordoba.org\/index.php?rest_route=\/wp\/v2\/posts\/12634","targetHints":{"allow":["GET"]}}],"collection":[{"href":"https:\/\/atecordoba.org\/index.php?rest_route=\/wp\/v2\/posts"}],"about":[{"href":"https:\/\/atecordoba.org\/index.php?rest_route=\/wp\/v2\/types\/post"}],"author":[{"embeddable":true,"href":"https:\/\/atecordoba.org\/index.php?rest_route=\/wp\/v2\/users\/1"}],"replies":[{"embeddable":true,"href":"https:\/\/atecordoba.org\/index.php?rest_route=%2Fwp%2Fv2%2Fcomments&post=12634"}],"version-history":[{"count":1,"href":"https:\/\/atecordoba.org\/index.php?rest_route=\/wp\/v2\/posts\/12634\/revisions"}],"predecessor-version":[{"id":18437,"href":"https:\/\/atecordoba.org\/index.php?rest_route=\/wp\/v2\/posts\/12634\/revisions\/18437"}],"wp:featuredmedia":[{"embeddable":true,"href":"https:\/\/atecordoba.org\/index.php?rest_route=\/wp\/v2\/media\/19220"}],"wp:attachment":[{"href":"https:\/\/atecordoba.org\/index.php?rest_route=%2Fwp%2Fv2%2Fmedia&parent=12634"}],"wp:term":[{"taxonomy":"category","embeddable":true,"href":"https:\/\/atecordoba.org\/index.php?rest_route=%2Fwp%2Fv2%2Fcategories&post=12634"},{"taxonomy":"post_tag","embeddable":true,"href":"https:\/\/atecordoba.org\/index.php?rest_route=%2Fwp%2Fv2%2Ftags&post=12634"}],"curies":[{"name":"wp","href":"https:\/\/api.w.org\/{rel}","templated":true}]}}