{"id":12627,"date":"2020-04-08T12:04:08","date_gmt":"2020-04-08T15:04:08","guid":{"rendered":"https:\/\/www.atecordoba.org\/?p=12627"},"modified":"2020-05-05T09:09:44","modified_gmt":"2020-05-05T12:09:44","slug":"el-malbran-descifro-las-cepas-de-coronavirus-que-ingresaron-al-pais","status":"publish","type":"post","link":"https:\/\/atecordoba.org\/?p=12627","title":{"rendered":"El &#8220;Malbr\u00e1n&#8221; descifr\u00f3 las cepas de coronavirus que ingresaron al pa\u00eds"},"content":{"rendered":"\n<p><em>La Administraci\u00f3n Nacional de Laboratorios e Institutos de Salud \u201cDr. Carlos Malbr\u00e1n\u201d, dependiente del Ministerio de Salud, fue visitada por este motivo ayer por Alberto Fern\u00e1ndez. Representantes de ATE solicitaron reconocimiento extra a trabajadores de la primera l\u00ednea que enfrentan la pandemia.<\/em><\/p>\n\n\n\n<figure class=\"wp-block-image size-large\"><img decoding=\"async\" src=\"http:\/\/atecordoba.org\/wp-content\/uploads\/2020\/05\/Malbran-foto2.jpg\" alt=\"\" class=\"wp-image-12629\"\/><figcaption><em>El Presidente junto a trabajadoras y trabajadores del &#8220;Malbr\u00e1n&#8221;<\/em><\/figcaption><\/figure>\n\n\n\n<p>Ayer,\n el Ministro de Salud Gin\u00e9s Gonz\u00e1lez Garc\u00eda y del Presidente Alberto \nFern\u00e1ndez visitaron al &#8220;Malbr\u00e1n&#8221;, con motivo del desciframiento de las \ncadenas de ADN de las 3 cepas del conoravirus que ingresaron al pa\u00eds. \nEste paso es fundamental para la identificaci\u00f3n de las mutaciones \naut\u00f3ctonas del virus que puedan haberse producido en nuestro pa\u00eds. En la\n ocasi\u00f3n del acto p\u00fablico, un conjunto de delegados y delegadas de ATE \ndel organismo solictaron a las m\u00e1ximas autoridades &#8220;reconozcan nuestra funci\u00f3n cient\u00edfica al servicio de la salud,\n cosa que ya desde el Consejo Directivo Nacional le hab\u00edamos manifestado\n por nota tanto a Gin\u00e9s Gonz\u00e1lez como a Ana Castellani (Secretaria de Gesti\u00f3n y Empleo P\u00fablico del Ministerio de Trabajo de la Naci\u00f3n)&#8221;, seg\u00fan manifest\u00f3 Flavio Vergara, t\u00e9cnico en virolog\u00eda del Instituto Malbr\u00e1n, paritario nacional y miembro del Consejo Directivo Nacional de ATE.<\/p>\n\n\n\n<p>&#8220;Estamos  en d\u00edas previos, entendemos nosotros, a que efectivamente este  reconocimiento pueda llegar a los trabajadores y trabajadoras del  Malbran y que sea el principio de una discusi\u00f3n acerca de c\u00f3mo  recuperando el Estado, recuperamos la dignidad de todos los trabajadores  y trabajadoras&#8221;, ratific\u00f3 Vergara.<\/p>\n\n\n\n<div class=\"wp-block-image\"><figure class=\"aligncenter size-large is-resized\"><img loading=\"lazy\" decoding=\"async\" src=\"http:\/\/atecordoba.org\/wp-content\/uploads\/2020\/05\/Malbran-foto-1.jpg\" alt=\"\" class=\"wp-image-12630\" width=\"390\" height=\"252\"\/><figcaption><em> El Presidente junto a Flavio Vergara de ATE, ayer en el Malbr\u00e1n. <\/em><\/figcaption><\/figure><\/div>\n\n\n\n<p><strong>Trabajo notable<\/strong><br>&#8220;Nos  llen\u00f3 de emoci\u00f3n y de orgullo. Nos visitaron porque el 6 los equipos de compa\u00f1eros y compa\u00f1eras que trabajan en la plataforma  gen\u00f3mica lograron desarrollar 3 genomas completos del coronavirus,  identificando una cepa proveniente de Estados Unidos, una de Europa y  una de Asia&#8221;, explic\u00f3 el paritario nacional, quien especific\u00f3 que esas  secuencias gen\u00f3micas, una vez descifradas, &#8220;se suben a una plataforma  que es  el GenBank, un banco de datos gen\u00e9ticos mundial, donde un grupo de  expertos evaluaron los modelos&#8221;. Vergara remarc\u00f3 que las cadenas  descifradas &#8220;en 20  minutos fueron aceptadas por ser coincidentes 100 por ciento con las  cepas en circulaci\u00f3n en esas regiones, es decir que el trabajo realizado   fue de un nivel de exactitud y excelencia notable&#8221;.<\/p>\n\n\n\n<p>&#8220;Este trabajo sirve para identificar que las cepas que ingresaron son  las mismas y lo que resta es analizar las cepas que actualmente circulan  en el pa\u00eds, que ya son aut\u00f3ctonas, para ver si hay alg\u00fan tipo de  mutaci\u00f3n&#8221;, explic\u00f3 el t\u00e9cnico en virolog\u00eda. &#8220;Todo este trabajo tiene que ver conconocer m\u00e1s del virus, con  poder identificar con m\u00e1s claridad cu\u00e1les son la cepas que van a quedar  al final de la circulaci\u00f3n, las m\u00e1s prevalentes con repecto de otras. Y  esto sirve para aportar a la producci\u00f3n de una vacuna efectiva que pueda contener al virus que circula en nuestra regi\u00f3n&#8221;, destac\u00f3 Vergara.<\/p>\n\n\n\n<p><strong>La visita<\/strong><br>&#8220;Quiero  poner de relevancia que tanto Gin\u00e9s como Fern\u00e1ndez le dieron a recuperar todo lo que se perdi\u00f3 durante el macrismo. Valoraron  el deterioro edilicio del Malbran, que es notable, cuando otrora era un  edificio espectacular. Valoraron el efuerzo y el compromiso de  profesionales, t\u00e9cnicos, cient\u00edficos, administrativos, limpieza, que  denodadamente trabajan a pesar de los bajos salarios y la precariedad  laboral. De hecho, as\u00ed lo manifestaron y plantearon la necesidad de un  reconocimiento para este conjunto de trabajadores, como as\u00ed tambi\u00e9n para   todos los trabajadores de salud y todos aquellos que est\u00e1n trabajando  con la pandemia que necesitan un reconocimiento&#8221;, coment\u00f3 Vergara.  Finalizado el acto un conjunto de delegadas y delegados pudieron hacerle  referencia a los mandatarios que aguardaban que se de curso al pedido  del CDN de ATE a las carteras de trabajo y salud para que efectivamente  se tomen estas decisiones.<\/p>\n\n\n\n<figure class=\"wp-block-image size-large\"><img decoding=\"async\" src=\"http:\/\/atecordoba.org\/wp-content\/uploads\/2020\/05\/Malbran_1_1586279680-1024x683.jpg\" alt=\"\" class=\"wp-image-12631\"\/><figcaption> <em>Reuni\u00f3n en la sede central de Buenos Aires de la Administraci\u00f3n Nacional de Laboratorios e Institutos de Salud \u201cDr. Carlos Malbr\u00e1n\u201d<\/em> <\/figcaption><\/figure>\n\n\n\n<p><strong>El &#8220;Malbr\u00e1n&#8221;<\/strong><br>El &#8220;Malbr\u00e1n&#8221; es ua instituci\u00f3n ya centenaria: fue inaugurada en 1916 por el impulso del Dr.  Carlos Malbr\u00e1n, de quien lleva el nombre desde 1941. Es el encargado de  nuclear y coordinar institutos, laboratorios y centros de salud  localizados en distintos lugares del pa\u00eds y act\u00faa como instituci\u00f3n  nacional de referencia para la prevenci\u00f3n, control e investigaci\u00f3n de  patolog\u00edas. Es un relevante centro de investigaci\u00f3n microbiol\u00f3gica a  nivel internacional, y en \u00e9l han trabajado importantes cient\u00edficos,  tales como los premios Nobel Bernardo Houssay y C\u00e9sar Milstein. Sus trabajadores y trabajadoras son afiliadas y afiliados a ATE. <\/p>\n","protected":false},"excerpt":{"rendered":"<p>La Administraci\u00f3n Nacional de Laboratorios e Institutos de Salud \u201cDr. Carlos Malbr\u00e1n\u201d, dependiente del Ministerio de Salud, fue visitada por este motivo ayer por Alberto Fern\u00e1ndez. Representantes de ATE solicitaron reconocimiento extra a trabajadores de la primera l\u00ednea que enfrentan la pandemia. Ayer, el Ministro de Salud Gin\u00e9s Gonz\u00e1lez Garc\u00eda y del Presidente Alberto Fern\u00e1ndez [&hellip;]<\/p>\n","protected":false},"author":1,"featured_media":19220,"comment_status":"open","ping_status":"open","sticky":true,"template":"","format":"standard","meta":{"_exactmetrics_skip_tracking":false,"_exactmetrics_sitenote_active":false,"_exactmetrics_sitenote_note":"","_exactmetrics_sitenote_category":0,"jnews-multi-image_gallery":[],"jnews_single_post":[],"jnews_primary_category":[],"jnews_social_meta":[],"jnews_review":[],"enable_review":"","type":"","name":"","summary":"","brand":"","sku":"","good":[],"bad":[],"score_override":"","override_value":"","rating":[],"price":[],"jnews_override_counter":[],"jnews_post_split":[],"footnotes":""},"categories":[1],"tags":[],"class_list":["post-12627","post","type-post","status-publish","format-standard","has-post-thumbnail","hentry","category-sin-categoria"],"jetpack_featured_media_url":"https:\/\/atecordoba.org\/wp-content\/uploads\/2020\/05\/logo-nuevochico-e1561581322808.png","_links":{"self":[{"href":"https:\/\/atecordoba.org\/index.php?rest_route=\/wp\/v2\/posts\/12627","targetHints":{"allow":["GET"]}}],"collection":[{"href":"https:\/\/atecordoba.org\/index.php?rest_route=\/wp\/v2\/posts"}],"about":[{"href":"https:\/\/atecordoba.org\/index.php?rest_route=\/wp\/v2\/types\/post"}],"author":[{"embeddable":true,"href":"https:\/\/atecordoba.org\/index.php?rest_route=\/wp\/v2\/users\/1"}],"replies":[{"embeddable":true,"href":"https:\/\/atecordoba.org\/index.php?rest_route=%2Fwp%2Fv2%2Fcomments&post=12627"}],"version-history":[{"count":1,"href":"https:\/\/atecordoba.org\/index.php?rest_route=\/wp\/v2\/posts\/12627\/revisions"}],"predecessor-version":[{"id":18441,"href":"https:\/\/atecordoba.org\/index.php?rest_route=\/wp\/v2\/posts\/12627\/revisions\/18441"}],"wp:featuredmedia":[{"embeddable":true,"href":"https:\/\/atecordoba.org\/index.php?rest_route=\/wp\/v2\/media\/19220"}],"wp:attachment":[{"href":"https:\/\/atecordoba.org\/index.php?rest_route=%2Fwp%2Fv2%2Fmedia&parent=12627"}],"wp:term":[{"taxonomy":"category","embeddable":true,"href":"https:\/\/atecordoba.org\/index.php?rest_route=%2Fwp%2Fv2%2Fcategories&post=12627"},{"taxonomy":"post_tag","embeddable":true,"href":"https:\/\/atecordoba.org\/index.php?rest_route=%2Fwp%2Fv2%2Ftags&post=12627"}],"curies":[{"name":"wp","href":"https:\/\/api.w.org\/{rel}","templated":true}]}}