{"id":1262,"date":"2010-03-26T17:31:16","date_gmt":"2010-03-26T20:31:16","guid":{"rendered":"http:\/\/www.atecordoba.org\/?p=1262"},"modified":"2010-03-26T17:31:16","modified_gmt":"2010-03-26T20:31:16","slug":"encuentro-en-ate-a-34-anos-del-golpe","status":"publish","type":"post","link":"https:\/\/atecordoba.org\/?p=1262","title":{"rendered":"Encuentro en ATE a 34 a\u00f1os del golpe"},"content":{"rendered":"<p style=\"text-align: center;\"><img loading=\"lazy\" decoding=\"async\" class=\"aligncenter  wp-image-1266\" title=\"&lt;Samsung D70 \/ D75 \/ S730 \/ S750&gt;\" src=\"http:\/\/www.atecordoba.org\/wp-content\/uploads\/2012\/07\/arton25-1024x768.jpg\" alt=\"\" width=\"502\" height=\"377\" \/><\/p>\n<div>\n<div dir=\"ltr\">\n<p><strong>El lunes 22 de marzo se llev\u00f3 a cabo en la sede de ATE C\u00f3rdoba una charla debate con el prop\u00f3sito de rescatar la memoria de la lucha y definir las consecuencias devenidas de la \u00faltima dictadura militar que afectan a los trabajadores en la actualidad. La convocatoria fue realizada por Consejo Directivo Provincial C\u00f3rdoba de ATE y por la Juventud de ATE C\u00f3rdoba.<\/strong><\/p>\n<\/div>\n<\/div>\n<div>\n<div dir=\"ltr\">\n<p>Por Mart\u00edn Stivel &#8211; Juventud ATE C\u00f3rdoba<\/p>\n<p>Bajo la consigna \u201cA 34 a\u00f1os del \u00faltimo golpe &#8211; Consecuencias y desaf\u00edos para el movimiento obrero argentino\u201d se conform\u00f3 un panel de disertantes integrado por Oscar \u201cCacho\u201d Mengarelli (Secretario Adjunto ATE C\u00f3rdoba y Secretario General CTA C\u00f3rdoba), Roberto \u201cPecho\u201d Bardach (Secretario General CTA C\u00f3rdoba Capital) y Taurino Atensio (Lista Blanca de Luz y Fuerza).<\/p>\n<p>(23-03-2010) La disertaci\u00f3n dio inicio con las palabras del compa\u00f1ero Taurino Atensio remarcando que el objetivo del golpe fue silenciar la voz de los trabajadores y destruir sus organizaciones, haciendo \u00e9nfasis en la crueldad y ensa\u00f1amiento infligidos, con los fines de impedir un desarrollo aut\u00f3nomo e independiente de las pol\u00edticas de los organismos de cr\u00e9dito internacionales y compa\u00f1\u00edas monop\u00f3licas remont\u00e1ndose ese proceso al per\u00edodo colonial.<\/p>\n<p>Estableci\u00f3 una sinopsis comparativa entre la lucha de aquel entonces con la situaci\u00f3n actual haciendo hincapi\u00e9 en el rol de las organizaciones sindicales que de haber sido convocantes, organizativas y combativas devinieron en una burocracia funcional a los grupos de poder, \u201csalvo honrosas excepciones\u201d, cuyos cuadros se transformaron en patronales apropi\u00e1ndose de los medios de producci\u00f3n, y dijo: \u201cesa dirigencia gremial no solo que no se opuso sino que potenci\u00f3 la enajenaci\u00f3n\u201d.<\/p>\n<p>Otro hito de comparaci\u00f3n fue la situaci\u00f3n de los trabajadores. \u201cEn aquel entonces no quer\u00edamos hacer horas extras porque nuestro salario tenia el suficiente poder adquisitivo \u201c, anecdotiz\u00f3 y agreg\u00f3 que al resto el tiempo se lo aprovechaba para la distensi\u00f3n y la militancia. En oposici\u00f3n a ello, hoy los trabajadores piden horas extras simplemente porque el sueldo no alcanza. Se refiri\u00f3 al actual estado de desocupaci\u00f3n y precarizaci\u00f3n del trabajo como la fuente de donde surge la marginaci\u00f3n etendi\u00e9ndose como tal a \u201cla peor violencia que se puede aplicar sobre una persona, tirarla para la orilla, como quien tira algo a la basura\u201d.<\/p>\n<p>Abord\u00f3 el fen\u00f3meno del Peronismo como determinante de aquel contexto en donde los dirigentes sindicales estaban alineados con ese movimiento aunque exist\u00eda a\u00fan \u201cla capacidad de movilizar para la protesta y reclamo de los trabajadores\u201d.<\/p>\n<p>Luego de hacer menci\u00f3n de Agust\u00edn Tosco como defensor activo del patrimonio nacional y de los recursos naturales, llam\u00f3 a la reflexi\u00f3n para organizar el campo popular a pesar de las diferencias que puedan surgir de los distintos actores que lo conforman y \u201cgenerar conciencia para la liberaci\u00f3n\u201d. Concluy\u00f3 diciendo: \u201cS\u00ed, se puede superar las diferencias y prepararnos todos los d\u00edas ya que el sistema se prepara para salirnos en contra y castigarnos selectivamente para aplacar el reclamo popular.\u201d<\/p>\n<p>Continu\u00f3 Cacho Mengarelli refiri\u00e9ndose al golpe de 1976 como corolario de las disputas de los trabajadores con los sectores dominantes por el control de los medios de producci\u00f3n. Contextualiz\u00f3 esa coyuntura con acontecimientos internaciones atribuyendo a la guerra de Vietnam y a la Revoluci\u00f3n Cubana como la derrota del imperialismo norteamericano que generaba la esperanza y el entusiasmo de que \u201cla liberaci\u00f3n era una posibilidad al alcance de la mano, como si estuviera a la vuelta de la esquina\u201d. No obstante, se produc\u00edan diferencias, sobre todo en las organizaciones gremiales como la CGT Vandorista y la CGT de los Argentinos siendo esta \u00faltima la que contaba con \u201cun programa revolucionario que planteaba continuidad del peronismo y la intervenci\u00f3n del estado para concebir la educaci\u00f3n y salud gratuitas, el trabajo, el desarrollo, la vivienda, el derecho a las vacaciones y el aguinaldo. Era achicar la diferencia de la pobreza\u201d.<\/p>\n<p>Denomin\u00f3 a ese per\u00edodo como el de las \u201cdemocracias condicionadas\u201d que carec\u00edan de fuerza y legitimidad dada la proscripci\u00f3n del Peronismo donde sus militantes no se identificaban con el poder civil condicionado y planteaban la lucha desde la clandestinidad que dieron lugar a la insurgencia popular como el Cordobazo. Una de esas organizaciones de base que luchaban en la clandestinidad fue ANUSATE.<\/p>\n<p>En cuanto a la situaci\u00f3n actual del campo popular en la actualidad y en relaci\u00f3n a la CTA afirm\u00f3 que \u201ctenemos diferencias que sabemos tolerar, no pensamos todos igual, pero tambien tenemos en la CTA ese caudal que la hace grande. La autonom\u00eda no es neutralidad. algunos creemos que la construcci\u00f3n est\u00e1 en la Constituyente Social. Otros no la ven, pero no nos ponemos palos en la rueda\u201d.<\/p>\n<p>En relaci\u00f3n a los Derechos Humanos adhiri\u00f3 a la pol\u00edtica del actual gobierno en encarcelar a los represores y agreg\u00f3: \u201cDebemos refugiarnos en la memoria, pero hay que terminar con el genocidio del hambre que mata veinticinco chicos por d\u00eda, con el sometimiento y la manipulaci\u00f3n de trabajos indecentes y en negro.\u201d<\/p>\n<p>Dio t\u00e9rmino a su exposici\u00f3n haciendo un an\u00e1lisis del delgado de la dictadura que devino en una clase dominante fuerte, un cuadro social degradado con catorce millones de pobres y una fragmentaci\u00f3n cultural que nos impide construir la unidad del campo popular. Cit\u00f3 a Evita: \u201csolo el amor construye\u201d y que si no hay amor le hacemos un favor a la dominaci\u00f3n.<\/p>\n<p>Finalmente Pecho Bardach tom\u00f3 como eje de su disertaci\u00f3n sus propias vivencias como testimonio de lo ocurrido desde el Cordobazo hasta el golpe del 76. Clasific\u00f3 a ese per\u00edodo como el del Estado Bienestar y record\u00f3 que se movilizaban miles de personas: \u201cel obrero ten\u00eda plata y pod\u00eda mandar a su hijo a estudiar. Antes \u00e9ramos miles laburando en las f\u00e1bricas. Hoy no superan pocas centenas. De toda la masa de trabajadores solo el 12% est\u00e1 afiliado.\u201d<\/p>\n<p>Record\u00f3 la complicidad de un sector de la sociedad civil sobre el cual no se inici\u00f3 proceso alguno pero que fueron actores intelectuales del despojo de la clase trabajadora, del genocidio y la entrega de los compa\u00f1eros luchadores, de personajes como Menem y Martinez de Hoz.<\/p>\n<p>En cuanto a la CTA, afirm\u00f3 que se form\u00f3 debido a la crisis de representatividad de los partidos pol\u00edticos y de la burocracia sindical y de c\u00f3mo se articularon para perjuicio de los trabajadores con la Ley de Flexibilizaci\u00f3n laboral en la \u00e9poca de Menem.<\/p>\n<p>Culmin\u00f3 con una cita de Fidel Castro, de quien se manifest\u00f3 ferviente admirador: \u201cAhora no podemos lograrlo por las armas, hay que ganar cerebros. Aqu\u00ed es donde hay que trabajar.\u201d<\/p>\n<p>Terminadas las disertaciones, se abri\u00f3 el debate con la participaci\u00f3n de los concurrentes entre los cuales se encontraba la compa\u00f1era Irina Satiesteban, actual Secretaria General de los Judiciales en C\u00f3rdoba, que resalt\u00f3 la complicidad del poder judicial en el proceso y que son los mismos magistrados los que ejercen funciones en la actualidad cuya ideolog\u00eda ultra conservadora se basa en criminalizar la protesta y a los sectores populares.<\/p>\n<p>En la concurrencia hubo personalidades de renombre del \u00e1mbito sindical cordob\u00e9s como as\u00ed tambi\u00e9n militantes de partidos pol\u00edticos, centro de jubilados, organizaciones sociales, compa\u00f1eras y compa\u00f1eros trabajadores de distintos sindicatos.<\/p>\n<p>Por \u00faltimo, se arrib\u00f3 a la conclusi\u00f3n, puesta en manifiesto por unanimidad, que las diferencias de opini\u00f3n pol\u00edtica e ideol\u00f3gica no sean impedimentos para conformar la unidad del campo popular, inst\u00e1ndose a que se propicien los espacios de debate y discusi\u00f3n pol\u00edtica donde zanjemos nuestras discrepancias evitando que retrotraingan en dogmatismos y posiciones definitivas e irreversibles.<\/p>\n<p><a href=\"http:\/\/www.atecordoba.org\/wp-content\/uploads\/2012\/07\/foto_1_nota_pag_6_y_71.jpg\"><img loading=\"lazy\" decoding=\"async\" class=\"size-thumbnail wp-image-1268 alignleft\" title=\"&lt;Samsung D70 \/ D75 \/ S730 \/ S750&gt;\" src=\"http:\/\/www.atecordoba.org\/wp-content\/uploads\/2012\/07\/foto_1_nota_pag_6_y_71-150x150.jpg\" alt=\"\" width=\"150\" height=\"150\" \/><\/a><\/p>\n<p>&nbsp;<\/p>\n<p>&nbsp;<\/p>\n<p>&nbsp;<\/p>\n<p>&nbsp;<\/p>\n<p>&nbsp;<\/p>\n<p><a href=\"http:\/\/www.atecordoba.org\/wp-content\/uploads\/2012\/07\/foto_3_nota_pag_6_y_71.jpg\"><img loading=\"lazy\" decoding=\"async\" class=\"size-thumbnail wp-image-1269 alignleft\" title=\"&lt;Samsung D70 \/ D75 \/ S730 \/ S750&gt;\" src=\"http:\/\/www.atecordoba.org\/wp-content\/uploads\/2012\/07\/foto_3_nota_pag_6_y_71-150x150.jpg\" alt=\"\" width=\"150\" height=\"150\" \/><\/a><\/div>\n<\/div>\n","protected":false},"excerpt":{"rendered":"<p>El lunes 22 de marzo se llev\u00f3 a cabo en la sede de ATE C\u00f3rdoba una charla debate con el prop\u00f3sito de rescatar la memoria de la lucha y definir las consecuencias devenidas de la \u00faltima dictadura militar que afectan a los trabajadores en la actualidad. La convocatoria fue realizada por Consejo Directivo Provincial C\u00f3rdoba [&hellip;]<\/p>\n","protected":false},"author":1,"featured_media":19220,"comment_status":"open","ping_status":"open","sticky":false,"template":"","format":"standard","meta":{"_exactmetrics_skip_tracking":false,"_exactmetrics_sitenote_active":false,"_exactmetrics_sitenote_note":"","_exactmetrics_sitenote_category":0,"jnews-multi-image_gallery":[],"jnews_single_post":[],"jnews_primary_category":[],"jnews_social_meta":[],"jnews_review":[],"enable_review":"","type":"","name":"","summary":"","brand":"","sku":"","good":[],"bad":[],"score_override":"","override_value":"","rating":[],"price":[],"jnews_override_counter":[],"jnews_post_split":[],"footnotes":""},"categories":[8],"tags":[26,30,11,31],"class_list":["post-1262","post","type-post","status-publish","format-standard","has-post-thumbnail","hentry","category-provinciales","tag-ate","tag-juventud","tag-noticias-2","tag-provinciales-2"],"jetpack_featured_media_url":"https:\/\/atecordoba.org\/wp-content\/uploads\/2020\/05\/logo-nuevochico-e1561581322808.png","_links":{"self":[{"href":"https:\/\/atecordoba.org\/index.php?rest_route=\/wp\/v2\/posts\/1262","targetHints":{"allow":["GET"]}}],"collection":[{"href":"https:\/\/atecordoba.org\/index.php?rest_route=\/wp\/v2\/posts"}],"about":[{"href":"https:\/\/atecordoba.org\/index.php?rest_route=\/wp\/v2\/types\/post"}],"author":[{"embeddable":true,"href":"https:\/\/atecordoba.org\/index.php?rest_route=\/wp\/v2\/users\/1"}],"replies":[{"embeddable":true,"href":"https:\/\/atecordoba.org\/index.php?rest_route=%2Fwp%2Fv2%2Fcomments&post=1262"}],"version-history":[{"count":0,"href":"https:\/\/atecordoba.org\/index.php?rest_route=\/wp\/v2\/posts\/1262\/revisions"}],"wp:featuredmedia":[{"embeddable":true,"href":"https:\/\/atecordoba.org\/index.php?rest_route=\/wp\/v2\/media\/19220"}],"wp:attachment":[{"href":"https:\/\/atecordoba.org\/index.php?rest_route=%2Fwp%2Fv2%2Fmedia&parent=1262"}],"wp:term":[{"taxonomy":"category","embeddable":true,"href":"https:\/\/atecordoba.org\/index.php?rest_route=%2Fwp%2Fv2%2Fcategories&post=1262"},{"taxonomy":"post_tag","embeddable":true,"href":"https:\/\/atecordoba.org\/index.php?rest_route=%2Fwp%2Fv2%2Ftags&post=1262"}],"curies":[{"name":"wp","href":"https:\/\/api.w.org\/{rel}","templated":true}]}}