{"id":12616,"date":"2020-04-07T18:49:41","date_gmt":"2020-04-07T21:49:41","guid":{"rendered":"https:\/\/www.atecordoba.org\/?p=12616"},"modified":"2020-05-05T09:09:44","modified_gmt":"2020-05-05T12:09:44","slug":"cierre-del-equipo-de-salud-mental-de-villa-el-libertador-las-redes-de-solidaridad-han-sido-impresionantes","status":"publish","type":"post","link":"https:\/\/atecordoba.org\/?p=12616","title":{"rendered":"Cierre del Equipo de Salud Mental de Villa El Libertador: \u201cLas redes de solidaridad han sido impresionantes\u201d"},"content":{"rendered":"\n<p><em>As\u00ed lo afirm\u00f3 una de las trabajadoras afectadas. El pasado 2 de abril, el Gobierno de la Provincia de C\u00f3rdoba inform\u00f3 del cierre de la casa de Tilcara al 1400 y el traslado de las profesionales. Malestar en la comunidad del barrio.<\/em><\/p>\n\n\n\n<div class=\"wp-block-image\"><figure class=\"aligncenter size-large\"><img decoding=\"async\" src=\"http:\/\/atecordoba.org\/wp-content\/uploads\/2020\/05\/3-1-1024x768.jpg\" alt=\"\" class=\"wp-image-12617\"\/><\/figure><\/div>\n\n\n\n<p>El Equipo Interdisciplinario de Salud Mental comenz\u00f3 a trabajar en el a\u00f1o 1985 en Villa El Libertador, un barrio de m\u00e1s de 33 mil habitantes del sur de la Capital cordobesa, con una influencia sobre una zona de m\u00e1s de 100 mil personas. Fue pionero en la provincia y el pa\u00eds en el trabajo de atenci\u00f3n comunitaria en los barrios. Las primeras y primeros profesionales comenzaron trabajando ad-honorem y, m\u00e1s tarde la \u2013en ese entonces- Direcci\u00f3n de Salud Mental de la Provincia, las y los reconoci\u00f3 como parte del plantel de empleados de la administraci\u00f3n provincial. <\/p>\n\n\n\n<p>\u201cDesde el inicio, el trabajo fue de promoci\u00f3n de\nsalud, trabajar con los vecinos en las necesidades barriales que ten\u00edan para\npensar c\u00f3mo resolverlas juntos. El abordaje fue siempre interdisciplinario e\nintersectorial, con Educaci\u00f3n, Municipalidad, con la Multisectorial -compuesta\npor vecinos e instituciones- que trataba temas del barrio\u201d, explic\u00f3 una de las\ntrabajadoras desplazadas que solicit\u00f3 preservar su identidad para evitar \u201cpersecuciones\u201d\npor parte de la patronal. <\/p>\n\n\n\n<p>\u201cNosotros hablamos de promoci\u00f3n de la salud. Para\nel equipo, la salud existe y hay que cuidarla, y a eso nos dedicamos. No\napuntamos a la &#8220;enfermedad&#8221;, sino a la salud. Obviamente que hay\npersonas que concurren con problemas \u201cparticulares\u201d \u2013violencia, adicciones, de\ntodo-. Con ells buscamos hacer un acompa\u00f1amiento, buscamos las redes que tiene\nla persona para poder sostenerse\u201d, explicaron.<\/p>\n\n\n\n<p>La plantilla actual de trabajadoras est\u00e1 compuesta por dos psic\u00f3logas, una enfermera y un m\u00e9dico psiquiatra que concurre una vez a la semana. En la sede, adem\u00e1s, funciona una extensi\u00f3n del centro infanto-juvenil \u2013perteneciente al Hospital San Roque viejo-, con otras dos psic\u00f3logas que trabajan integradas tambi\u00e9n al equipo y que se ocupan de ni\u00f1os. \u201cTodo ese equipo que ya lleva a\u00f1os juntos abordando problem\u00e1ticas muy complejas, es lo que desarmar\u00e1n con esta decisi\u00f3n\u201d, explic\u00f3 la trabajadora quien adem\u00e1s explic\u00f3 que \u201chay profesionales con m\u00e1s 25 a\u00f1os de trayectoria en el trabajo con las problem\u00e1ticas del barrio\u201d.<\/p>\n\n\n\n<p>Desde la Asociaci\u00f3n de Trabajadores del Estado\nadvirtieron, por su parte, que la decisi\u00f3n \u201cllega en un momento donde los pron\u00f3sticos\nsobre la evoluci\u00f3n de la pandemia del coronavirus son muy preocupantes, el\nGobierno de C\u00f3rdoba de manera autoritaria, arbitraria e intempestivamente\ndisuelve un equipo interdisciplinario, comunitario de salud mental\u201d, seg\u00fan\nexpres\u00f3 su Secretario General, Federico Giuliani.<\/p>\n\n\n\n<p>Desde el gremio informaron que presentaron un recurso de reconsideraci\u00f3n para intentar que el centro pueda abrir sus puertas nuevamente y que los trabajadores sigan desarrollando su actividad en el lugar.<\/p>\n\n\n\n<figure class=\"wp-block-embed-facebook wp-block-embed is-type-rich is-provider-facebook\"><div class=\"wp-block-embed__wrapper\">\nhttps:\/\/www.facebook.com\/atecba\/posts\/3228154563895328\n<\/div><\/figure>\n\n\n\n<p><strong>Un\nequipo con trayectoria<\/strong><\/p>\n\n\n\n<p>\u201cAs\u00ed fueron los inicios: atendimos primero en la\nPlaza, luego un Centro Vecinal, la Parroquia, siempre girando por distintos\nlugares porque no hab\u00eda espacio f\u00edsico. Hasta que lleg\u00f3 el momento, en la\nd\u00e9cada de 1990, en que se comienza a atender en el Dispensario de Villa El\nLibertador\u201d, explicaron desde el Equipo que la provincia pretende cerrar hoy en\nd\u00eda. \u201cAll\u00ed se constituy\u00f3 el Equipo de Salud Mental de Villa El Libertador, con\n5 o 6 profesionales que se iban turnando, en un solo consultorio. El trabajo\nall\u00ed fue de mucho acompa\u00f1amiento en campa\u00f1as de prevenci\u00f3n de tuberculosis,\ndiarreas: trabajos a nivel comunitario de los proyectos del Dispensario\u201d,\ncomentaron.<\/p>\n\n\n\n<p>\u201cLuego, en el Dispensario dej\u00f3 de haber lugar para\nla Salud Mental y estuvimos un a\u00f1o en Radio FM Sur, en un sal\u00f3n que el espacio\ndispon\u00eda para nosotros. Y luego, ya desde el a\u00f1o 2001, la Provincia nos alquila\nuna casa que es donde estamos ahora\u201d, rememoraron desde el Equipo. \u201cAll\u00ed trabajamos\nen huertas comunitarias (en el 2001 fue muy fuerte el proyecto), con una\npsicomotricista d\u00e1bamos gimnasia a mujeres de la zona, entre otras actividades\u201d,\ncomentaron.<\/p>\n\n\n\n<p><strong>Traslados<\/strong><\/p>\n\n\n\n<p>La enfermera ha sido enviada a la Casa del Joven,\nen Barrio General Paz, en la otra punta de C\u00f3rdoba; a ambas psic\u00f3logas se las\nenviar\u00e1 a Barrio Comercial, a m\u00e1s de 35 cuadras del actual lugar, en un lugar\nno accesible como lo era el anterior para la gente del barrio, en un espacio\nque ya cuenta con su propio psic\u00f3logo. \u201cNinguna medida tiene sentido\u201d,\nevaluaron desde el Equipo.<\/p>\n\n\n\n<p>\u201cTodo es una gran incertidumbre, compartida con los\nvecinos. Nos han dicho que el traslado es temporario pero no sabemos, no\ntenemos plazos. Nos dicen que es porque la casa necesita arreglos. Preguntamos\nsi volver\u00edamos al mismo lugar y nos dicen que no saben, que el Ministro\ndispondr\u00eda, pero no hay ninguna se\u00f1al de que eso vaya a ser as\u00ed, ni en qu\u00e9\ntiempos, nada\u201d, advirtieron, alarmadas.<\/p>\n\n\n\n<p><strong>Actualidad\ny lucha<\/strong><\/p>\n\n\n\n<p>Desde el equipo hicieron hincapi\u00e9 en que \u201cactualmente\ntrabajamos en una Asamblea barrial por el tema de las cloacas ya que una parte\ndel barrio se est\u00e1 hundiendo en los pozos negros, literalmente, por no tener\neste servicio. Trabajamos con mujeres en situaci\u00f3n de violencia; articulamos\ncon Trabajo, Educaci\u00f3n, Salud, con el Hospital. Siempre en procesos\ncomunitarios pero sin descuidar la asistencia individual tambi\u00e9n\u201d.<\/p>\n\n\n\n<p>Las profesionales evaluaron que \u201cpor ello hay tanta\nmovilizaci\u00f3n en el barrio ante todo esto. La Red de la Zona Sur, de la cual\nformamos parte y est\u00e1 integrada por todas las instituciones de la zona,&nbsp; nos est\u00e1 brindando much\u00edsimo apoyo, las\ninstituciones est\u00e1n reclamando a todos los niveles\u201d. Adem\u00e1s de ello, desde el\nequipo dijeron sentirse \u201cconmovidas\u201d ante la reacci\u00f3n de los vecinos y vecinas:\n\u201cest\u00e1n elevando notas, poniendo carteles en las puertas de las casas. Siempre\nhubo una gran inserci\u00f3n en el trabajo, en procesos que ya tienen su\ntrayectoria, su antig\u00fcedad, entonces que nos vayamos no es cualquier cosa\u201d,\nexplicaron.<\/p>\n\n\n\n<p>\u201cLa movilizaci\u00f3n que se ha dado en el barrio, entre vecinxs y organizaciones ha sido impresionante. A pesar del aislamiento las comunicaciones virtuales han permitido que todxs expresen su malestar con la situaci\u00f3n\u201d, expresaron.<\/p>\n\n\n\n<figure class=\"wp-block-gallery columns-3 is-cropped wp-block-gallery-1 is-layout-flex wp-block-gallery-is-layout-flex\"><ul class=\"blocks-gallery-grid\"><li class=\"blocks-gallery-item\"><figure><img decoding=\"async\" src=\"http:\/\/atecordoba.org\/wp-content\/uploads\/2020\/05\/1-1.jpg\" alt=\"\" data-id=\"12621\" data-full-url=\"http:\/\/atecordoba.org\/wp-content\/uploads\/2020\/05\/1-1.jpg\" data-link=\"https:\/\/www.atecordoba.org\/?attachment_id=12621\" class=\"wp-image-12621\"\/><\/figure><\/li><li class=\"blocks-gallery-item\"><figure><img decoding=\"async\" src=\"http:\/\/atecordoba.org\/wp-content\/uploads\/2020\/05\/5-1-1024x768.jpg\" alt=\"\" data-id=\"12620\" data-full-url=\"https:\/\/www.atecordoba.org\/wp-content\/uploads\/2020\/04\/5-1.jpeg\" data-link=\"https:\/\/www.atecordoba.org\/?attachment_id=12620\" class=\"wp-image-12620\"\/><\/figure><\/li><li class=\"blocks-gallery-item\"><figure><img decoding=\"async\" src=\"http:\/\/atecordoba.org\/wp-content\/uploads\/2020\/05\/4-1-1024x768.jpg\" alt=\"\" data-id=\"12619\" data-full-url=\"https:\/\/www.atecordoba.org\/wp-content\/uploads\/2020\/04\/4-1.jpeg\" data-link=\"https:\/\/www.atecordoba.org\/?attachment_id=12619\" class=\"wp-image-12619\"\/><\/figure><\/li><li class=\"blocks-gallery-item\"><figure><img decoding=\"async\" src=\"http:\/\/atecordoba.org\/wp-content\/uploads\/2020\/05\/2-1-768x1024.jpg\" alt=\"\" data-id=\"12618\" data-full-url=\"https:\/\/www.atecordoba.org\/wp-content\/uploads\/2020\/04\/2-1.jpeg\" data-link=\"https:\/\/www.atecordoba.org\/?attachment_id=12618\" class=\"wp-image-12618\"\/><\/figure><\/li><\/ul><\/figure>\n\n\n\n<hr class=\"wp-block-separator\"\/>\n","protected":false},"excerpt":{"rendered":"<p>As\u00ed lo afirm\u00f3 una de las trabajadoras afectadas. El pasado 2 de abril, el Gobierno de la Provincia de C\u00f3rdoba inform\u00f3 del cierre de la casa de Tilcara al 1400 y el traslado de las profesionales. Malestar en la comunidad del barrio. El Equipo Interdisciplinario de Salud Mental comenz\u00f3 a trabajar en el a\u00f1o 1985 [&hellip;]<\/p>\n","protected":false},"author":1,"featured_media":19220,"comment_status":"open","ping_status":"open","sticky":true,"template":"","format":"standard","meta":{"_exactmetrics_skip_tracking":false,"_exactmetrics_sitenote_active":false,"_exactmetrics_sitenote_note":"","_exactmetrics_sitenote_category":0,"jnews-multi-image_gallery":[],"jnews_single_post":[],"jnews_primary_category":[],"jnews_social_meta":[],"jnews_review":[],"enable_review":"","type":"","name":"","summary":"","brand":"","sku":"","good":[],"bad":[],"score_override":"","override_value":"","rating":[],"price":[],"jnews_override_counter":[],"jnews_post_split":[],"footnotes":""},"categories":[1],"tags":[],"class_list":["post-12616","post","type-post","status-publish","format-standard","has-post-thumbnail","hentry","category-sin-categoria"],"jetpack_featured_media_url":"https:\/\/atecordoba.org\/wp-content\/uploads\/2020\/05\/logo-nuevochico-e1561581322808.png","_links":{"self":[{"href":"https:\/\/atecordoba.org\/index.php?rest_route=\/wp\/v2\/posts\/12616","targetHints":{"allow":["GET"]}}],"collection":[{"href":"https:\/\/atecordoba.org\/index.php?rest_route=\/wp\/v2\/posts"}],"about":[{"href":"https:\/\/atecordoba.org\/index.php?rest_route=\/wp\/v2\/types\/post"}],"author":[{"embeddable":true,"href":"https:\/\/atecordoba.org\/index.php?rest_route=\/wp\/v2\/users\/1"}],"replies":[{"embeddable":true,"href":"https:\/\/atecordoba.org\/index.php?rest_route=%2Fwp%2Fv2%2Fcomments&post=12616"}],"version-history":[{"count":1,"href":"https:\/\/atecordoba.org\/index.php?rest_route=\/wp\/v2\/posts\/12616\/revisions"}],"predecessor-version":[{"id":18447,"href":"https:\/\/atecordoba.org\/index.php?rest_route=\/wp\/v2\/posts\/12616\/revisions\/18447"}],"wp:featuredmedia":[{"embeddable":true,"href":"https:\/\/atecordoba.org\/index.php?rest_route=\/wp\/v2\/media\/19220"}],"wp:attachment":[{"href":"https:\/\/atecordoba.org\/index.php?rest_route=%2Fwp%2Fv2%2Fmedia&parent=12616"}],"wp:term":[{"taxonomy":"category","embeddable":true,"href":"https:\/\/atecordoba.org\/index.php?rest_route=%2Fwp%2Fv2%2Fcategories&post=12616"},{"taxonomy":"post_tag","embeddable":true,"href":"https:\/\/atecordoba.org\/index.php?rest_route=%2Fwp%2Fv2%2Ftags&post=12616"}],"curies":[{"name":"wp","href":"https:\/\/api.w.org\/{rel}","templated":true}]}}