{"id":12612,"date":"2020-04-07T17:09:28","date_gmt":"2020-04-07T20:09:28","guid":{"rendered":"https:\/\/www.atecordoba.org\/?p=12612"},"modified":"2020-05-05T09:09:44","modified_gmt":"2020-05-05T12:09:44","slug":"pandemia-los-trabajadores-no-vamos-a-pagar-la-crisis","status":"publish","type":"post","link":"https:\/\/atecordoba.org\/?p=12612","title":{"rendered":"Pandemia: Los trabajadores no vamos a pagar la crisis"},"content":{"rendered":"\n<p><em>7 de abril de 2020 &#8211; COMUNICADO DE PRENSA ATE C\u00d3RDOBA<\/em><\/p>\n\n\n\n<div class=\"wp-block-image\"><figure class=\"aligncenter size-large\"><img decoding=\"async\" src=\"http:\/\/atecordoba.org\/wp-content\/uploads\/2020\/05\/0001-724x1024.jpg\" alt=\"\" class=\"wp-image-12613\"\/><figcaption>Comunicado completo en <a href=\"https:\/\/www.atecordoba.org\/wp-content\/uploads\/2020\/04\/07-04-Comunicado-salarios-ATE.pdf\" target=\"_blank\" rel=\"noreferrer noopener\" aria-label=\"pdf aqu\u00ed (se abre en una nueva pesta\u00f1a)\">pdf aqu\u00ed<\/a><\/figcaption><\/figure><\/div>\n\n\n\n<p>El Consejo Directivo\nProvincial de la Asociaci\u00f3n Trabajadores del Estado (ATE-CTA) C\u00f3rdoba, advierte\nque no aceptar\u00e1 de ning\u00fan modo que el Gobierno Provincial no abone en tiempo y\nforma los salarios y jubilaciones de abril, tal como lo ha dejado entrever el\nMinistro de Finanzas Osvaldo Giordano.<\/p>\n\n\n\n<p>Las declaraciones del\nfuncionario surgido del \u201cCavallismo\u201d lanzadas como globo de ensayo para ver si\nesta propuesta indecente pasa ante la opini\u00f3n p\u00fablica mientras lo peor de la\npeste a\u00fan no ha llegado a C\u00f3rdoba, constituye una nueva afrenta a los\ntrabajadores y trabajadoras de la provincia que vienen soportando la Pandemia\nen medio de la falta de insumos, recursos y protecci\u00f3n adecuada para el\npersonal de Salud y con sueldos que est\u00e1n muy retrasados respecto a la\ninflaci\u00f3n, por obra y gracia del acuerdo salarial espurio firmado por el\nGobierno con la complicidad de la c\u00fapula del SEP.<\/p>\n\n\n\n<p>El \u201cCordobesismo\u201d, que\ndesde Angeloz hasta Schiaretti vende al pa\u00eds la imagen de una provincia que es\nuna isla, enarbola un discurso reaccionario para que seamos los trabajadores\nlos que paguemos los platos rotos de una fiesta a la que no hemos sido\ninvitados.&nbsp;<\/p>\n\n\n\n<p>C\u00f3rdoba est\u00e1 sumida en una\ncrisis fenomenal, que ya no pueden ocultar ni siquiera con la generosa pauta\npublicitaria con la que adornan mensualmente a sus voceros en los medios\nhegem\u00f3nicos; con las cuentas en rojo, emitiendo cuasimonedas para pagar a los\nproveedores y amenazando con recortar salarios y no abonar los haberes de este\nmes a los trabajadores activos y jubilados.<\/p>\n\n\n\n<p>ATE-C\u00f3rdoba denuncia que\nlos responsables de fundir las arcas p\u00fablicas est\u00e1n ideando una pol\u00edtica de\najuste que, de concretarse, traer\u00e1 m\u00e1s padecimientos y desigualdad a los\nestatales de la provincia; afirma que no aceptar\u00e1 que se vulneren los derechos\nlaborales y previsionales protegidos por la legislaci\u00f3n vigente; ratifica su\nrechazo al pacto salarial con el gremio subordinado al Gobierno; reclama\nsentarse a la mesa de la Negociaci\u00f3n Paritaria; declara el estado de\nalerta;&nbsp; y sostiene que, en nombre de los compa\u00f1eros y compa\u00f1eras que\nest\u00e1n en la primera l\u00ednea de la batalla contra el Coronavirus, no permitir\u00e1 que\nse sigan avasallando conquistas obreras utilizando a la Pandemia del COVI-19\ncomo excusa para seguir cortando el hilo por lo m\u00e1s delgado.<\/p>\n\n\n\n<p><strong>ATE Siempre Est\u00e1<\/strong><\/p>\n\n\n\n<p><strong>\u00a0<\/strong>Federico Giuliani &#8211;  Secretario General  &#8211;  ATE-C\u00f3rdoba <br> Hugo Dur\u00e1n &#8211;  Secretario Adjunto &#8211;  ATE-C\u00f3rdoba <\/p>\n\n\n\n<p>\u00a0\u00a0\u00a0\u00a0\u00a0\u00a0\u00a0\u00a0\u00a0\u00a0\u00a0\u00a0\u00a0\u00a0\u00a0\u00a0\u00a0\u00a0\u00a0\u00a0\u00a0\u00a0\u00a0\u00a0\u00a0\u00a0\u00a0\u00a0\u00a0\u00a0\u00a0\u00a0\u00a0\u00a0\u00a0\u00a0\u00a0\u00a0  \u00a0\u00a0\u00a0\u00a0\u00a0\u00a0\u00a0\u00a0\u00a0\u00a0\u00a0 \u00a0  \u00a0\u00a0\u00a0\u00a0\u00a0\u00a0\u00a0\u00a0\u00a0\u00a0\u00a0\u00a0\u00a0\u00a0\u00a0\u00a0\u00a0\u00a0\u00a0\u00a0\u00a0\u00a0\u00a0\u00a0\u00a0\u00a0\u00a0\u00a0\u00a0\u00a0\u00a0\u00a0\u00a0 \u00a0\u00a0\u00a0\u00a0\u00a0\u00a0\u00a0\u00a0\u00a0\u00a0\u00a0   <\/p>\n","protected":false},"excerpt":{"rendered":"<p>7 de abril de 2020 &#8211; COMUNICADO DE PRENSA ATE C\u00d3RDOBA El Consejo Directivo Provincial de la Asociaci\u00f3n Trabajadores del Estado (ATE-CTA) C\u00f3rdoba, advierte que no aceptar\u00e1 de ning\u00fan modo que el Gobierno Provincial no abone en tiempo y forma los salarios y jubilaciones de abril, tal como lo ha dejado entrever el Ministro de [&hellip;]<\/p>\n","protected":false},"author":1,"featured_media":19220,"comment_status":"open","ping_status":"open","sticky":true,"template":"","format":"standard","meta":{"_exactmetrics_skip_tracking":false,"_exactmetrics_sitenote_active":false,"_exactmetrics_sitenote_note":"","_exactmetrics_sitenote_category":0,"jnews-multi-image_gallery":[],"jnews_single_post":[],"jnews_primary_category":[],"jnews_social_meta":[],"jnews_review":[],"enable_review":"","type":"","name":"","summary":"","brand":"","sku":"","good":[],"bad":[],"score_override":"","override_value":"","rating":[],"price":[],"jnews_override_counter":[],"jnews_post_split":[],"footnotes":""},"categories":[1],"tags":[],"class_list":["post-12612","post","type-post","status-publish","format-standard","has-post-thumbnail","hentry","category-sin-categoria"],"jetpack_featured_media_url":"https:\/\/atecordoba.org\/wp-content\/uploads\/2020\/05\/logo-nuevochico-e1561581322808.png","_links":{"self":[{"href":"https:\/\/atecordoba.org\/index.php?rest_route=\/wp\/v2\/posts\/12612","targetHints":{"allow":["GET"]}}],"collection":[{"href":"https:\/\/atecordoba.org\/index.php?rest_route=\/wp\/v2\/posts"}],"about":[{"href":"https:\/\/atecordoba.org\/index.php?rest_route=\/wp\/v2\/types\/post"}],"author":[{"embeddable":true,"href":"https:\/\/atecordoba.org\/index.php?rest_route=\/wp\/v2\/users\/1"}],"replies":[{"embeddable":true,"href":"https:\/\/atecordoba.org\/index.php?rest_route=%2Fwp%2Fv2%2Fcomments&post=12612"}],"version-history":[{"count":1,"href":"https:\/\/atecordoba.org\/index.php?rest_route=\/wp\/v2\/posts\/12612\/revisions"}],"predecessor-version":[{"id":18449,"href":"https:\/\/atecordoba.org\/index.php?rest_route=\/wp\/v2\/posts\/12612\/revisions\/18449"}],"wp:featuredmedia":[{"embeddable":true,"href":"https:\/\/atecordoba.org\/index.php?rest_route=\/wp\/v2\/media\/19220"}],"wp:attachment":[{"href":"https:\/\/atecordoba.org\/index.php?rest_route=%2Fwp%2Fv2%2Fmedia&parent=12612"}],"wp:term":[{"taxonomy":"category","embeddable":true,"href":"https:\/\/atecordoba.org\/index.php?rest_route=%2Fwp%2Fv2%2Fcategories&post=12612"},{"taxonomy":"post_tag","embeddable":true,"href":"https:\/\/atecordoba.org\/index.php?rest_route=%2Fwp%2Fv2%2Ftags&post=12612"}],"curies":[{"name":"wp","href":"https:\/\/api.w.org\/{rel}","templated":true}]}}