{"id":12601,"date":"2020-04-06T20:05:03","date_gmt":"2020-04-06T23:05:03","guid":{"rendered":"https:\/\/www.atecordoba.org\/?p=12601"},"modified":"2020-05-05T09:09:44","modified_gmt":"2020-05-05T12:09:44","slug":"ate-reclama-reincorporacion-y-ayuda-social-para-despedidos","status":"publish","type":"post","link":"https:\/\/atecordoba.org\/?p=12601","title":{"rendered":"ATE reclama reincorporaci\u00f3n y ayuda social para despedidos"},"content":{"rendered":"\n<p><em>En la teleconferencia de la Comisi\u00f3n de Relevamiento y Reincorporaci\u00f3n de Despedidos\/as de la Era Macri (CORREDMA) realizada hoy, adem\u00e1s, se inform\u00f3 sobre la reincorporaci\u00f3n de dos trabajadores en INAI y SENASA.<\/em><\/p>\n\n\n\n<figure class=\"wp-block-gallery aligncenter columns-3 is-cropped wp-block-gallery-1 is-layout-flex wp-block-gallery-is-layout-flex\"><ul class=\"blocks-gallery-grid\"><li class=\"blocks-gallery-item\"><figure><img decoding=\"async\" src=\"http:\/\/atecordoba.org\/wp-content\/uploads\/2020\/05\/7-594x1024.jpg\" alt=\"\" data-id=\"12602\" data-full-url=\"https:\/\/www.atecordoba.org\/wp-content\/uploads\/2020\/04\/7.jpeg\" data-link=\"https:\/\/www.atecordoba.org\/?attachment_id=12602\" class=\"wp-image-12602\"\/><\/figure><\/li><li class=\"blocks-gallery-item\"><figure><img decoding=\"async\" src=\"http:\/\/atecordoba.org\/wp-content\/uploads\/2020\/05\/8-590x1024.jpg\" alt=\"\" data-id=\"12603\" data-full-url=\"https:\/\/www.atecordoba.org\/wp-content\/uploads\/2020\/04\/8.jpeg\" data-link=\"https:\/\/www.atecordoba.org\/?attachment_id=12603\" class=\"wp-image-12603\"\/><\/figure><\/li><li class=\"blocks-gallery-item\"><figure><img decoding=\"async\" src=\"http:\/\/atecordoba.org\/wp-content\/uploads\/2020\/05\/1-554x1024.jpg\" alt=\"\" data-id=\"12604\" data-full-url=\"https:\/\/www.atecordoba.org\/wp-content\/uploads\/2020\/04\/1.jpeg\" data-link=\"https:\/\/www.atecordoba.org\/?attachment_id=12604\" class=\"wp-image-12604\"\/><\/figure><\/li><li class=\"blocks-gallery-item\"><figure><img decoding=\"async\" src=\"http:\/\/atecordoba.org\/wp-content\/uploads\/2020\/05\/2-594x1024.jpg\" alt=\"\" data-id=\"12605\" data-full-url=\"https:\/\/www.atecordoba.org\/wp-content\/uploads\/2020\/04\/2.jpeg\" data-link=\"https:\/\/www.atecordoba.org\/?attachment_id=12605\" class=\"wp-image-12605\"\/><\/figure><\/li><li class=\"blocks-gallery-item\"><figure><img decoding=\"async\" src=\"http:\/\/atecordoba.org\/wp-content\/uploads\/2020\/05\/3-591x1024.jpg\" alt=\"\" data-id=\"12606\" data-full-url=\"https:\/\/www.atecordoba.org\/wp-content\/uploads\/2020\/04\/3.jpeg\" data-link=\"https:\/\/www.atecordoba.org\/?attachment_id=12606\" class=\"wp-image-12606\"\/><\/figure><\/li><li class=\"blocks-gallery-item\"><figure><img decoding=\"async\" src=\"http:\/\/atecordoba.org\/wp-content\/uploads\/2020\/05\/4-590x1024.jpg\" alt=\"\" data-id=\"12607\" data-full-url=\"https:\/\/www.atecordoba.org\/wp-content\/uploads\/2020\/04\/4.jpeg\" data-link=\"https:\/\/www.atecordoba.org\/?attachment_id=12607\" class=\"wp-image-12607\"\/><\/figure><\/li><li class=\"blocks-gallery-item\"><figure><img decoding=\"async\" src=\"http:\/\/atecordoba.org\/wp-content\/uploads\/2020\/05\/5-622x1024.jpg\" alt=\"\" data-id=\"12608\" data-full-url=\"https:\/\/www.atecordoba.org\/wp-content\/uploads\/2020\/04\/5.jpeg\" data-link=\"https:\/\/www.atecordoba.org\/?attachment_id=12608\" class=\"wp-image-12608\"\/><\/figure><\/li><li class=\"blocks-gallery-item\"><figure><img decoding=\"async\" src=\"http:\/\/atecordoba.org\/wp-content\/uploads\/2020\/05\/6-587x1024.jpg\" alt=\"\" data-id=\"12609\" data-full-url=\"https:\/\/www.atecordoba.org\/wp-content\/uploads\/2020\/04\/6.jpeg\" data-link=\"https:\/\/www.atecordoba.org\/?attachment_id=12609\" class=\"wp-image-12609\"\/><\/figure><\/li><\/ul><\/figure>\n\n\n\n<p>La CORREDMA C\u00f3rdoba, dependiente del Consejo Directivo Provincial de ATE, se convoc\u00f3 hoy de manera &#8220;virtual&#8221; para discutir sobre la dif\u00edcil coyuntura por la que est\u00e1n atravesando quienes fueron despedidos y despedidas por el macrismo. Con la participaci\u00f3n de una veintena de compa\u00f1eros y compa\u00f1eras pertenecientes a la Secretaria de Agricultura Familiar (SAF), SENASA, Anses (San Francisco), Inti (apoyando desde su experiencia de  reincorporaci\u00f3n total de los  y las despedidas que lograron con la lucha de ATE), F\u00e1brica Militar de R\u00edo Tercero, F\u00e1brica Argentina de Aviones (Fadea) y Docentes Civiles de Gendarmer\u00eda y con la presencia de los Coordinadores Nacionales  de la Comisi\u00f3n, compa\u00f1eros C\u00e9sar Bali\u00f1a y Pancho Dolmann, se hizo un completo repaso de la situaci\u00f3n social y econ\u00f3mica del pa\u00eds, desde la particular \u00f3ptica de quienes trabajamos para sostener las pol\u00edticas p\u00fablicas.<\/p>\n\n\n\n<p>&#8220;Luego de la apertura en donde comentamos el estado de situaci\u00f3n de  parate generalizado por el aislamiento social debido a la Pandemia del  Coronavirus, fortalecimos en el sentido de contenernos, seguir  construyendo lazos de solidaridad, mantenernos unidos, no perder el  rumbo ni de vista quienes son los que deben dar respuestas&#8221;, expres\u00f3 en sus redes el Secretario General de ATE C\u00f3rdoba, Federico Giuliani. &#8220;S\u00ed fuimos claros en la quietud y pasividad que tuvo sobre este tema tan delicado el Gobierno Nacional en los primeros 90 d\u00edas de gesti\u00f3n en donde solo se  recuperaron menos de mil puestos de trabajo de un total de m\u00e1s de 35 mil despedidos y despedidas&#8221;, manifest\u00f3 Giuliani.<\/p>\n\n\n\n<p>&#8220;En este marco tuvimos dos importantes noticias, fruto de la gesti\u00f3n y la lucha de ATE C\u00f3rdoba, que  fueron las recientes reincorporaciones de los compa\u00f1eros Esteban Traverso de Senasa C\u00f3rdoba y Marcelo Ray del Instituto Nacional de Asuntos Ind\u00edgenas (Inai)&#8221;, destac\u00f3 Giuliani.<br>Las resoluciones de la reuni\u00f3n, fueron:<\/p>\n\n\n\n<p>1) Exigir la inmediata reincorporaci\u00f3n de todas y todos los despedidos del Estado Nacional. <br>2) Ayuda social en esta emergencia alimentaria y social que viven  nuestros compa\u00f1eros y compa\u00f1eras que est\u00e1n desocupados, haciendo alguna  changa o trabajando en negro.<br>3) Utilizaremos las redes  sociales para seguir reclamando y poniendo en agenda nuestra exigencia  inclaudicable de reincorporaci\u00f3n inmediata hasta tanto volvamos del aislamiento por la cuarentena.<br>4) Elevaremos un proyecto productivo de los Trabajadores y Trabajadoras  despedidas de Fadea (obreros y obreras calificadas) para desarrollar  elementos dentro de la F\u00e1brica sin cobrar, que sirvan como insumos para  combatir la pandemia.<\/p>\n\n\n\n<p>&#8220;Nuestro desaf\u00edo desde que asumimos fue buscar,  encontrar, conocer, contener, organizar y luchar con cada despedido y cada despedida del Estado Nacional, echados sin motivos por el Macrismo  para que vuelvan a sus puestos de trabajo&#8221;, expres\u00f3 el Secretario General de ATE C\u00f3rdoba.<\/p>\n\n\n\n<p>&#8220;Angustia y desespera escuchar los testimonios desgarradores de quienes perdieron su laburo&#8221;, manifest\u00f3 Giuliani quien  expres\u00f3 su compromiso &#8220;en esta etapa que me toca encabezar la conducci\u00f3n con 700 Trabajadores y Trabajadoras sin trabajo, sin sutento. Esa es la fortaleza para dar la pelea, porque la \u00fanica lucha que se pierde es la que se abandona&#8221;, ratific\u00f3.<\/p>\n\n\n\n<p>&#8220;Esta conducci\u00f3n provincial no va a cesar hasta lograr este justo objetivo. No nos olvidamos de ninguna ni ning\u00fan despedido. Es con todxs. Somos ATE. Es con ATE&#8221;, sentenci\u00f3 Giuliani en sus redes.<\/p>\n\n\n\n<hr class=\"wp-block-separator\"\/>\n\n\n\n<p><strong>Principales acciones de la CORREDMA en C\u00f3rdoba<\/strong><\/p>\n\n\n\n<ul class=\"wp-block-list\"><li>16 de noviembre inicio Corredma C\u00f3rdoba<\/li><li>Diciembre publicaci\u00f3n con relevamiento de despedidos y funciones vacantes tras despidos por \u00e1reas del Estado Nacional en C\u00f3rdoba<\/li><li>Radio Abierta en Plaza San Mart\u00edn 5 de diciembre de 2019 <\/li><li>Primera reuni\u00f3n e incorporaci\u00f3n de despedidos de FAdeA en Enero<\/li><li>Febrero plenario con Gabriela Est\u00e9vez <\/li><li>Jueves 13 de febrero Jornada Provincial de Protesta CORREDMA C\u00f3rdoba con cortes, volanteadas y Asambleas en toda la provincia <\/li><li>Viernes de febrero y marzo, clases abiertas en distintos puntos de la ciudad, realizadas por despedidos\/asde FADEA<\/li><li>Reincorporaciones en INTI, en INAI y SENASA<\/li><li>Para marzo estaba prevista la realizaci\u00f3n de una pe\u00f1a de CORREDMA para conformar un fondo de huelga: la misma debi\u00f3 ser pospuesta debido a la situaci\u00f3n del coronavirus.<\/li><li>A partir de la declaraci\u00f3n de la pandemia las instancias de reuniones y gestiones fueron todas por medios &#8220;virtuales&#8221; y se contin\u00faa reclamando por la inmediata reincorporaci\u00f3n de los despedidos.<\/li><\/ul>\n","protected":false},"excerpt":{"rendered":"<p>En la teleconferencia de la Comisi\u00f3n de Relevamiento y Reincorporaci\u00f3n de Despedidos\/as de la Era Macri (CORREDMA) realizada hoy, adem\u00e1s, se inform\u00f3 sobre la reincorporaci\u00f3n de dos trabajadores en INAI y SENASA. La CORREDMA C\u00f3rdoba, dependiente del Consejo Directivo Provincial de ATE, se convoc\u00f3 hoy de manera &#8220;virtual&#8221; para discutir sobre la dif\u00edcil coyuntura por [&hellip;]<\/p>\n","protected":false},"author":1,"featured_media":19220,"comment_status":"open","ping_status":"open","sticky":true,"template":"","format":"standard","meta":{"_exactmetrics_skip_tracking":false,"_exactmetrics_sitenote_active":false,"_exactmetrics_sitenote_note":"","_exactmetrics_sitenote_category":0,"jnews-multi-image_gallery":[],"jnews_single_post":[],"jnews_primary_category":[],"jnews_social_meta":[],"jnews_review":[],"enable_review":"","type":"","name":"","summary":"","brand":"","sku":"","good":[],"bad":[],"score_override":"","override_value":"","rating":[],"price":[],"jnews_override_counter":[],"jnews_post_split":[],"footnotes":""},"categories":[1],"tags":[],"class_list":["post-12601","post","type-post","status-publish","format-standard","has-post-thumbnail","hentry","category-sin-categoria"],"jetpack_featured_media_url":"https:\/\/atecordoba.org\/wp-content\/uploads\/2020\/05\/logo-nuevochico-e1561581322808.png","_links":{"self":[{"href":"https:\/\/atecordoba.org\/index.php?rest_route=\/wp\/v2\/posts\/12601","targetHints":{"allow":["GET"]}}],"collection":[{"href":"https:\/\/atecordoba.org\/index.php?rest_route=\/wp\/v2\/posts"}],"about":[{"href":"https:\/\/atecordoba.org\/index.php?rest_route=\/wp\/v2\/types\/post"}],"author":[{"embeddable":true,"href":"https:\/\/atecordoba.org\/index.php?rest_route=\/wp\/v2\/users\/1"}],"replies":[{"embeddable":true,"href":"https:\/\/atecordoba.org\/index.php?rest_route=%2Fwp%2Fv2%2Fcomments&post=12601"}],"version-history":[{"count":1,"href":"https:\/\/atecordoba.org\/index.php?rest_route=\/wp\/v2\/posts\/12601\/revisions"}],"predecessor-version":[{"id":18458,"href":"https:\/\/atecordoba.org\/index.php?rest_route=\/wp\/v2\/posts\/12601\/revisions\/18458"}],"wp:featuredmedia":[{"embeddable":true,"href":"https:\/\/atecordoba.org\/index.php?rest_route=\/wp\/v2\/media\/19220"}],"wp:attachment":[{"href":"https:\/\/atecordoba.org\/index.php?rest_route=%2Fwp%2Fv2%2Fmedia&parent=12601"}],"wp:term":[{"taxonomy":"category","embeddable":true,"href":"https:\/\/atecordoba.org\/index.php?rest_route=%2Fwp%2Fv2%2Fcategories&post=12601"},{"taxonomy":"post_tag","embeddable":true,"href":"https:\/\/atecordoba.org\/index.php?rest_route=%2Fwp%2Fv2%2Ftags&post=12601"}],"curies":[{"name":"wp","href":"https:\/\/api.w.org\/{rel}","templated":true}]}}