{"id":12596,"date":"2020-04-06T10:17:06","date_gmt":"2020-04-06T13:17:06","guid":{"rendered":"https:\/\/www.atecordoba.org\/?p=12596"},"modified":"2020-05-05T09:09:44","modified_gmt":"2020-05-05T12:09:44","slug":"contra-el-cierre-del-equipo-de-salud-mental-en-villa-el-libertador-dispuesto-por-el-gobierno-de-cordoba","status":"publish","type":"post","link":"https:\/\/atecordoba.org\/?p=12596","title":{"rendered":"Contra el cierre del Equipo de Salud Mental en Villa El Libertador, dispuesto por el Gobierno de C\u00f3rdoba"},"content":{"rendered":"\n<div class=\"wp-block-image\"><figure class=\"aligncenter size-large is-resized\"><img loading=\"lazy\" decoding=\"async\" src=\"http:\/\/atecordoba.org\/wp-content\/uploads\/2020\/05\/04-05-Comunicado-Salud-Mental-ATE_page-0001-725x1024.jpg\" alt=\"\" class=\"wp-image-12597\" width=\"300\" height=\"424\"\/><figcaption>Comunicado completo en PDF <a href=\"https:\/\/www.atecordoba.org\/wp-content\/uploads\/2020\/04\/04-05-Comunicado-Salud-Mental-ATE.pdf\" target=\"_blank\" rel=\"noreferrer noopener\" aria-label=\"aqu\u00ed (se abre en una nueva pesta\u00f1a)\">aqu\u00ed<\/a><\/figcaption><\/figure><\/div>\n\n\n\n<p><\/p>\n\n\n\n<p>El Estado Provincial ha vuelto a dar un paso m\u00e1s en el sentido de la desprotecci\u00f3n de sus ciudadanos\/as: <strong>hoy ha dispuesto el cierre del Equipo de Atenci\u00f3n Comunitaria de Salud Mental de Villa El Libertador<\/strong>. La decisi\u00f3n ha correspondido a la Secretar\u00eda de Salud Mental del Gobierno de la Provincia de C\u00f3rdoba, a cargo del Dr. Emilio Filipponi, y fue instrumentada por la Direcci\u00f3n de Salud Mental, a cargo de la Lic. Mar\u00eda P\u00eda Guidetti. De esta manera, vuelven a poner de manifiesto el inocultable desprecio por la salud mental, sus profesionales y toda la comunidad, a la vez que demuestran el nefasto oportunismo para realizar estas acciones ante la situaci\u00f3n de emergencia sanitaria que no nos permite manifestarnos\u00a0 en nuestros lugares de trabajo, junto a las comunidades de las cuales formamos parte. <\/p>\n\n\n\n<p>Podemos afirmar que en C\u00f3rdoba no se cuida a los que cuidan, se generan\ntraslados compulsivos como este y se desmantela el trabajo de promoci\u00f3n,\nprevenci\u00f3n y asistencia de la salud mental. <strong>El cierre del \u00c1rea de Salud Mental en Villa El Libertador dejar\u00e1 sin\natenci\u00f3n a m\u00e1s 100.000 habitantes de esa jurisdicci\u00f3n y no hay forma de\njustificar semejante atropello. <\/strong>Garantizar el acceso al servicio de salud\nmental, es responsabilidad del Estado. No hacerlo, favorece el malestar y la\nangustia de la poblaci\u00f3n que est\u00e1 ya afectada por m\u00faltiples necesidades previas\na la pandemia, pero que la Emergencia Sanitaria no ha hecho m\u00e1s que profundizar.\n<\/p>\n\n\n\n<p>Esta medida arbitraria, inconsulta con la comunidad y las trabajadoras y\ntrabajadores, no responde a un criterio de salud y, lejos de llevar\ntranquilidad a la poblaci\u00f3n, es una muestra m\u00e1s de violencia y autoritarismo\ninstitucional. <\/p>\n\n\n\n<p><strong>No al traslado arbitrario de los trabajadores\nestatales de salud.<\/strong><\/p>\n\n\n\n<p><strong>No al cierre de centros de salud mental.<\/strong><\/p>\n\n\n\n<p><strong>Cuidemos a los que cuidan.<\/strong><\/p>\n\n\n\n<p><strong>ATE Siempre Est\u00e1.<\/strong><\/p>\n","protected":false},"excerpt":{"rendered":"<p>El Estado Provincial ha vuelto a dar un paso m\u00e1s en el sentido de la desprotecci\u00f3n de sus ciudadanos\/as: hoy ha dispuesto el cierre del Equipo de Atenci\u00f3n Comunitaria de Salud Mental de Villa El Libertador. La decisi\u00f3n ha correspondido a la Secretar\u00eda de Salud Mental del Gobierno de la Provincia de C\u00f3rdoba, a cargo [&hellip;]<\/p>\n","protected":false},"author":1,"featured_media":19220,"comment_status":"open","ping_status":"open","sticky":true,"template":"","format":"standard","meta":{"_exactmetrics_skip_tracking":false,"_exactmetrics_sitenote_active":false,"_exactmetrics_sitenote_note":"","_exactmetrics_sitenote_category":0,"jnews-multi-image_gallery":[],"jnews_single_post":[],"jnews_primary_category":[],"jnews_social_meta":[],"jnews_review":[],"enable_review":"","type":"","name":"","summary":"","brand":"","sku":"","good":[],"bad":[],"score_override":"","override_value":"","rating":[],"price":[],"jnews_override_counter":[],"jnews_post_split":[],"footnotes":""},"categories":[1],"tags":[],"class_list":["post-12596","post","type-post","status-publish","format-standard","has-post-thumbnail","hentry","category-sin-categoria"],"jetpack_featured_media_url":"https:\/\/atecordoba.org\/wp-content\/uploads\/2020\/05\/logo-nuevochico-e1561581322808.png","_links":{"self":[{"href":"https:\/\/atecordoba.org\/index.php?rest_route=\/wp\/v2\/posts\/12596","targetHints":{"allow":["GET"]}}],"collection":[{"href":"https:\/\/atecordoba.org\/index.php?rest_route=\/wp\/v2\/posts"}],"about":[{"href":"https:\/\/atecordoba.org\/index.php?rest_route=\/wp\/v2\/types\/post"}],"author":[{"embeddable":true,"href":"https:\/\/atecordoba.org\/index.php?rest_route=\/wp\/v2\/users\/1"}],"replies":[{"embeddable":true,"href":"https:\/\/atecordoba.org\/index.php?rest_route=%2Fwp%2Fv2%2Fcomments&post=12596"}],"version-history":[{"count":1,"href":"https:\/\/atecordoba.org\/index.php?rest_route=\/wp\/v2\/posts\/12596\/revisions"}],"predecessor-version":[{"id":18460,"href":"https:\/\/atecordoba.org\/index.php?rest_route=\/wp\/v2\/posts\/12596\/revisions\/18460"}],"wp:featuredmedia":[{"embeddable":true,"href":"https:\/\/atecordoba.org\/index.php?rest_route=\/wp\/v2\/media\/19220"}],"wp:attachment":[{"href":"https:\/\/atecordoba.org\/index.php?rest_route=%2Fwp%2Fv2%2Fmedia&parent=12596"}],"wp:term":[{"taxonomy":"category","embeddable":true,"href":"https:\/\/atecordoba.org\/index.php?rest_route=%2Fwp%2Fv2%2Fcategories&post=12596"},{"taxonomy":"post_tag","embeddable":true,"href":"https:\/\/atecordoba.org\/index.php?rest_route=%2Fwp%2Fv2%2Ftags&post=12596"}],"curies":[{"name":"wp","href":"https:\/\/api.w.org\/{rel}","templated":true}]}}