{"id":12586,"date":"2020-04-03T23:07:17","date_gmt":"2020-04-04T02:07:17","guid":{"rendered":"https:\/\/www.atecordoba.org\/?p=12586"},"modified":"2020-05-05T09:09:44","modified_gmt":"2020-05-05T12:09:44","slug":"teleconferencia-con-representantes-de-organismos-nacionales-un-estado-para-la-vida-no-para-sus-negocios","status":"publish","type":"post","link":"https:\/\/atecordoba.org\/?p=12586","title":{"rendered":"Teleconferencia con representantes de organismos Nacionales: Un Estado para la vida, no para sus negocios"},"content":{"rendered":"\n<p><em>3 de abril de 2020 &#8211; COMUNICADO DE PRENSA ATE C\u00d3RDOBA<\/em> &#8211; pdf <a href=\"https:\/\/www.atecordoba.org\/wp-content\/uploads\/2020\/04\/03-04-Plenario-Nacionales-ATE.pdf\" target=\"_blank\" rel=\"noreferrer noopener\" aria-label=\"aqu\u00ed (se abre en una nueva pesta\u00f1a)\">aqu\u00ed<\/a><\/p>\n\n\n\n<figure class=\"wp-block-gallery columns-3 is-cropped wp-block-gallery-1 is-layout-flex wp-block-gallery-is-layout-flex\"><ul class=\"blocks-gallery-grid\"><li class=\"blocks-gallery-item\"><figure><img decoding=\"async\" src=\"http:\/\/atecordoba.org\/wp-content\/uploads\/2020\/05\/WhatsApp-Image-2020-04-03-at-22.09.39-1024x575.jpg\" alt=\"\" data-id=\"12587\" data-full-url=\"https:\/\/www.atecordoba.org\/wp-content\/uploads\/2020\/04\/WhatsApp-Image-2020-04-03-at-22.09.39.jpeg\" data-link=\"https:\/\/www.atecordoba.org\/?attachment_id=12587\" class=\"wp-image-12587\"\/><\/figure><\/li><li class=\"blocks-gallery-item\"><figure><img decoding=\"async\" src=\"http:\/\/atecordoba.org\/wp-content\/uploads\/2020\/05\/WhatsApp-Image-2020-04-03-at-22.09.40-1024x575.jpg\" alt=\"\" data-id=\"12588\" data-full-url=\"https:\/\/www.atecordoba.org\/wp-content\/uploads\/2020\/04\/WhatsApp-Image-2020-04-03-at-22.09.40.jpeg\" data-link=\"https:\/\/www.atecordoba.org\/?attachment_id=12588\" class=\"wp-image-12588\"\/><\/figure><\/li><li class=\"blocks-gallery-item\"><figure><img decoding=\"async\" src=\"http:\/\/atecordoba.org\/wp-content\/uploads\/2020\/05\/WhatsApp-Image-2020-04-03-at-22.09.39-1-1024x575.jpg\" alt=\"\" data-id=\"12589\" data-full-url=\"https:\/\/www.atecordoba.org\/wp-content\/uploads\/2020\/04\/WhatsApp-Image-2020-04-03-at-22.09.39-1.jpeg\" data-link=\"https:\/\/www.atecordoba.org\/?attachment_id=12589\" class=\"wp-image-12589\"\/><\/figure><\/li><\/ul><\/figure>\n\n\n\n<p><em>En una fruct\u00edfera reuni\u00f3n de 3 horas de duraci\u00f3n, con 73 representantes de 34 sectores de organismos nacionales presentes \u2013que conforman el 28,8% del total de padr\u00f3n de ATE C\u00f3rdoba-, se hizo un completo an\u00e1lisis pol\u00edtico, social, econ\u00f3mico y sindical de este particular momento hist\u00f3rico que estamos viviendo en nuestro pa\u00eds y el mundo.<\/em><\/p>\n\n\n\n<p>La pandemia hace visible el\nestado de nuestra sociedad, es la crisis la que desnuda el sistema. <strong>Las\nmayor\u00edas sociales no tenemos disponible los recursos necesarios para garantizar\nnuestra subsistencia<\/strong>: mientras se desfinancian progresivamente los sistemas\np\u00fablicos de salud, esta se convierte cada vez m\u00e1s en un negocio de pocos; los\nalimentos se amontonan en las grandes superficies comerciales sin llegar a las\ncomunidades; las viviendas se construyen para quedar vac\u00edas y engrosar los\nnegocios de la construcci\u00f3n e inmobiliario, etc. etc.<\/p>\n\n\n\n<p><strong>Plata y comida hay. Solo\nque est\u00e1n abarrotadas en otro circuito<\/strong>: el de la valorizaci\u00f3n\nfinanciera del mercado de capitales y en el mercado de venta de bienes y\nservicios. Reina lo l\u00f3gica privada y as\u00ed el Estado pierde funciones y el Pueblo\nqueda privado de derechos y garant\u00edas.<\/p>\n\n\n\n<p>Es la crisis la que\ndemuestra, ahora, sin vueltas ni adornos ni discursos, que <strong>la \u201clucha\npol\u00edtica\u201d es entre estos intereses: los privados y los sociales<\/strong>, los de\npocos y los de muchos, los privilegios de una minor\u00eda y las necesidades de las\nmayor\u00edas, los de quienes trabajamos y los de quienes viven de nuestro trabajo.<\/p>\n\n\n\n<p>Los sectores del poder econ\u00f3mico pretenden usar estas crisis generadas por ellos para hacernos pagar a quienes vivimos de nuestro trabajo el costo de sus fortunas. Solo por poner un ejemplo que ilustra esta situaci\u00f3n, el mismo Paolo Rocca \u2013due\u00f1o de Techint- cuya fortuna personal asciende a los US$8000 millones amenaza con despedir a 1450 trabajadores \u201ccomo efecto de la crisis provocada por la pandemia\u201d. Ante tales niveles de concentraci\u00f3n econ\u00f3mica, solo decimos que <strong>la crisis del sistema no la produce el virus, sino que es el sistema el que hace que el virus se torne una situaci\u00f3n cr\u00edtica para toda la humanidad<\/strong>.<\/p>\n\n\n\n<p>\u00bfQu\u00e9 suceder\u00eda si los\nrecursos utilizados por los \u201cpa\u00edses emergentes\u201d para saldar sus \u201cdeudas\u201d con\nlos sistemas internacionales de cr\u00e9dito \u2013\u201cde usura\u201d dir\u00edamos- hubiesen sido\nutilizados para el desarrollo de la ciencia y la tecnolog\u00eda?\u00bfQu\u00e9 suceder\u00eda si\nlos recursos asignados por las potencias para la guerra \u2013solo por poner\nejemplos de las \u00faltimas semanas podr\u00edamos nombrar los 30000 efectivos de las\nFuerzas Armadas estadounidenses enviados a Europa o los buques de guerra yanqui\nmovilizados frente a las costas de la hermana Rep\u00fablica Bolivariana de\nVenezuela- fuesen puestos para fomentar la Paz, como a\u00f1o a a\u00f1o hace Cuba con\nsus misiones internacionalistas?\u00bfQu\u00e9 suceder\u00eda si el Sistema Financiero, que\narroj\u00f3 durante los a\u00f1os 2018 y 2019 (a\u00f1os recesivos) un resultado neto de\ncrecimiento de un 205%, levantase la bota de hierro con la que aplasta a la\nclase trabajadora a partir de tasas usurarias en tarjetas de cr\u00e9dito,\npr\u00e9stamos, etc, y relegase esas ganancias para alivianar las cargas de una\npoblaci\u00f3n que en los \u00faltimos a\u00f1os se ha encontrado entre un 25 y un 29% por\ndebajo de la l\u00ednea de la pobreza?\u00bfQu\u00e9 pasar\u00eda si el conjunto de la banca\nprivada (nacional y extranjera) que concentra m\u00e1s del 73% de la liquidez\nampliada del sistema, dispusiese ese dinero para solventar pr\u00e9stamos a las\nPymes?\u00bfQu\u00e9 suceder\u00eda si esos multimillonarios ligados al agro, a la\nagroindustria, al sector alimenticio, a las energ\u00e9ticas, a las\ntelecomunciaciones, al sector inmobiliario, dejasen de hacer crecer sus\nfortunas al ritmo del aumento de los precios de alimentos, tarifas, etc e\nhicieran contribuciones que permitieran morigerar el impacto en el conjunto de\ntrabajadoras y trabajadores? <\/p>\n\n\n\n<p>Sencillamente, en este\norden de cosas, no podr\u00edan hacerlo: necesitan todo ese capital para poder\ncompetir con otras corporaciones globales o para poder incorporarse a sus\nnegocios en otras latitudes. Si algo hemos aprendido es que este sistema es\nferoz y, por m\u00e1s que el lobo se disfrace con piel de cordero, en cuanto el\ncordero est\u00e1 atado inevitablemente se convierte en su alimento. Por eso, desde\nATE ratificamos que no vamos a ser quienes \u201cpacifiquemos\u201d y entreguemos a\ncompa\u00f1eros y compa\u00f1eras.<\/p>\n\n\n\n<p>La organizaci\u00f3n gremial\nexige que asumamos el momento con total responsabilidad y pidamos por reformas\nprofundas del Estado que ataquen los intereses de los poderosos. Porque esto se\ntrata de eso, de que el Estado asuma nuestros intereses y:<\/p>\n\n\n\n<ul class=\"wp-block-list\"><li>Dote de recursos humanos bien pagos, de insumos, de edificios al sistema de salud, haciendo hincapi\u00e9 en la promoci\u00f3n y prevenci\u00f3n y la atenci\u00f3n primaria. En ese sentido, recordamos que compa\u00f1eros y compa\u00f1eras v\u00edctimas del ajuste macrista en la Direcci\u00f3n de Enfermedades Transmisibles por Vectores siguen sin ser reincorporados, entre tantas otras \u00e1reas del Estado que a\u00fan no han sido munidas con los recursos necesarios \u201cpor la negociaci\u00f3n con el FMI\u201d y cuanta otra excusa se les ocurra. En este punto, desde ATE C\u00f3rdoba, crearemos la Mesa de Salud para coordinar los esfuerzos delas representaciones;<\/li><li>Dote de recursos a las F\u00e1bricas Militares que, sumadas a todas las funciones que conocemos, produzca cuestiones b\u00e1sicas para nuestros hospitales \u2013camas, portasueros, etc-. Esto permitir\u00e1 reactivar estas \u00e1reas productivas, reincorporar a despedidxs y no caer en las redes especulativas de los proveedores del Estado;<\/li><li>Garantice la seguridad y soberan\u00eda alimentaria para todo el Pueblo. Y en ello es fundamental la reincorporaci\u00f3n de todos los compa\u00f1eros y compa\u00f1eras despedidas\/os de SAF, INTA, SENASA, para garantizar circuitos soberanos de producci\u00f3n, distribuci\u00f3n y consumo de alimentos. De la tem\u00e1tica estar\u00e1 a cargo la Mesa de Organismos Agroalimentarios, de Investigaci\u00f3n y Extensi\u00f3n del campo (MOATIE);<\/li><li>Que garantice el control popular de las telecomunicaciones fortaleciendo al ENACOM, ARSAT, INVAP, CONAE. En ese sentido, desde ATE conformaremos una Mesa de Telecomunicaciones con trabajadores\/as del sector;<\/li><li>Que reabra la paritaria y pase a planta permanente a los\/las miles de contratados\/as para garantizar la continuidad de los derechos y pol\u00edticas p\u00fablicas, reincorpore a los miles de despedidos y despedidas de la era Macri y recomponga el salario a los niveles de dignidad que nunca deber\u00eda de haber perdido;<\/li><li>Que disponga una verdadera y cabal paridad de g\u00e9nero, contra cualquier discriminaci\u00f3n econ\u00f3mica, maltrato y precarizaci\u00f3n de ning\u00fan tipo, en especial ante la evidente brecha salarial y dem\u00e1s situaciones que afectan fundamentalmente a las mujeres y diversidades pertenecientes a las comunidades LGBTQ+. Para ello, desde ATE C\u00f3rdoba hemos conformado nuestra mesa de Trabajo de G\u00e9nero y Diversidades que abordar\u00e1 la problem\u00e1tica en particular para construir relaciones sociales m\u00e1s justas tambi\u00e9n en los \u00e1mbitos laborales.<\/li><li>Que no pague la deuda externa con el FMI, disponiendo esos recursos para fortalecer la asistencia social a los sectores m\u00e1s vulnerables y afianzar los entramados productivos soberanos en \u00e1reas estrat\u00e9gicas como las telecomunicaciones, la energ\u00eda, entre otras y que asuma el costo de que ning\u00fan trabajador\/a gane por debajo de la canasta b\u00e1sica;<\/li><li>Que financie la producci\u00f3n de conocimiento de punta en nuestras Universidad P\u00fablicas, Conicet y otros institutos. Desde ATE conformar una Mesa de Trabajadoras\/es de Universidades Nacionales para avanzar en los reclamos particulares en el marco de construcci\u00f3n de un Estado soberano al servicio del pueblo; &#8211; Ning\u00fan trabajador\/a por debajo de la canasta b\u00e1sica;<\/li><\/ul>\n\n\n\n<p><strong>Que la crisis la paguen\nellos, los poderosos. Y si no les gusta, expropiar.<\/strong><\/p>\n\n\n\n<p>Las organizaciones populares, sociales, de trabajadores\/as nos uniremos para construir el Estado que necesitamos para la felicidad del Pueblo y la Justicia Social. Nos gu\u00eda la solidaridad y las ansias de un mundo donde quepan muchos mundos: por ello tambi\u00e9n nos mandatamos a realizar acciones efectivas con el conjunto de las barriadas populares que la est\u00e1n pasando mal desde hace tiempo pero y muy especialmente en este cr\u00edtico momento.  <\/p>\n\n\n\n<p>Para que el esfuerzo del\npueblo valga la pena; para que el trabajo del personal de la salud que est\u00e1 en\nla Primera L\u00ednea del frente de batalla contra la Pandemia, valga la pena,\ntenemos que tener en claro que <strong>si no conquistamos la soberan\u00eda popular, no\nhay Naci\u00f3n posible. Esa es nuestra lucha.<\/strong><\/p>\n\n\n\n<p>Desde ATE C\u00f3rdoba\nratificamos que <strong>cada lugar de la vida cotidiana es una trinchera de lucha y\nde construcci\u00f3n de poder<\/strong> de la clase trabajadora. <strong>Que ning\u00fan dirigente\npol\u00edtico, sindical, empresarial, del sector que sea, se haga el distra\u00eddo.<\/strong>\nPorque es el momento y ser\u00e1&nbsp; \u201ccon los dirigentes a la cabeza, o&#8230;\u201d<\/p>\n\n\n\n<p><strong>\u00a1Viva la el Pueblo\nTrabajador!<\/strong><\/p>\n\n\n\n<p><strong>\u00a1Viva la lucha pol\u00edtica\ncomo herramienta para la transformaci\u00f3n!<\/strong><\/p>\n","protected":false},"excerpt":{"rendered":"<p>3 de abril de 2020 &#8211; COMUNICADO DE PRENSA ATE C\u00d3RDOBA &#8211; pdf aqu\u00ed En una fruct\u00edfera reuni\u00f3n de 3 horas de duraci\u00f3n, con 73 representantes de 34 sectores de organismos nacionales presentes \u2013que conforman el 28,8% del total de padr\u00f3n de ATE C\u00f3rdoba-, se hizo un completo an\u00e1lisis pol\u00edtico, social, econ\u00f3mico y sindical de [&hellip;]<\/p>\n","protected":false},"author":1,"featured_media":19220,"comment_status":"open","ping_status":"open","sticky":true,"template":"","format":"standard","meta":{"_exactmetrics_skip_tracking":false,"_exactmetrics_sitenote_active":false,"_exactmetrics_sitenote_note":"","_exactmetrics_sitenote_category":0,"jnews-multi-image_gallery":[],"jnews_single_post":[],"jnews_primary_category":[],"jnews_social_meta":[],"jnews_review":[],"enable_review":"","type":"","name":"","summary":"","brand":"","sku":"","good":[],"bad":[],"score_override":"","override_value":"","rating":[],"price":[],"jnews_override_counter":[],"jnews_post_split":[],"footnotes":""},"categories":[1],"tags":[],"class_list":["post-12586","post","type-post","status-publish","format-standard","has-post-thumbnail","hentry","category-sin-categoria"],"jetpack_featured_media_url":"https:\/\/atecordoba.org\/wp-content\/uploads\/2020\/05\/logo-nuevochico-e1561581322808.png","_links":{"self":[{"href":"https:\/\/atecordoba.org\/index.php?rest_route=\/wp\/v2\/posts\/12586","targetHints":{"allow":["GET"]}}],"collection":[{"href":"https:\/\/atecordoba.org\/index.php?rest_route=\/wp\/v2\/posts"}],"about":[{"href":"https:\/\/atecordoba.org\/index.php?rest_route=\/wp\/v2\/types\/post"}],"author":[{"embeddable":true,"href":"https:\/\/atecordoba.org\/index.php?rest_route=\/wp\/v2\/users\/1"}],"replies":[{"embeddable":true,"href":"https:\/\/atecordoba.org\/index.php?rest_route=%2Fwp%2Fv2%2Fcomments&post=12586"}],"version-history":[{"count":1,"href":"https:\/\/atecordoba.org\/index.php?rest_route=\/wp\/v2\/posts\/12586\/revisions"}],"predecessor-version":[{"id":18465,"href":"https:\/\/atecordoba.org\/index.php?rest_route=\/wp\/v2\/posts\/12586\/revisions\/18465"}],"wp:featuredmedia":[{"embeddable":true,"href":"https:\/\/atecordoba.org\/index.php?rest_route=\/wp\/v2\/media\/19220"}],"wp:attachment":[{"href":"https:\/\/atecordoba.org\/index.php?rest_route=%2Fwp%2Fv2%2Fmedia&parent=12586"}],"wp:term":[{"taxonomy":"category","embeddable":true,"href":"https:\/\/atecordoba.org\/index.php?rest_route=%2Fwp%2Fv2%2Fcategories&post=12586"},{"taxonomy":"post_tag","embeddable":true,"href":"https:\/\/atecordoba.org\/index.php?rest_route=%2Fwp%2Fv2%2Ftags&post=12586"}],"curies":[{"name":"wp","href":"https:\/\/api.w.org\/{rel}","templated":true}]}}