{"id":12582,"date":"2020-04-02T13:18:11","date_gmt":"2020-04-02T16:18:11","guid":{"rendered":"https:\/\/www.atecordoba.org\/?p=12582"},"modified":"2020-07-29T15:04:36","modified_gmt":"2020-07-29T18:04:36","slug":"teleconferencia-municipales-definiciones-del-plenario","status":"publish","type":"post","link":"https:\/\/atecordoba.org\/?p=12582","title":{"rendered":"Teleconferencia de Municipales: definiciones del segundo Plenario"},"content":{"rendered":"\r\n<p><em>Ayer 1 de abril se realiz\u00f3 una teleconferencia del Sector Municipal del Consejo Directivo Provincial de ATE C\u00f3rdoba, con la presencia de 53 participantes, delegados y delegadas de 62 municipios y comunas aproximadamente.<\/em><\/p>\r\n\r\n\r\n\r\n<figure class=\"wp-block-image size-large\"><img decoding=\"async\" class=\"wp-image-12583\" src=\"http:\/\/atecordoba.org\/wp-content\/uploads\/2020\/05\/Teleconferencia-zoom-1024x537.jpg\" alt=\"\" \/><\/figure>\r\n\r\n\r\n\r\n<p>El sector nuclea hoy 1954 afiliados y representa el 30,65% del padr\u00f3n gremial de las afiliaciones de la Provincia. Adem\u00e1s, cuenta con tres Secretarias y Secretario Generales de las seccionales provinciales.<\/p>\r\n\r\n\r\n\r\n<p>Luego de la apertura hubo un intenso debate de m\u00e1s de dos horas en donde sacamos como conclusiones los siguientes puntos:<\/p>\r\n\r\n\r\n\r\n<p>1) <strong>Revalorizar el Trabajo<\/strong> de los y las Estatales para la concreci\u00f3n de derechos en cada Comuna y Municipio<\/p>\r\n\r\n\r\n\r\n<p>2) <strong>No vamos a permitir<\/strong>, en este, marco que se cambie el eje de la discusi\u00f3n. Inmediata apertura de paritarias y rechazo rotundo de<\/p>\r\n\r\n\r\n\r\n<ul class=\"wp-block-list\">\r\n<li>a) Reducciones salariales;<\/li>\r\n<li>b) Pagos de Salarios en Cuotas;<\/li>\r\n<li>c) Ning\u00fan tipo de rescisi\u00f3n de contratos, monotributos, jornales, ayudas sociales o becas, ampar\u00e1ndonos en el Decreto 329\/20 del Poder Ejecutivo Nacional que suspende despidos por 60 d\u00edas;<\/li>\r\n<\/ul>\r\n\r\n\r\n\r\n<p>3) Haremos todas las presentaciones administrativas ante los y las Intendentas que no respetan las normativas del Ministerio de Salud de la Naci\u00f3n y no cumplan la Cuarentena ni las licencias a los grupos de riesgo. Acudiremos a la Justicia y al Ministerio de Trabajo de la Provincia;<\/p>\r\n\r\n\r\n\r\n<p>4) Pediremos <strong>audiencia bajo la modalidad teleconferencia con el Sr Federico Garc\u00eda<\/strong>, titular del Ente Provincial de Municipios de C\u00f3rdoba, para exigirle estos planteos. Exigiremos al Gobernador Juan Schiaretti, a cada Intendente e Intendenta y el Ministro de Trabajo de C\u00f3rdoba, que reciban los petitorios y se hagan responsables de la situaci\u00f3n..<\/p>\r\n\r\n\r\n\r\n<p>Que no nos desv\u00eden ahora el eje alegando una situaci\u00f3n de urgencia y emergencia pidiendo siempre al pueblo que haga el esfuerzo: <strong>que la crisis la pague el sistema financiero, de telecomunicaciones, del agronegocios, con sus activos y su patrimonio.<\/strong> Que la paguemos con la plata de la <em>estafa del FMI<\/em>, que solo sirvi\u00f3 para la fuga de capitales de los ricos m\u00e1s ricos de nuestro pa\u00eds; que la pague <em>la renta financiera de los bancos<\/em>, que solo en 2019 ganaron 314.044 millones de pesos; que la pague <em>la renta agr\u00edcola<\/em> de las grandes exportadoras (Cargill, ADM Agro, Bunge, Cofco, AGD); que la paguen <em>las mineras<\/em>, que tributan -a\u00fan hoy- entre el 0 y el 8% como derechos de exportaci\u00f3n; que la pague <em>el juego<\/em> -a Benito Roggio lo conocemos lo suficiente en C\u00f3rdoba como para pedirle que aporte-; que la paguen <em>las empresas de telecomunicaciones<\/em> (solo Telecom, de enero a julio de 2019, gan\u00f3 6.600 millones de pesos).<\/p>\r\n\r\n\r\n\r\n<p>Desde cada rinc\u00f3n de la Provincia, las trabajadoras y trabajadores municipales decimos <strong>\u00a1ni un paso atr\u00e1s!<\/strong><\/p>\r\n\r\n\r\n\r\n<p><strong>ATE SIEMPRE EST\u00c1.<\/strong><\/p>\r\n\r\n\r\n\r\n<p>&nbsp;<\/p>\r\n\r\n\r\n\r\n<p>Comunicado en PDF, <a href=\"https:\/\/www.atecordoba.org\/wp-content\/uploads\/2020\/04\/01-04-Reunion-municipales.pdf\" target=\"_blank\" rel=\"noreferrer noopener\" aria-label=\"aqu\u00ed (se abre en una nueva pesta\u00f1a)\">aqu\u00ed<\/a>.<\/p>\r\n","protected":false},"excerpt":{"rendered":"<p>Ayer 1 de abril se realiz\u00f3 una teleconferencia del Sector Municipal del Consejo Directivo Provincial de ATE C\u00f3rdoba, con la presencia de 53 participantes, delegados y delegadas de 62 municipios y comunas aproximadamente. El sector nuclea hoy 1954 afiliados y representa el 30,65% del padr\u00f3n gremial de las afiliaciones de la Provincia. Adem\u00e1s, cuenta con [&hellip;]<\/p>\n","protected":false},"author":1,"featured_media":19220,"comment_status":"open","ping_status":"open","sticky":true,"template":"","format":"standard","meta":{"_exactmetrics_skip_tracking":false,"_exactmetrics_sitenote_active":false,"_exactmetrics_sitenote_note":"","_exactmetrics_sitenote_category":0,"jnews-multi-image_gallery":[],"jnews_single_post":{"source_name":"","source_url":"","via_name":"","via_url":"","override_template":"0","override":[{"template":"1","single_blog_custom":"","parallax":"1","fullscreen":"0","layout":"right-sidebar","sidebar":"default-sidebar","second_sidebar":"default-sidebar","sticky_sidebar":"1","share_position":"top","share_float_style":"share-monocrhome","show_share_counter":"1","show_view_counter":"1","show_featured":"1","show_post_meta":"1","show_post_author":"1","show_post_author_image":"1","show_post_date":"1","post_date_format":"default","post_date_format_custom":"Y\/m\/d","show_post_category":"1","show_post_reading_time":"0","post_reading_time_wpm":"300","show_zoom_button":"0","zoom_button_out_step":"2","zoom_button_in_step":"3","show_post_tag":"1","show_prev_next_post":"1","show_popup_post":"1","number_popup_post":"1","show_author_box":"0","show_post_related":"0","show_inline_post_related":"0"}],"override_image_size":"0","image_override":[{"single_post_thumbnail_size":"crop-500","single_post_gallery_size":"crop-500"}],"trending_post":"0","trending_post_position":"meta","trending_post_label":"Trending","sponsored_post":"0","sponsored_post_label":"Sponsored by","sponsored_post_name":"","sponsored_post_url":"","sponsored_post_logo_enable":"0","sponsored_post_logo":"","sponsored_post_desc":""},"jnews_primary_category":{"id":""},"jnews_social_meta":{"fb_title":"","fb_description":"","fb_image":"","twitter_title":"","twitter_description":"","twitter_image":""},"jnews_review":[],"enable_review":"0","type":"percentage","name":"","summary":"","brand":"","sku":"","good":[{"good_text":""}],"bad":[{"bad_text":""}],"score_override":"","override_value":"","rating":[{"rating_text":"","rating_number":"10"}],"price":[{"shop":"","price":"","link":"","icon":""}],"jnews_override_counter":{"override_view_counter":"0","view_counter_number":"0","override_share_counter":"0","share_counter_number":"0","override_like_counter":"0","like_counter_number":"0","override_dislike_counter":"0","dislike_counter_number":"0"},"jnews_post_split":{"enable_post_split":"0","post_split":[{"template":"1","tag":"h2","numbering":"asc","mode":"normal"}]},"footnotes":""},"categories":[20,34],"tags":[],"class_list":["post-12582","post","type-post","status-publish","format-standard","has-post-thumbnail","hentry","category-municipales","category-seccionales"],"jetpack_featured_media_url":"https:\/\/atecordoba.org\/wp-content\/uploads\/2020\/05\/logo-nuevochico-e1561581322808.png","_links":{"self":[{"href":"https:\/\/atecordoba.org\/index.php?rest_route=\/wp\/v2\/posts\/12582","targetHints":{"allow":["GET"]}}],"collection":[{"href":"https:\/\/atecordoba.org\/index.php?rest_route=\/wp\/v2\/posts"}],"about":[{"href":"https:\/\/atecordoba.org\/index.php?rest_route=\/wp\/v2\/types\/post"}],"author":[{"embeddable":true,"href":"https:\/\/atecordoba.org\/index.php?rest_route=\/wp\/v2\/users\/1"}],"replies":[{"embeddable":true,"href":"https:\/\/atecordoba.org\/index.php?rest_route=%2Fwp%2Fv2%2Fcomments&post=12582"}],"version-history":[{"count":2,"href":"https:\/\/atecordoba.org\/index.php?rest_route=\/wp\/v2\/posts\/12582\/revisions"}],"predecessor-version":[{"id":20979,"href":"https:\/\/atecordoba.org\/index.php?rest_route=\/wp\/v2\/posts\/12582\/revisions\/20979"}],"wp:featuredmedia":[{"embeddable":true,"href":"https:\/\/atecordoba.org\/index.php?rest_route=\/wp\/v2\/media\/19220"}],"wp:attachment":[{"href":"https:\/\/atecordoba.org\/index.php?rest_route=%2Fwp%2Fv2%2Fmedia&parent=12582"}],"wp:term":[{"taxonomy":"category","embeddable":true,"href":"https:\/\/atecordoba.org\/index.php?rest_route=%2Fwp%2Fv2%2Fcategories&post=12582"},{"taxonomy":"post_tag","embeddable":true,"href":"https:\/\/atecordoba.org\/index.php?rest_route=%2Fwp%2Fv2%2Ftags&post=12582"}],"curies":[{"name":"wp","href":"https:\/\/api.w.org\/{rel}","templated":true}]}}