{"id":12569,"date":"2020-04-02T10:45:15","date_gmt":"2020-04-02T13:45:15","guid":{"rendered":"https:\/\/www.atecordoba.org\/?p=12569"},"modified":"2020-05-05T09:09:44","modified_gmt":"2020-05-05T12:09:44","slug":"la-lucha-politica-como-trinchera","status":"publish","type":"post","link":"https:\/\/atecordoba.org\/?p=12569","title":{"rendered":"La lucha pol\u00edtica como trinchera"},"content":{"rendered":"\n<p><em>1 de abril de 2020 &#8211; COMUNICADO DE PRENSA ATE C\u00d3RDOBA<\/em><\/p>\n\n\n\n<div class=\"wp-block-group\"><div class=\"wp-block-group__inner-container is-layout-flow wp-block-group-is-layout-flow\">\n<figure class=\"wp-block-gallery columns-2 is-cropped wp-block-gallery-1 is-layout-flex wp-block-gallery-is-layout-flex\"><ul class=\"blocks-gallery-grid\"><li class=\"blocks-gallery-item\"><figure><img decoding=\"async\" src=\"http:\/\/atecordoba.org\/wp-content\/uploads\/2020\/05\/La-lucha-pol\u00edtica-como-tinchera1-725x1024.jpg\" alt=\"\" data-id=\"12571\" data-full-url=\"https:\/\/www.atecordoba.org\/wp-content\/uploads\/2020\/04\/La-lucha-pol\u00edtica-como-tinchera1.jpg\" data-link=\"https:\/\/www.atecordoba.org\/archivos\/12569\/la-lucha-politica-como-tinchera1\" class=\"wp-image-12571\"\/><\/figure><\/li><li class=\"blocks-gallery-item\"><figure><img decoding=\"async\" src=\"http:\/\/atecordoba.org\/wp-content\/uploads\/2020\/05\/La-lucha-pol\u00edtica-como-tinchera2-725x1024.jpg\" alt=\"\" data-id=\"12572\" data-full-url=\"https:\/\/www.atecordoba.org\/wp-content\/uploads\/2020\/04\/La-lucha-pol\u00edtica-como-tinchera2.jpg\" data-link=\"https:\/\/www.atecordoba.org\/archivos\/12569\/la-lucha-politica-como-tinchera2\" class=\"wp-image-12572\"\/><\/figure><\/li><\/ul><\/figure>\n<\/div><\/div>\n\n\n\n<p>La pandemia hace visible el estado de nuestra sociedad, es la crisis la que desnuda el sistema. <strong>Las mayor\u00edas sociales no tenemos disponible los recursos necesarios para garantizar nuestra subsistencia<\/strong>: la salud es cada vez m\u00e1s un negocio de pocos; los alimentos se amontonan en las grandes superficies comerciales sin llegar a las comunidades; las viviendas se construyen para quedar vac\u00edas y engrosar los negocios de la construcci\u00f3n e inmobiliario, etc. etc.<\/p>\n\n\n\n<p><strong>Plata y comida hay. Solo\nque est\u00e1n abarrotadas en otro circuito<\/strong>: el de la valorizaci\u00f3n\nfinanciera del mercado de capitales y en el mercado de venta de bienes y\nservicios. Reina lo l\u00f3gica privada y as\u00ed el pueblo queda privado de derechos y\ngarant\u00edas.<\/p>\n\n\n\n<p>Es la crisis la que\ndemuestra, ahora, sin vueltas ni adornos ni discursos, que <strong>la \u201clucha\npol\u00edtica\u201d es entre estos intereses: los privados y los sociales<\/strong>, los de\npocos y los de muchos, los privilegios de una minor\u00eda y las necesidades de las\nmayor\u00edas, los de quienes trabajamos y los de quienes viven de nuestro trabajo.<\/p>\n\n\n\n<p>Quienes vivimos de nuestro\ntrabajo sabemos que la organizaci\u00f3n y la lucha son las \u00fanicas formas que hemos\ntenido de arrebatar porciones de la torta y, llegado el caso, de discutir la\ntorta entera, que es producida por nosotros y nosotras. Nos lo ense\u00f1an los\nluchadores y luchadoras de la Patagonia Rebelde, de Krieguer-Vasena, del 17 de\noctubre, del Cordobazo y de tantas otras gestas hist\u00f3ricas de nuestro Pueblo.<\/p>\n\n\n\n<p>Esta contradicci\u00f3n entre\n\u201cquienes trabajan y quienes viven del trabajo de los dem\u00e1s\u201d se hace m\u00e1s\npalpable cada a\u00f1o, cuando se publican los n\u00fameros de las empresas m\u00e1s\n\u201cvaliosas\u201d del mundo y de las fortunas de sus propietarios y CEOS: la explotaci\u00f3n\nde hidrocarburos, las telecomunicaciones, las farmac\u00e9uticas, las desarrollistas\ninmobiliarias, el agronegocio y la industria alimenticia son quienes encabezan\nese ranking en nuestro pa\u00eds y en todo el planeta. <strong>Son ellos quienes a diario\nnos hacen sentir el yugo de su poder, cuando debemos dirigirnos a comprar el\npan, pagar el alquiler, las tarifas, comprar medicamentos, etc.<\/strong><\/p>\n\n\n\n<p>Que no nos desv\u00eden ahora el\neje alegando una situaci\u00f3n de urgencia y emergencia pidiendo siempre al pueblo\nque haga el esfuerzo: <strong>que la crisis la pague el sistema financiero, de\ntelecomunicaciones, del agronegocios, con sus activos y su patrimonio.<\/strong> Que\nla paguemos con la plata de la <em>estafa del FMI<\/em>, que solo sirvi\u00f3 para la\nfuga de capitales de los ricos m\u00e1s ricos de nuestro pa\u00eds; que la pague <em>la\nrenta financiera de los bancos<\/em>, que solo en 2019 ganaron 314.044 millones\nde pesos; que la pague <em>la renta agr\u00edcola<\/em> de las grandes exportadoras\n(Cargill, ADM Agro, Bunge, Cofco, AGD); que la paguen <em>las mineras<\/em>, que\ntributan -a\u00fan hoy- entre el 0 y el 8% como derechos de exportaci\u00f3n; que la\npague <em>el juego<\/em> -a Benito Roggio lo conocemos lo suficiente en C\u00f3rdoba\ncomo para pedirle que aporte-; que la paguen <em>las empresas de\ntelecomunicaciones<\/em> (solo Telecom, de enero a julio de 2019, gan\u00f3 6.600\nmillones de pesos).<\/p>\n\n\n\n<p><strong>Que la paguen ellos. Y si\nno les gusta, expropiar.<\/strong><\/p>\n\n\n\n<p>Para que el esfuerzo del\npueblo valga la pena; para que el trabajo del personal de la salud que est\u00e1 en\nla Primera L\u00ednea del frente de batalla contra la Pandemia, valga la pena,\ntenemos que tener en claro que <strong>si no conquistamos la soberan\u00eda popular, no\nhay Naci\u00f3n posible. Esa es nuestra lucha.<\/strong><\/p>\n\n\n\n<p>Desde ATE C\u00f3rdoba\nratificamos que <strong>cada lugar de la vida cotidiana es una trinchera de lucha y\nde construcci\u00f3n de poder<\/strong> de la clase trabajadora. <strong>Que ning\u00fan dirigente\npol\u00edtico, sindical, empresarial, del sector que sea, se haga el distra\u00eddo.<\/strong>\nPorque es el momento y ser\u00e1&nbsp; \u201ccon los dirigentes a la cabeza, o&#8230;\u201d<\/p>\n\n\n\n<p><strong>\u00a1Viva la el Pueblo\nTrabajador!<\/strong><\/p>\n\n\n\n<p><strong>\u00a1Viva la lucha pol\u00edtica como herramienta para la transformaci\u00f3n!<\/strong><\/p>\n\n\n\n<p> <\/p>\n\n\n\n<p><\/p>\n\n\n\n<p>Comunicado en pdf completo <a rel=\"noreferrer noopener\" href=\"https:\/\/www.atecordoba.org\/wp-content\/uploads\/2020\/04\/La-lucha-pol\u00edtica-como-tinchera.pdf\" target=\"_blank\">aqu\u00ed<\/a> <\/p>\n","protected":false},"excerpt":{"rendered":"<p>1 de abril de 2020 &#8211; COMUNICADO DE PRENSA ATE C\u00d3RDOBA La pandemia hace visible el estado de nuestra sociedad, es la crisis la que desnuda el sistema. Las mayor\u00edas sociales no tenemos disponible los recursos necesarios para garantizar nuestra subsistencia: la salud es cada vez m\u00e1s un negocio de pocos; los alimentos se amontonan [&hellip;]<\/p>\n","protected":false},"author":1,"featured_media":19220,"comment_status":"open","ping_status":"open","sticky":true,"template":"","format":"standard","meta":{"_exactmetrics_skip_tracking":false,"_exactmetrics_sitenote_active":false,"_exactmetrics_sitenote_note":"","_exactmetrics_sitenote_category":0,"jnews-multi-image_gallery":[],"jnews_single_post":[],"jnews_primary_category":[],"jnews_social_meta":[],"jnews_review":[],"enable_review":"","type":"","name":"","summary":"","brand":"","sku":"","good":[],"bad":[],"score_override":"","override_value":"","rating":[],"price":[],"jnews_override_counter":[],"jnews_post_split":[],"footnotes":""},"categories":[1],"tags":[],"class_list":["post-12569","post","type-post","status-publish","format-standard","has-post-thumbnail","hentry","category-sin-categoria"],"jetpack_featured_media_url":"https:\/\/atecordoba.org\/wp-content\/uploads\/2020\/05\/logo-nuevochico-e1561581322808.png","_links":{"self":[{"href":"https:\/\/atecordoba.org\/index.php?rest_route=\/wp\/v2\/posts\/12569","targetHints":{"allow":["GET"]}}],"collection":[{"href":"https:\/\/atecordoba.org\/index.php?rest_route=\/wp\/v2\/posts"}],"about":[{"href":"https:\/\/atecordoba.org\/index.php?rest_route=\/wp\/v2\/types\/post"}],"author":[{"embeddable":true,"href":"https:\/\/atecordoba.org\/index.php?rest_route=\/wp\/v2\/users\/1"}],"replies":[{"embeddable":true,"href":"https:\/\/atecordoba.org\/index.php?rest_route=%2Fwp%2Fv2%2Fcomments&post=12569"}],"version-history":[{"count":1,"href":"https:\/\/atecordoba.org\/index.php?rest_route=\/wp\/v2\/posts\/12569\/revisions"}],"predecessor-version":[{"id":18472,"href":"https:\/\/atecordoba.org\/index.php?rest_route=\/wp\/v2\/posts\/12569\/revisions\/18472"}],"wp:featuredmedia":[{"embeddable":true,"href":"https:\/\/atecordoba.org\/index.php?rest_route=\/wp\/v2\/media\/19220"}],"wp:attachment":[{"href":"https:\/\/atecordoba.org\/index.php?rest_route=%2Fwp%2Fv2%2Fmedia&parent=12569"}],"wp:term":[{"taxonomy":"category","embeddable":true,"href":"https:\/\/atecordoba.org\/index.php?rest_route=%2Fwp%2Fv2%2Fcategories&post=12569"},{"taxonomy":"post_tag","embeddable":true,"href":"https:\/\/atecordoba.org\/index.php?rest_route=%2Fwp%2Fv2%2Ftags&post=12569"}],"curies":[{"name":"wp","href":"https:\/\/api.w.org\/{rel}","templated":true}]}}