{"id":12566,"date":"2020-04-01T18:49:57","date_gmt":"2020-04-01T21:49:57","guid":{"rendered":"https:\/\/www.atecordoba.org\/?p=12566"},"modified":"2020-05-05T09:09:44","modified_gmt":"2020-05-05T12:09:44","slug":"el-recorte-es-al-capital-para-invertir-en-salud","status":"publish","type":"post","link":"https:\/\/atecordoba.org\/?p=12566","title":{"rendered":"El recorte es al capital para invertir en salud"},"content":{"rendered":"\n<p>Desde la Asociaci\u00f3n de Trabajadores del Estado (ATE-CTA-A) nos preocupa el anuncio por parte del Gobierno de Juan Schiaretti de realizar un recorte en los salarios de los trabajadores y trabajadoras provinciales.<\/p>\n\n\n\n<figure class=\"wp-block-image size-large\"><img decoding=\"async\" src=\"http:\/\/atecordoba.org\/wp-content\/uploads\/2020\/05\/IMG-20200327-WA0163.jpg\" alt=\"\" class=\"wp-image-12567\"\/><\/figure>\n\n\n\n<p><br> Los que deben pagar la crisis econ\u00f3mica, social y salarial son el poder econ\u00f3mico, sojero de la Provincia de C\u00f3rdoba, los casinos y el juego; servidores del capital financiero transnacional.<br> A contramano de los planteos del presidente Alberto Fern\u00e1ndez, Schiaretti pretende hacer pagar la crisis al eslab\u00f3n m\u00e1s d\u00e9bil y sobre el que se erige toda la sociedad: la clase trabajadora, porque este recorte \u00bfc\u00f3mo repercutir\u00e1 en los puestos medios y bajos de los organigramas?. A contramano de una mirada humanista y solidaria, Schiaretti usa la oportunidad para cerrar una paritaria a la baja y continuar sobreexplotando y precarizando a sus trabajadores y trabajadoras. <br> Tener que ponernos en alerta ante estos trascendidos no debe alejarnos de esa realidad, la de la misera paritaria a la baja que acord\u00f3 con por 17% y que es el piso de la discusi\u00f3n salarial de este a\u00f1o. <br> Adem\u00e1s de ello, nos preguntamos \u00bfD\u00f3nde van los aportes que arbitrariamente nos descuentan y que ser\u00edan para el &#8220;fondo de actividades catastr\u00f3ficas&#8221;?\u00bfQu\u00e9 pasar\u00e1 con el pr\u00e9stamo que el gobierno de la Naci\u00f3n design\u00f3 para la provincia de C\u00f3rdoba y que ronda los $528 millones para reforzar el sistema de salud?<br> Schiaretti pretende que la crisis la  paguen otros, sin tocar a su c\u00edrculo rojo de empresarios quienes, dejando de lado partes \u00ednfimas de su patrimonio y activos -que lo han construido en base a ganancias a las que hemos aportado todo el pueblo trabajador y el propio Estado cordob\u00e9s-. ATE C\u00f3rdoba est\u00e1 dispuesto y alerta para dar la pelea y avanzar, que es lo \u00fanico que demanda la hora.<br> Reclamamos:<br> *Reapertura de paritarias y participaci\u00f3n en la mesa de negociaciones; * Acompa\u00f1amos el pedido de la CTA-A al Gobernador Juan Schiaretti de conformar un Comit\u00e9 de Emergencia para hacer frente a la Pandemia de COVI-19.<br> Frente al anuncio realizado por la Ministra de Coordinaci\u00f3n de la Provincia, Silvia Rivero, de que ser\u00e1n recortados hasta en un 30% los sueldos m\u00e1s altos de la provincia, sin dar precisiones acerca de cu\u00e1l ser\u00e1 el personal afectado por la medida, ATE reitera su oposici\u00f3n a que se bajen los haberes de los trabajadores provinciales, m\u00e1s all\u00e1 de que la disposici\u00f3n deja exceptuado a los que trabajan en servicios esenciales como Salud, Seguridad y los que hacen a la atenci\u00f3n de esta emergencia.<br> Ante la confusi\u00f3n del anuncio, ATE sostiene que una cosa es el personal de planta pol\u00edtica o funcionarios de distinto rango del Gobierno, y otra muy distinta la situaci\u00f3n de los trabajadores en relaci\u00f3n de dependencia o contratados de la administraci\u00f3n provincial a quienes se les debe resguardar la integridad de sus ingresos.<\/p>\n","protected":false},"excerpt":{"rendered":"<p>Desde la Asociaci\u00f3n de Trabajadores del Estado (ATE-CTA-A) nos preocupa el anuncio por parte del Gobierno de Juan Schiaretti de realizar un recorte en los salarios de los trabajadores y trabajadoras provinciales. Los que deben pagar la crisis econ\u00f3mica, social y salarial son el poder econ\u00f3mico, sojero de la Provincia de C\u00f3rdoba, los casinos y [&hellip;]<\/p>\n","protected":false},"author":1,"featured_media":19220,"comment_status":"open","ping_status":"open","sticky":true,"template":"","format":"standard","meta":{"_exactmetrics_skip_tracking":false,"_exactmetrics_sitenote_active":false,"_exactmetrics_sitenote_note":"","_exactmetrics_sitenote_category":0,"jnews-multi-image_gallery":[],"jnews_single_post":[],"jnews_primary_category":[],"jnews_social_meta":[],"jnews_review":[],"enable_review":"","type":"","name":"","summary":"","brand":"","sku":"","good":[],"bad":[],"score_override":"","override_value":"","rating":[],"price":[],"jnews_override_counter":[],"jnews_post_split":[],"footnotes":""},"categories":[1],"tags":[],"class_list":["post-12566","post","type-post","status-publish","format-standard","has-post-thumbnail","hentry","category-sin-categoria"],"jetpack_featured_media_url":"https:\/\/atecordoba.org\/wp-content\/uploads\/2020\/05\/logo-nuevochico-e1561581322808.png","_links":{"self":[{"href":"https:\/\/atecordoba.org\/index.php?rest_route=\/wp\/v2\/posts\/12566","targetHints":{"allow":["GET"]}}],"collection":[{"href":"https:\/\/atecordoba.org\/index.php?rest_route=\/wp\/v2\/posts"}],"about":[{"href":"https:\/\/atecordoba.org\/index.php?rest_route=\/wp\/v2\/types\/post"}],"author":[{"embeddable":true,"href":"https:\/\/atecordoba.org\/index.php?rest_route=\/wp\/v2\/users\/1"}],"replies":[{"embeddable":true,"href":"https:\/\/atecordoba.org\/index.php?rest_route=%2Fwp%2Fv2%2Fcomments&post=12566"}],"version-history":[{"count":1,"href":"https:\/\/atecordoba.org\/index.php?rest_route=\/wp\/v2\/posts\/12566\/revisions"}],"predecessor-version":[{"id":18474,"href":"https:\/\/atecordoba.org\/index.php?rest_route=\/wp\/v2\/posts\/12566\/revisions\/18474"}],"wp:featuredmedia":[{"embeddable":true,"href":"https:\/\/atecordoba.org\/index.php?rest_route=\/wp\/v2\/media\/19220"}],"wp:attachment":[{"href":"https:\/\/atecordoba.org\/index.php?rest_route=%2Fwp%2Fv2%2Fmedia&parent=12566"}],"wp:term":[{"taxonomy":"category","embeddable":true,"href":"https:\/\/atecordoba.org\/index.php?rest_route=%2Fwp%2Fv2%2Fcategories&post=12566"},{"taxonomy":"post_tag","embeddable":true,"href":"https:\/\/atecordoba.org\/index.php?rest_route=%2Fwp%2Fv2%2Ftags&post=12566"}],"curies":[{"name":"wp","href":"https:\/\/api.w.org\/{rel}","templated":true}]}}