{"id":12563,"date":"2020-04-01T13:55:27","date_gmt":"2020-04-01T16:55:27","guid":{"rendered":"https:\/\/www.atecordoba.org\/?p=12563"},"modified":"2020-05-05T09:09:44","modified_gmt":"2020-05-05T12:09:44","slug":"curso-virtual-la-historia-del-movimiento-obrero-argentino","status":"publish","type":"post","link":"https:\/\/atecordoba.org\/?p=12563","title":{"rendered":"Curso Virtual: La historia del Movimiento Obrero Argentino"},"content":{"rendered":"\n<p><em>El CDP de ATE C\u00f3rdoba comenzar\u00e1 el dictado esta instancia de formaci\u00f3n durante la cuarentena. Est\u00e1 destinada a delegadas\/os y afiliadas\/os. Se realizar\u00e1 v\u00eda whatsapp.<\/em><\/p>\n\n\n\n<figure class=\"wp-block-image size-large\"><img decoding=\"async\" src=\"http:\/\/atecordoba.org\/wp-content\/uploads\/2020\/05\/Placa-exp-min-1024x1024.png\" alt=\"\" class=\"wp-image-12564\"\/><\/figure>\n\n\n\n<p>La\niniciativa es organizada conjuntamente entre las secretar\u00edas de Prensa y\nComunicaci\u00f3n y de Capacitaci\u00f3n del Consejo Directivo Provincial (CDP) de ATE\nC\u00f3rdoba. Tendr\u00e1 una duraci\u00f3n de 8 encuentros y comenzar\u00e1 el pr\u00f3ximo viernes 3\nde abril con el env\u00edo de los primeros materiales a las interesadas e\ninteresados.<\/p>\n\n\n\n<p>\u201cAl\nno poder encontrarnos &#8220;presencialmente&#8221; decidimos seguir con lo que\nestaba proyectado para este mes desde el CDP de ATE C\u00f3rdoba y habilitamos esta\ninstancia a distancia desde un entorno familiar y accesible como es el whatsapp\npara que se sumen la mayor cantidad de compa\u00f1eros y compa\u00f1eras\u201d, explic\u00f3 Julia\nGiuliani, Secretaria de Prensa y Comunicaci\u00f3n del CDP.<\/p>\n\n\n\n<p>Por\nsu parte, C\u00e9sar Theaux, Secretario de Formaci\u00f3n del CDP, manifest\u00f3 que \u201cpartimos\nde analizar que necesitamos mayor cantidad de delegados y delegadas formadas en\nla misi\u00f3n de serlo, con una visi\u00f3n que trascienda los reclamos individuales o\ncolectivos de representaci\u00f3n de sus grupos primarios, a partir de la exigencia\nde una visi\u00f3n de m\u00e1s largo alcance\u201d. En ese sentido, el responsable del \u00e1rea de\nformaci\u00f3n, manifest\u00f3 que \u201cel conocimiento previo de la historia sindical y la\nhistoria argentina, de los modos de construcci\u00f3n del pensamiento y la filosof\u00eda\ncon los que se han armado nuestros procesos hist\u00f3ricos, es lo que nos dar\u00e1 una\nvisi\u00f3n m\u00e1s amplia y concreta de la realidad que nos toca enfrentar hoy\u201d. Theaux\nexpres\u00f3 que el sentido de estas herramientas \u201ces poder discutir y pedir lo que\nexigen los momentos hist\u00f3ricos que estamos atravesando, con una visi\u00f3n de\nconstruir el futuro de la mejor manera\u201d.<\/p>\n\n\n\n<p>Para\nm\u00e1s informaci\u00f3n e inscripciones, comunicarse al 3585063371 o al 3513265680. <\/p>\n","protected":false},"excerpt":{"rendered":"<p>El CDP de ATE C\u00f3rdoba comenzar\u00e1 el dictado esta instancia de formaci\u00f3n durante la cuarentena. Est\u00e1 destinada a delegadas\/os y afiliadas\/os. Se realizar\u00e1 v\u00eda whatsapp. La iniciativa es organizada conjuntamente entre las secretar\u00edas de Prensa y Comunicaci\u00f3n y de Capacitaci\u00f3n del Consejo Directivo Provincial (CDP) de ATE C\u00f3rdoba. Tendr\u00e1 una duraci\u00f3n de 8 encuentros y [&hellip;]<\/p>\n","protected":false},"author":1,"featured_media":19220,"comment_status":"open","ping_status":"open","sticky":true,"template":"","format":"standard","meta":{"_exactmetrics_skip_tracking":false,"_exactmetrics_sitenote_active":false,"_exactmetrics_sitenote_note":"","_exactmetrics_sitenote_category":0,"jnews-multi-image_gallery":[],"jnews_single_post":[],"jnews_primary_category":[],"jnews_social_meta":[],"jnews_review":[],"enable_review":"","type":"","name":"","summary":"","brand":"","sku":"","good":[],"bad":[],"score_override":"","override_value":"","rating":[],"price":[],"jnews_override_counter":[],"jnews_post_split":[],"footnotes":""},"categories":[1],"tags":[],"class_list":["post-12563","post","type-post","status-publish","format-standard","has-post-thumbnail","hentry","category-sin-categoria"],"jetpack_featured_media_url":"https:\/\/atecordoba.org\/wp-content\/uploads\/2020\/05\/logo-nuevochico-e1561581322808.png","_links":{"self":[{"href":"https:\/\/atecordoba.org\/index.php?rest_route=\/wp\/v2\/posts\/12563","targetHints":{"allow":["GET"]}}],"collection":[{"href":"https:\/\/atecordoba.org\/index.php?rest_route=\/wp\/v2\/posts"}],"about":[{"href":"https:\/\/atecordoba.org\/index.php?rest_route=\/wp\/v2\/types\/post"}],"author":[{"embeddable":true,"href":"https:\/\/atecordoba.org\/index.php?rest_route=\/wp\/v2\/users\/1"}],"replies":[{"embeddable":true,"href":"https:\/\/atecordoba.org\/index.php?rest_route=%2Fwp%2Fv2%2Fcomments&post=12563"}],"version-history":[{"count":1,"href":"https:\/\/atecordoba.org\/index.php?rest_route=\/wp\/v2\/posts\/12563\/revisions"}],"predecessor-version":[{"id":18477,"href":"https:\/\/atecordoba.org\/index.php?rest_route=\/wp\/v2\/posts\/12563\/revisions\/18477"}],"wp:featuredmedia":[{"embeddable":true,"href":"https:\/\/atecordoba.org\/index.php?rest_route=\/wp\/v2\/media\/19220"}],"wp:attachment":[{"href":"https:\/\/atecordoba.org\/index.php?rest_route=%2Fwp%2Fv2%2Fmedia&parent=12563"}],"wp:term":[{"taxonomy":"category","embeddable":true,"href":"https:\/\/atecordoba.org\/index.php?rest_route=%2Fwp%2Fv2%2Fcategories&post=12563"},{"taxonomy":"post_tag","embeddable":true,"href":"https:\/\/atecordoba.org\/index.php?rest_route=%2Fwp%2Fv2%2Ftags&post=12563"}],"curies":[{"name":"wp","href":"https:\/\/api.w.org\/{rel}","templated":true}]}}