{"id":12550,"date":"2020-03-28T17:41:33","date_gmt":"2020-03-28T20:41:33","guid":{"rendered":"https:\/\/www.atecordoba.org\/?p=12550"},"modified":"2020-05-05T09:09:44","modified_gmt":"2020-05-05T12:09:44","slug":"un-estado-que-garantice-la-vida-no-sus-negocios","status":"publish","type":"post","link":"https:\/\/atecordoba.org\/?p=12550","title":{"rendered":"Un Estado que garantice la vida, no sus negocios"},"content":{"rendered":"\n<p><em>Se realiz\u00f3 ayer una\nteleconferencia del CDP y Seccionales de ATE C\u00f3rdoba donde se debati\u00f3 acerca de\nla profundizaci\u00f3n de la crisis a partir de la pandemia causada por el\nCoronavirus, su impacto en C\u00f3rdoba y medidas para su superaci\u00f3n.<\/em><\/p>\n\n\n\n<figure class=\"wp-block-image size-large\"><img decoding=\"async\" src=\"http:\/\/atecordoba.org\/wp-content\/uploads\/2020\/05\/Completa-1024x543.jpg\" alt=\"\" class=\"wp-image-12556\"\/><figcaption>Videoconferencia realizada el viernes 27 de marzo. Comunicado <a rel=\"noreferrer noopener\" aria-label=\"aqu\u00ed (se abre en una nueva pesta\u00f1a)\" href=\"https:\/\/www.atecordoba.org\/wp-content\/uploads\/2020\/03\/Documento-27-03.pdf\" target=\"_blank\">aqu\u00ed.<\/a><\/figcaption><\/figure>\n\n\n\n<p>Con\nla participaci\u00f3n de 34 compa\u00f1eros y compa\u00f1eras del Consejo Directivo Provincial\ny de las Seccionales de R\u00edo Tercero, Cruz del Eje, R\u00edo Cuarto, Adelia Mar\u00eda,\nSan Francisco y Villa Mar\u00eda de la Asociaci\u00f3n Trabajadores del Estado (ATE) de\nC\u00f3rdoba, se llev\u00f3 a cabo la Segunda Reuni\u00f3n ampliada de Consejo Directivo\nProvincial (CDP) y Secretarios y Secretarias Generales de cada Seccional\nmediante Teleconferencia.<\/p>\n\n\n\n<p>La\nconvocatoria tuvo como intenci\u00f3n socializar la informaci\u00f3n que surgi\u00f3 de la\nTeleconferencia del jueves de ATE Nacional; realizar un repaso de la coyuntura\nprovincial en el marco de crisis global que pone en jaque a nuestras\nsociedades; y un informe por distrito de la situaci\u00f3n y su impacto en los\nterritorios.<\/p>\n\n\n\n<p>En\nese sentido, conceptualizamos que la crisis es por la disputa y la transici\u00f3n\nhacia un nuevo orden global. El emergente sanitario actual se enmarca en dicha\ncrisis global del capital, donde la especulaci\u00f3n del mundo de las finanzas\nrealiza una presi\u00f3n inaudita sobre la clase trabajadora en su conjunto. Esa\npresi\u00f3n impacta directamente sobre los pueblos: ninguna organizaci\u00f3n, ni\npr\u00e1cticamente los Estados hoy pueden afirmar que garantizar\u00e1n la vida de su\ngente ante este emergente ya que hace tiempo que no garantizan -no\ngarantizamos- nuestra propia vida. <\/p>\n\n\n\n<p>El\nCOVID-19 se da en un marco donde nosotros y nosotras, los pueblos del mundo en\ngeneral, pero los cordobeses en particular tampoco, no decidimos sobre nada que\nhaga a nuestra supervivencia: <\/p>\n\n\n\n<ul class=\"wp-block-list\"><li>Nuestros alimentos son un negocio, toda vez que la producci\u00f3n primaria y su industrializaci\u00f3n est\u00e1 concentrada en muy pocos jugadores, enormes, financieros y transnacionales, que buscan ganar cada vez m\u00e1s sin miramientos de las condiciones ambientales y la salud de nuestras comunidades. Sumado a ello, la distribuci\u00f3n y la comercializaci\u00f3n de nuestros alimentos se concentra en muy pocos actores, grandes monstruos del comercio minorista, que remarcan precios, en connivencia con los pocos -y grandes- actores empresarios que controlan toda la cadena alimenticia. Todo ello se hace especialmente evidente donde para no morir de hambre cada trabajador\/a debe recurrir a las inescrupulosas cadenas de distribuci\u00f3n de alimento que solo ven a esto como una oportunidad para continuar ampliando sus ventas;<\/li><li>No decidimos sobre nuestra salud y nuestros remedios que pasan a ser un negocio, toda vez que vemos c\u00f3mo muy pocas cl\u00ednicas privadas se llenan de aparatolog\u00eda de \u00faltima generaci\u00f3n fabricada por grandes monstruos de la tecnolog\u00eda m\u00e9dica mundial, mientras que los sistemas p\u00fablicos colapsan por no poseer ni siquiera lo b\u00e1sico para garantizar internaciones en condiciones. A ello sumamos que vemos c\u00f3mo, para garantizar que tengamos esa aparatolog\u00eda o los remedios para nuestras enfermedades -que no son m\u00e1s que avances y creaciones del trabajo humano, apropiado por unos pocos-, debemos recurrir a costosos pr\u00e9stamos que solo sirven para garantizar los negocios de quienes prestan la plata y de quienes nos venden los medicamentos y la tecnolog\u00eda, endeudando una y otra vez a nuestros Estados que solo encuentran la manera de &#8220;garantizar&#8221; nuestra vida garantizando la continuidad del ciclo de acumulaci\u00f3n financiera; <\/li><li>Ello nos lleva al punto principal, donde observamos c\u00f3mo es el mundo de la finanzas el que principalmente contin\u00faa garantiz\u00e1ndose su existencia mientras los pueblos no sabemos, literalmente, qu\u00e9 vamos a comer ma\u00f1ana y d\u00f3nde encontraremos ese respirador artificial que nos permitir\u00e1 seguir viviendo en caso de que debamos ser hospitalizados por el COVID-19 o cualquier otra afecci\u00f3n. Nuestro pa\u00eds renegocia, aleja vencimientos con el FMI y asume el compromiso de pagar la deuda inmoral, ileg\u00edtima, fraudulenta, cerrando el c\u00edrculo necesario de reconocimiento que garantiza la estafa; habla y firma -como sucedi\u00f3 esta semana- nuevos acuerdos con los buitres &#8220;due\u00f1os&#8221; de la timba de las LELIQ y, mientras, contin\u00faa sin definir ning\u00fan calendario de reincorporaci\u00f3n de los compa\u00f1eros y compa\u00f1eras despedidos\/as de \u00e1reas que, tambi\u00e9n, involucran a la salud p\u00fablica. De lo nacional podemos bajar a los planos provincial y municipal, donde ambas instancias estatales contin\u00faan, imp\u00e1vidas, anunciando medidas paliativas m\u00ednimas, insuficientes,&nbsp; corriendo el eje de lo que realmente garantizar\u00eda la vida que es pagar buenos salarios, dotar de infraestructura sobre la que poder decidir, etc.<\/li><li>Por \u00faltimo, podemos decir que esta crisis nos ha puesto m\u00e1s en evidencia a\u00fan otros negocios que grandes actores corporativos privados hacen con nuestras vidas, saqueando lo que nuestro trabajo entrega como &#8220;recursos&#8221;. Solo por nombrar algunos \u00e1mbitos, sin buscar ser del todo exhaustivos\/as: los recursos naturales y su explotaci\u00f3n para obtener energ\u00eda, son parte de un pu\u00f1ado -tambi\u00e9n y como todo- de empresas globales a las cuales hay que transferirles, directa o indirectamente \u2013v\u00eda subsidios-, recursos -o &#8220;condiciones&#8221;- para que no aumenten las tarifas; &#8220;nuestras&#8221; casas y la tierra son el negocio de grandes &#8220;desarrollistas&#8221; que especulan con el &#8220;negocio&#8221; que les provee la ciudad; el transporte contin\u00faa con sus negocios, hoy m\u00e1s subsididado a\u00fan para evitar que las empresas due\u00f1as decidan el parate total y producir descalabros a\u00fan mayores;<\/li><\/ul>\n\n\n\n<p>Es por todo ello que las medidas que reclamamos desde ATE C\u00f3rdoba son URGENTES y, aunque muchas parezcan del orden de &#8220;lo cotidiano&#8221;, para poder resolverlas se debe ir A FONDO. As\u00ed, resolvimos:<\/p>\n\n\n\n<ol class=\"wp-block-list\"><li>Continuar exigiendo a Schiaretti:<ol><li>A) Complemento Salarial para Trabajadores y Trabajadoras de Salud (7625 y 7233) que comprende medicxs, enfermerxs, tecnicxs de laboratorio, administraci\u00f3n y maestranza por lo que dure la crisis (un sueldo m\u00e1s por mes);<\/li><li>B) Incorporaci\u00f3n de personal ante el desborde que hay en el sistema de salud publica (faltan aproximadamente 3000 Trabajadorxs mas);<\/li><li>C) Dotar de mayor cantidad y calidad de insumos b\u00e1sicos de prevenci\u00f3n para la Primera L\u00ednea contra la Pandemia as\u00ed como se cumplan los protocolos;<\/li><li>D) Instar a los Intendentxs a cumplir con la cuarentena de los Trabajadores y Trabajadoras municipales;<\/li><li>E) Que se abstenga de rescindir cualquier tipo de contrato caboral, monotributo, beca o forma de trabajo precario que tiene el Estado Provincial de cualquier Ministerio u Organismo;<\/li><\/ol><\/li><li>Por otro lado exigir al Gobierno Nacional que aporten a la crisis la Renta Financiera, Minera, Sojera, de Acopiadores de Alimentos que la juntaron en pala as\u00ed no pagamos solo los asalariados y el pueblo trabajador.<\/li><li>Garantizar que llegue la ayuda social de los Estados Nacional, Provincial y de los Municipios a los sectores populares (desocupados e informales) que hoy no tienen ni para comer. El parche se frena en el manejo de los punteros pol\u00edticos. ATE y la CTA Aut\u00f3noma no seremos diques de contenci\u00f3n del conflicto social.<\/li><li>Repudio al desmedido accionar de las Fuerzas Represivas en el territorio (Polic\u00edas Provinciales, Gendarmer\u00eda, etc) que hoy tienen militarizada las calles y ejercen control social sobre la poblaci\u00f3n.<\/li><li>Mandatar a nuestro Consejo Directivo Nacional a exigirle al Gobierno de Alberto Fern\u00e1ndez la urgente apertura de Paritarias para tratar aumento salarial, reincorporaci\u00f3n de los miles de despedidxs de la Era Macri y el Pase a Planta Permanente de los m\u00e1s de 60 mil precarizadxs del Estado Nacional.<\/li><li>Ponemos a disposici\u00f3n de nuestro Consejo Directivo Nacional de ATE propuestas para la reactivaci\u00f3n de \u00e1reas productivas del Estado Nacional para enfrentar la crisis. Proyecto de fabricaci\u00f3n en el \u00c1rea Material De R\u00edo Cuarto y la F\u00e1brica Militar de R\u00edo Tercero de camas, camillas, tubos de ox\u00edgeno y carros para trasladarlos. Producci\u00f3n de alcohol puro y en gel en Hemoderivados de la Universidad Nacional de C\u00f3rdoba. Mascaras elaboradas por impresoras 3D desde INTI. Elaboraci\u00f3n de barbijos y delantales en 2 peque\u00f1as f\u00e1bricas\/cooperativas de la CTA Aut\u00f3noma en Saldan, Jes\u00fas Mar\u00eda y Adelia Mar\u00eda. Es decir est\u00e1n las maquinas, mano de obra se puede reincoporar a los despedidos y despedidas y los fondos y recursos los pone el Estado Nacional para no caer en las redes de los especuladores.<\/li><li>Creaci\u00f3n de nuestro Equipo de Salud Provincial para salir a caminar cada uno de los 36 Hospitales P\u00fablicos que tiene C\u00f3rdoba para crecer en ese sector que tiene unos 20 mil trabajadores y trabajadoras.<\/li><\/ol>\n\n\n\n<p>Tras dos horas de debate por Teleconferencia cerramos con un emotivo aplauso a nuestra Primera L\u00ednea de la Salud Publica y de todos los Sectores que cumplen tareas esenciales.<\/p>\n\n\n\n<p>En esta etapa de crisis del capitalismo global, poner en valor a Estados populares que garanticen la vida antes que los negocios, es la tarea. Hay que buscar los recursos all\u00ed donde los hay -porque se los han apropiado, no porque les pertenezcan-, que es en el Sistema Financiero y la grandes multinacionales de todas las cadenas. Y, con ellos, fortalecer la presencia territorial de las redes estatales populares. Para ello debemos revalorizar, remunerar bien y darles estabilidad laboral a los miles de Trabajadores y Trabajadoras del Estado Nacional, Provincial y de cada municipio que hoy est\u00e1n al frente de esta Pandemia y son la garant\u00eda de la vida de nuestro Pueblo tras este emergente. <\/p>\n\n\n\n<p>Los trabajadores y trabajadoras debemos protejernos de la crisis sanitaria pero debemos, ante todo, estar en estado de alerta y con iniciativa para defender nuestros intereses como clase en su conjunto. Para\u00a0 ello debemos avanzar en las estatizaciones y nacionalizaciones de \u00e1reas estrat\u00e9gicas, en impuestos progresivos a la renta financiera y profundizar sobre el no pago de la Deuda Externa y que estos recursos garanticen un sistema sanitario acorde a las necesidades y que lleguen a los sectores populares para paliar las necesidades inmediatas y garantizar una mejor calidad de vida al conjunto de la poblaci\u00f3n.<\/p>\n\n\n\n<p>Aprovechamos, tambi\u00e9n, para alertar y reclamar por el fin del bloqueo criminal del imperio yanqui que padecen los pueblos hermanos de Cuba y Venezuela. Nuestra respuesta, y la de ellos, sigue siendo la solidaridad y el internacionalismo. Vaya, en este acto, nuestro abrazo y nuestro pu\u00f1o en alto para las luchadoras y luchadores de toda la Patria Grande Latinoamericana.<\/p>\n\n\n\n<p>Somos\nATE. Estamos en marcha.<\/p>\n","protected":false},"excerpt":{"rendered":"<p>Se realiz\u00f3 ayer una teleconferencia del CDP y Seccionales de ATE C\u00f3rdoba donde se debati\u00f3 acerca de la profundizaci\u00f3n de la crisis a partir de la pandemia causada por el Coronavirus, su impacto en C\u00f3rdoba y medidas para su superaci\u00f3n. Con la participaci\u00f3n de 34 compa\u00f1eros y compa\u00f1eras del Consejo Directivo Provincial y de las [&hellip;]<\/p>\n","protected":false},"author":1,"featured_media":19220,"comment_status":"open","ping_status":"open","sticky":true,"template":"","format":"standard","meta":{"_exactmetrics_skip_tracking":false,"_exactmetrics_sitenote_active":false,"_exactmetrics_sitenote_note":"","_exactmetrics_sitenote_category":0,"jnews-multi-image_gallery":[],"jnews_single_post":[],"jnews_primary_category":[],"jnews_social_meta":[],"jnews_review":[],"enable_review":"","type":"","name":"","summary":"","brand":"","sku":"","good":[],"bad":[],"score_override":"","override_value":"","rating":[],"price":[],"jnews_override_counter":[],"jnews_post_split":[],"footnotes":""},"categories":[1],"tags":[],"class_list":["post-12550","post","type-post","status-publish","format-standard","has-post-thumbnail","hentry","category-sin-categoria"],"jetpack_featured_media_url":"https:\/\/atecordoba.org\/wp-content\/uploads\/2020\/05\/logo-nuevochico-e1561581322808.png","_links":{"self":[{"href":"https:\/\/atecordoba.org\/index.php?rest_route=\/wp\/v2\/posts\/12550","targetHints":{"allow":["GET"]}}],"collection":[{"href":"https:\/\/atecordoba.org\/index.php?rest_route=\/wp\/v2\/posts"}],"about":[{"href":"https:\/\/atecordoba.org\/index.php?rest_route=\/wp\/v2\/types\/post"}],"author":[{"embeddable":true,"href":"https:\/\/atecordoba.org\/index.php?rest_route=\/wp\/v2\/users\/1"}],"replies":[{"embeddable":true,"href":"https:\/\/atecordoba.org\/index.php?rest_route=%2Fwp%2Fv2%2Fcomments&post=12550"}],"version-history":[{"count":1,"href":"https:\/\/atecordoba.org\/index.php?rest_route=\/wp\/v2\/posts\/12550\/revisions"}],"predecessor-version":[{"id":18483,"href":"https:\/\/atecordoba.org\/index.php?rest_route=\/wp\/v2\/posts\/12550\/revisions\/18483"}],"wp:featuredmedia":[{"embeddable":true,"href":"https:\/\/atecordoba.org\/index.php?rest_route=\/wp\/v2\/media\/19220"}],"wp:attachment":[{"href":"https:\/\/atecordoba.org\/index.php?rest_route=%2Fwp%2Fv2%2Fmedia&parent=12550"}],"wp:term":[{"taxonomy":"category","embeddable":true,"href":"https:\/\/atecordoba.org\/index.php?rest_route=%2Fwp%2Fv2%2Fcategories&post=12550"},{"taxonomy":"post_tag","embeddable":true,"href":"https:\/\/atecordoba.org\/index.php?rest_route=%2Fwp%2Fv2%2Ftags&post=12550"}],"curies":[{"name":"wp","href":"https:\/\/api.w.org\/{rel}","templated":true}]}}