{"id":1255,"date":"2010-04-15T13:15:15","date_gmt":"2010-04-15T16:15:15","guid":{"rendered":"http:\/\/www.atecordoba.org\/?p=1255"},"modified":"2010-04-15T13:15:15","modified_gmt":"2010-04-15T16:15:15","slug":"ate-presento-reclamos-de-los-medicos-del-hospital","status":"publish","type":"post","link":"https:\/\/atecordoba.org\/?p=1255","title":{"rendered":"ATE present\u00f3 reclamos de los m\u00e9dicos del hospital"},"content":{"rendered":"<div>\n<div dir=\"ltr\">\n<p><strong>En un encuentro con repreesnetantes del intendente, le secretario de Interior Lu\u00eds B\u00e1rcena, rezach\u00f3 el intento de rebajar salarios a un grupo de profesionales del centro de salud. Adem\u00e1s se planteo el problema escalafonario. Un cuarto intermedio traslad\u00f3 la resoluci\u00f3n del conflicto al 28 de abril.<\/strong><\/p>\n<\/div>\n<\/div>\n<div>\n<div dir=\"ltr\">\n<p>(C\u00f3rdoba, 14-04-2010) Durante un encuentro llevado a cabo con representantes del intendente Daniel L\u00f3pez, ATE rechaz\u00f3 el intento de las autoridades de realizar una rebaja salarial a los medicos del hospital municipal, cuyo nivles salariales superan la grilla establecida en diciembre pasado.<\/p>\n<p>&#8220;Los trabajadores con 30 a\u00f1os de antig\u00fcedad no tienen la culpa si se arm\u00f3 un nuevo escalaf\u00f3n con una grilla salarial que establece salarios m\u00e1s bajos que los que lo compa\u00f1eros vienen cobrando hasta diciembre. Evidentemente el intendente debe respetar los derechos del perosnal del hospital y buscar las v\u00edas administrativas para que no se bajen los salarios, a partir de nuevos escalafonamientos&#8221;, se\u00f1al\u00f3 lu\u00eds B\u00e1rcena, secretario de Interior de ATE.<\/p>\n<p>Para el dirigente la negociaci\u00f3n esta bien encaminada ya que durante la reuni\u00f3n, los representantes de L\u00f3pez aceptaron la necesidad de modificar el escalaf\u00f3n vigente a partir de diciembre pasado. Para eso, elebar\u00edan al Concejo Deliberante de la ciudad un proyecto de modificaci\u00f3n a la norma en cuesti\u00f3n.<\/p>\n<p>Los compa\u00f1eros del hospital municipal reclaman que se los reencasille en sus cargos seg\u00fan la antig\u00fcedad laboral que tienen.<\/p>\n<p>ATE tambi\u00e9n rechaz\u00f3 que se le agreguen horas de trabajo a los m\u00e9dicos para alcanzar el nivle salarial con le acutal escalaf\u00f3n &#8220;porque eso en la pr\u00e1ctica significar\u00eda una rebaja. Si tienen que trabajar m\u00e1s por el mismo sueldo, entonces les est\u00e1n bajando lo que pagan por hora laboral&#8221;, analiz\u00f3 B\u00e1rcena.<\/p>\n<p>La reforma del estatuto exige tambi\u00e9n la licencia sanitaria, derecho de los trabajadores de la salud que actualmente no est\u00e1 en vigencia.<\/p>\n<\/div>\n<\/div>\n","protected":false},"excerpt":{"rendered":"<p>En un encuentro con repreesnetantes del intendente, le secretario de Interior Lu\u00eds B\u00e1rcena, rezach\u00f3 el intento de rebajar salarios a un grupo de profesionales del centro de salud. Adem\u00e1s se planteo el problema escalafonario. Un cuarto intermedio traslad\u00f3 la resoluci\u00f3n del conflicto al 28 de abril. (C\u00f3rdoba, 14-04-2010) Durante un encuentro llevado a cabo con [&hellip;]<\/p>\n","protected":false},"author":1,"featured_media":19220,"comment_status":"open","ping_status":"open","sticky":false,"template":"","format":"standard","meta":{"_exactmetrics_skip_tracking":false,"_exactmetrics_sitenote_active":false,"_exactmetrics_sitenote_note":"","_exactmetrics_sitenote_category":0,"jnews-multi-image_gallery":[],"jnews_single_post":[],"jnews_primary_category":[],"jnews_social_meta":[],"jnews_review":[],"enable_review":"","type":"","name":"","summary":"","brand":"","sku":"","good":[],"bad":[],"score_override":"","override_value":"","rating":[],"price":[],"jnews_override_counter":[],"jnews_post_split":[],"footnotes":""},"categories":[20],"tags":[24,11,27],"class_list":["post-1255","post","type-post","status-publish","format-standard","has-post-thumbnail","hentry","category-municipales","tag-municipales-2","tag-noticias-2","tag-salud"],"jetpack_featured_media_url":"https:\/\/atecordoba.org\/wp-content\/uploads\/2020\/05\/logo-nuevochico-e1561581322808.png","_links":{"self":[{"href":"https:\/\/atecordoba.org\/index.php?rest_route=\/wp\/v2\/posts\/1255","targetHints":{"allow":["GET"]}}],"collection":[{"href":"https:\/\/atecordoba.org\/index.php?rest_route=\/wp\/v2\/posts"}],"about":[{"href":"https:\/\/atecordoba.org\/index.php?rest_route=\/wp\/v2\/types\/post"}],"author":[{"embeddable":true,"href":"https:\/\/atecordoba.org\/index.php?rest_route=\/wp\/v2\/users\/1"}],"replies":[{"embeddable":true,"href":"https:\/\/atecordoba.org\/index.php?rest_route=%2Fwp%2Fv2%2Fcomments&post=1255"}],"version-history":[{"count":0,"href":"https:\/\/atecordoba.org\/index.php?rest_route=\/wp\/v2\/posts\/1255\/revisions"}],"wp:featuredmedia":[{"embeddable":true,"href":"https:\/\/atecordoba.org\/index.php?rest_route=\/wp\/v2\/media\/19220"}],"wp:attachment":[{"href":"https:\/\/atecordoba.org\/index.php?rest_route=%2Fwp%2Fv2%2Fmedia&parent=1255"}],"wp:term":[{"taxonomy":"category","embeddable":true,"href":"https:\/\/atecordoba.org\/index.php?rest_route=%2Fwp%2Fv2%2Fcategories&post=1255"},{"taxonomy":"post_tag","embeddable":true,"href":"https:\/\/atecordoba.org\/index.php?rest_route=%2Fwp%2Fv2%2Ftags&post=1255"}],"curies":[{"name":"wp","href":"https:\/\/api.w.org\/{rel}","templated":true}]}}