{"id":12545,"date":"2020-03-27T17:13:51","date_gmt":"2020-03-27T20:13:51","guid":{"rendered":"https:\/\/www.atecordoba.org\/?p=12545"},"modified":"2020-05-05T09:09:44","modified_gmt":"2020-05-05T12:09:44","slug":"en-tiempos-de-pandemia-es-indispensable-volver-a-carrillo","status":"publish","type":"post","link":"https:\/\/atecordoba.org\/?p=12545","title":{"rendered":"\u201cEn tiempos de pandemia es indispensable volver a Carrillo\u201d"},"content":{"rendered":"\n<p><strong>Ante la enfermedad, garantizar la salud de la poblaci\u00f3n es un derecho.<\/strong><\/p>\n\n\n\n<p><strong>Por Julia Giuliani<\/strong>  <strong>para Retruco<\/strong><\/p>\n\n\n\n<p>Link: http:\/\/www.retruco.com.ar\/en-tiempos-de-pandemia-es-indispensable-volver-a-carrillo\/ <\/p>\n\n\n\n<figure class=\"wp-block-gallery columns-2 is-cropped wp-block-gallery-1 is-layout-flex wp-block-gallery-is-layout-flex\"><ul class=\"blocks-gallery-grid\"><li class=\"blocks-gallery-item\"><figure><img decoding=\"async\" src=\"http:\/\/atecordoba.org\/wp-content\/uploads\/2020\/05\/trabajo-1024x1024.png\" alt=\"\" data-id=\"12548\" data-full-url=\"https:\/\/www.atecordoba.org\/wp-content\/uploads\/2020\/03\/trabajo.png\" data-link=\"https:\/\/www.atecordoba.org\/?attachment_id=12548\" class=\"wp-image-12548\"\/><\/figure><\/li><li class=\"blocks-gallery-item\"><figure><img decoding=\"async\" src=\"http:\/\/atecordoba.org\/wp-content\/uploads\/2020\/05\/Carrillo_06.jpg\" alt=\"\" data-id=\"12547\" data-full-url=\"http:\/\/atecordoba.org\/wp-content\/uploads\/2020\/05\/Carrillo_06.jpg\" data-link=\"https:\/\/www.atecordoba.org\/?attachment_id=12547\" class=\"wp-image-12547\"\/><\/figure><\/li><\/ul><\/figure>\n\n\n\n<p>Ram\u00f3n Carrillo, santiague\u00f1o y m\u00e9dico fue el titular de la Secretar\u00eda de Salud P\u00fablica, con rango de Ministerio, en el gobierno peronista de 1946.<\/p>\n\n\n\n<p>La ampliaci\u00f3n de derechos para los sectores populares y, dentro de estos, el Derecho a la Salud, se constituy\u00f3 en un eje fundamental del Gobierno en general, y del Doctor Carrillo en particular.<\/p>\n\n\n\n<p>En esta crisis sanitaria actual que repercute en Argentina y todo el mundo, es clave el rol del Estado. Empezamos a valorar ese Estado de Bienestar tan necesario y tan presente; esta pandemia del Coronavirus ech\u00f3 por la borda la concepci\u00f3n neoliberal y mercantilista de que la Salud es un negocio.<\/p>\n\n\n\n<p>La Salud es el bien m\u00e1s preciado del ser humano. En la actualidad, gozar de \u00e9ste constituye un derecho b\u00e1sico, y facilitarlo es una obligaci\u00f3n del Estado. Sin embargo, la Salud ha sido olvidada, desmantelada por largos per\u00edodos. Rescatar hoy la Salud P\u00fablica como un bien social es tarea de todos los argentinos y argentinas.<\/p>\n\n\n\n<p>En este marco, aplaudir a quienes hoy se exponen y son las y los principales garantes de nuestra salud, no alcanza. A trav\u00e9s de una nota firmada por el Secretario General del Consejo Directivo Provincial de ATE-C\u00f3rdoba, Federico Giuliani, la organizaci\u00f3n de trabajadores volvi\u00f3 a solicitar al Gobierno de la Provincia de C\u00f3rdoba el mejoramiento inmediato de las condiciones laborales, la contrataci\u00f3n de nuevo personal para el \u00e1rea de Salud. \u201cQueremos resaltar en primer lugar el rol de nuestra \u2018primera l\u00ednea\u2019 contra la pandemia. Ellos y ellas son nuestros m\u00e9dicos, enfermeras, y todo el personal de maestranza y administraci\u00f3n de la Salud P\u00fablica Provincial que es la que viene sufriendo la pol\u00edtica de ajuste\u201d.<\/p>\n\n\n\n<p>Actualmente alguien que realiza mantenimiento o limpieza, con 15 a\u00f1os de actividad, est\u00e1 cobrando 32 mil pesos y no es muy distinto a lo que cobran administrativos, t\u00e9cnicos, enfermer\u00eda e incluso el personal m\u00e9dico.<\/p>\n\n\n\n<p>El dirigente estatal remarc\u00f3 que la semana pasada \u201cdesde ATE hicimos otro pedido: El de un Salario Complementario para cada trabajador y trabajadora de la Salud mientras dure esta situaci\u00f3n de crisis extraordinaria\u201d.<\/p>\n\n\n\n<h3 class=\"wp-block-heading\">\u201cLa primera l\u00ednea somos nosotras y nosotros\u201d<\/h3>\n\n\n\n<div class=\"wp-block-image\"><figure class=\"aligncenter\"><img decoding=\"async\" src=\"http:\/\/atecordoba.org\/wp-content\/uploads\/2020\/05\/unnamed-5-300x225.jpg\" alt=\"\" class=\"wp-image-20120\"\/><\/figure><\/div>\n\n\n\n<p>Virginia L\u00e1zaro, trabajadora y delegada de ATE en el Hospital de Ni\u00f1os de la ciudad de C\u00f3rdoba, se\u00f1al\u00f3: \u201cLas y los trabajadores de la Salud de la provincia de C\u00f3rdoba sostenemos hace mucho tiempo la defensa de la Salud P\u00fablica, gratuita y de calidad en contra del avance de la mercantilizaci\u00f3n del sistema que limita el acceso igualitario de la Salud, que precariza las condiciones laborales, que baja los salarios, que precariza las pr\u00e1cticas de Salud, que establece categor\u00edas de pacientes. En C\u00f3rdoba tenemos la Ley de Garant\u00eda Saludable que es la CUS de C\u00f3rdoba, que a modo de un Seguro de Salud plantea una Canasta B\u00e1sica Asistencial para los sectores de bajos recursos, generando diferencias en los accesos a la Salud\u201d.<\/p>\n\n\n\n<p>Este sistema lo que ocasiona es el empobrecimiento de los m\u00e1s pobres. \u201cSiendo parte de esas luchas y habiendo entendido hace mucho tiempo que el sistema est\u00e1 en pugna, se puede afirmar que hay dos modelos que se enfrentan: El modelo sanitario contra el mercantilista y abrazando la defensa del Sistema de Salud como garante de derechos y en defensa de los puestos de trabajo, y de la calidad del sistema y entendi\u00e9ndonos no solamente como trabajadores sino como usuarios y como parte de la comunidad, que es la que debe defender al Sistema de Salud P\u00fablico, Gratuito y de Calidad para acceder libremente a ella, cuando vemos esta realidad que decanta triste y lamentable como esta pandemia y como el primer mundo y su modelo privatista y los sistemas mixtos de Salud colapsan y generan una cat\u00e1strofe mundial, podemos decir que claramente tenemos raz\u00f3n. Lo que hemos sostenido y sostenemos las y los trabajadores estatales no s\u00f3lo desde el discurso sino en la acci\u00f3n, desde el compromiso diario y la responsabilidad es aceptado\u201d, declara firmemente Virginia.<\/p>\n\n\n\n<p>Porque es el Estado el que tiene que defender la Salud y es el que tiene con qu\u00e9. \u201cNo son las empresas, no son los adalides del sistema privado los que pueden garantizar la vida. Es el Sistema P\u00fablico, es el Estado y las y los trabajadores del Estado en defensa de ese rol fundamental\u201d; remata L\u00e1zaro.<\/p>\n\n\n\n<div class=\"wp-block-image\"><figure class=\"aligncenter\"><img decoding=\"async\" src=\"http:\/\/atecordoba.org\/wp-content\/uploads\/2020\/05\/unnamed-5-1-225x300.jpg\" alt=\"\" class=\"wp-image-20121\"\/><\/figure><\/div>\n\n\n\n<p>Lisandro Veiga es odont\u00f3logo en la ciudad de R\u00edo Cuarto. \u00c9l como gran parte de la poblaci\u00f3n reaccion\u00f3 positivamente al aislamiento obligatorio. \u201cEstamos siendo conscientes de lo que est\u00e1 pasando aunque tristemente no todo el mundo lo entiende de esa forma y lo toma a broma.&nbsp;Pero por suerte, lo que se ve en el mundo odontol\u00f3gico es que el 80% trabajamos de manera reducida por urgencias y otros cerraron su consulta. Lo que s\u00ed nuestros insumos b\u00e1sicos para desinfecci\u00f3n treparon en el precio hasta un 200% como el alcohol, alcohol en gel y el lisoform\u201d, relata Veiga.<\/p>\n\n\n\n<p>La primera linea de esta trinchera de&nbsp; lucha por la vida, est\u00e1 plagada de trabajadores y trabajadoras mal pagos. Roberto Calvetti es delegado de ATE en la Maternidad de la capital cordobesa, cont\u00f3 a RETRUCO que \u201clos libros de historia nos han ense\u00f1ado que en toda situaci\u00f3n adversa, la humanidad a aunado esfuerzos para poder salir adelante y hoy nos toca eso. En esto reivindico el papel de quienes luchan denodadamente. Trabajadores del sector p\u00fablico que hacen esfuerzos para contener, prevenir y tratar, estamos en una situaci\u00f3n de condiciones laborales que no son las ideales. Sueldos bajos, malas condiciones edilicias, nos seguimos capacitando y formando y en el medio de esto hoy descubrimos que en esa idea tan bastardeada que algunos gobiernos intentaron minimizar, somos los que estamos en primera l\u00ednea de batalla contra un enemigo invisible\u201d, dice convencido Calvetti.<\/p>\n\n\n\n<p>Se\u00f1al\u00f3 tambi\u00e9n que el esfuerzo, las ganas y la vocaci\u00f3n deben ser recompensados: \u201cEl Estado estuvo ausente, ha permitido hoy tener hospitales en situaci\u00f3n deplorable, con personal que pone de su bolsillo si no hay insumos, hasta elementos que son realmente costosos. Esta pandemia encuentra a las y los trabajadores unidos pero tambi\u00e9n con miedos y necesidades.&nbsp;Con salarios bajo la linea de la pobreza y por eso ser\u00eda muy bueno que reflexionemos de visibilizar a los garantes de este Estado de Derecho\u201d, agreg\u00f3 Calvetti.<\/p>\n\n\n\n<p>Liliana Pereyra es Pediatra en una Cl\u00ednica Privada de R\u00edo Cuarto, su testimonio es una bocanada de aliento a que sigamos qued\u00e1ndonos en casa: \u201cConsidero que aprovechando -por decirlo de alguna manera- esta cuarentena, es un buen momento para ponernos a pensar en nuestros propios cuidados que se transforman autom\u00e1ticamente en cuidados para el pr\u00f3jimo. No son vacaciones, es un buen momento para hacer con la familia cosas que hace mucho que no hacemos. Que todo deber\u00e1 pasar y que no nos pasar\u00e1 nada si nos guardamos\u201d.<\/p>\n\n\n\n<p>Sin lugar a dudas la empat\u00eda, el cuidarnos es cuidarse entre todas y todos, y son hoy nuestras trabajadoras y trabajadores de la Salud a nivel Nacional, Provincial y Municipal quienes merecen un r\u00e9dito que incluya no solamente el aplauso y el reconocimiento p\u00fablico, sino una recomposici\u00f3n salarial urgente.<\/p>\n\n\n\n<h3 class=\"wp-block-heading\">\u201cVolver a Carrillo\u201d*<\/h3>\n\n\n\n<div class=\"wp-block-image\"><figure class=\"aligncenter\"><img decoding=\"async\" src=\"http:\/\/atecordoba.org\/wp-content\/uploads\/2020\/05\/unnamed-1-2-225x300.jpg\" alt=\"\" class=\"wp-image-20122\"\/><\/figure><\/div>\n\n\n\n<p>En la Constituci\u00f3n de 1949 por primera vez se incorpor\u00f3 el concepto de Salud P\u00fablica como obligaci\u00f3n del Estado, involucrando \u201cno solamente la salud f\u00edsica sino la salud espiritual y la salud social\u201d.<\/p>\n\n\n\n<p>Carrillo es pionero en resaltar la gratuidad del sistema p\u00fablico, que pese a varios intentos en contrario logr\u00f3 mantenerse como una caracter\u00edstica distintiva de nuestro Sistema de Salud.<\/p>\n\n\n\n<p>Ram\u00f3n Carrillo se hizo cargo en 1946 de un \u00e1rea de salud que hasta ese momento ten\u00eda las dimensiones y los recursos de una direcci\u00f3n nacional y la transform\u00f3 en ocho a\u00f1os en un Ministerio de Salud omnipresente en todo el territorio nacional, que estaba desarrollando una transformaci\u00f3n de fondo que orientaba la salud del pa\u00eds hacia la conformaci\u00f3n de un sistema nacional con cobertura universal que en esos a\u00f1os estaba en desarrollo en muy pocos pa\u00edses del mundo.<\/p>\n\n\n\n<p><strong>*Revista Mestiza<\/strong><\/p>\n","protected":false},"excerpt":{"rendered":"<p>Ante la enfermedad, garantizar la salud de la poblaci\u00f3n es un derecho. Por Julia Giuliani para Retruco Link: http:\/\/www.retruco.com.ar\/en-tiempos-de-pandemia-es-indispensable-volver-a-carrillo\/ Ram\u00f3n Carrillo, santiague\u00f1o y m\u00e9dico fue el titular de la Secretar\u00eda de Salud P\u00fablica, con rango de Ministerio, en el gobierno peronista de 1946. La ampliaci\u00f3n de derechos para los sectores populares y, dentro de estos, [&hellip;]<\/p>\n","protected":false},"author":1,"featured_media":19220,"comment_status":"open","ping_status":"open","sticky":true,"template":"","format":"standard","meta":{"_exactmetrics_skip_tracking":false,"_exactmetrics_sitenote_active":false,"_exactmetrics_sitenote_note":"","_exactmetrics_sitenote_category":0,"jnews-multi-image_gallery":[],"jnews_single_post":[],"jnews_primary_category":[],"jnews_social_meta":[],"jnews_review":[],"enable_review":"","type":"","name":"","summary":"","brand":"","sku":"","good":[],"bad":[],"score_override":"","override_value":"","rating":[],"price":[],"jnews_override_counter":[],"jnews_post_split":[],"footnotes":""},"categories":[1],"tags":[],"class_list":["post-12545","post","type-post","status-publish","format-standard","has-post-thumbnail","hentry","category-sin-categoria"],"jetpack_featured_media_url":"https:\/\/atecordoba.org\/wp-content\/uploads\/2020\/05\/logo-nuevochico-e1561581322808.png","_links":{"self":[{"href":"https:\/\/atecordoba.org\/index.php?rest_route=\/wp\/v2\/posts\/12545","targetHints":{"allow":["GET"]}}],"collection":[{"href":"https:\/\/atecordoba.org\/index.php?rest_route=\/wp\/v2\/posts"}],"about":[{"href":"https:\/\/atecordoba.org\/index.php?rest_route=\/wp\/v2\/types\/post"}],"author":[{"embeddable":true,"href":"https:\/\/atecordoba.org\/index.php?rest_route=\/wp\/v2\/users\/1"}],"replies":[{"embeddable":true,"href":"https:\/\/atecordoba.org\/index.php?rest_route=%2Fwp%2Fv2%2Fcomments&post=12545"}],"version-history":[{"count":1,"href":"https:\/\/atecordoba.org\/index.php?rest_route=\/wp\/v2\/posts\/12545\/revisions"}],"predecessor-version":[{"id":18490,"href":"https:\/\/atecordoba.org\/index.php?rest_route=\/wp\/v2\/posts\/12545\/revisions\/18490"}],"wp:featuredmedia":[{"embeddable":true,"href":"https:\/\/atecordoba.org\/index.php?rest_route=\/wp\/v2\/media\/19220"}],"wp:attachment":[{"href":"https:\/\/atecordoba.org\/index.php?rest_route=%2Fwp%2Fv2%2Fmedia&parent=12545"}],"wp:term":[{"taxonomy":"category","embeddable":true,"href":"https:\/\/atecordoba.org\/index.php?rest_route=%2Fwp%2Fv2%2Fcategories&post=12545"},{"taxonomy":"post_tag","embeddable":true,"href":"https:\/\/atecordoba.org\/index.php?rest_route=%2Fwp%2Fv2%2Ftags&post=12545"}],"curies":[{"name":"wp","href":"https:\/\/api.w.org\/{rel}","templated":true}]}}