{"id":1254,"date":"2010-04-15T13:54:09","date_gmt":"2010-04-15T16:54:09","guid":{"rendered":"http:\/\/www.atecordoba.org\/?p=1254"},"modified":"2010-04-15T13:54:09","modified_gmt":"2010-04-15T16:54:09","slug":"1254","status":"publish","type":"post","link":"https:\/\/atecordoba.org\/?p=1254","title":{"rendered":"Gran asamblea en el Tr\u00e1nsito reclam\u00f3 cambios en la Direcci\u00f3n"},"content":{"rendered":"<p style=\"text-align: center;\"><img loading=\"lazy\" decoding=\"async\" class=\"aligncenter  wp-image-1256\" title=\"arton28\" src=\"http:\/\/www.atecordoba.org\/wp-content\/uploads\/2012\/07\/arton28-1024x768.jpg\" alt=\"\" width=\"502\" height=\"377\" \/><\/p>\n<div>\n<div dir=\"ltr\">\n<p><strong>Los trabajadores se plantaron frente a la Direcci\u00f3n para exigir a que se reincorpore en su cargo al m\u00e9dico Osvaldo Ziraldo, jefe de guardia, que fuera removido del cargo por diferencias personales con Norcelo Cardoso<\/strong><\/p>\n<\/div>\n<\/div>\n<div>\n<div dir=\"ltr\">\n<p>C\u00f3rdoba, (15-04-2010)<\/p>\n<p>En una masiva asamblea realizada esta ma\u00f1ana en el Hospital Tr\u00e1nsito C\u00e1ceres de Allende, los trabajadores reclamaron la restituci\u00f3n en su cargo del m\u00e9dico osvaldo Ziraldo que ejerc\u00eda la jefatura de la guardia del centro de Salud.<\/p>\n<p>Ziraldo fue removido por el director del nosocomio Norcelo Cardozo la semana pasada sin causas que justifiquen oficialmente la medida, aunque trascendi\u00f3 que ser\u00eda contreversias personales las que habr\u00edan motivado a las autoridades del hospital.<\/p>\n<p>M\u00e9dicos, enfermeros, personal adminsitrativo y de maestranza, as\u00ed como pacientes y estudiantes de medicina se reunieron frente al Servicio de Nefrolog\u00eda. All\u00ed Ziraldo explic\u00f3 que en una reuni\u00f3n previa Cardozo le prometi\u00f3 tratar su caso en el trascurso del d\u00eda. Pero la asamblea resolvi\u00f3 trasladarse en conjunto hasta la Direcci\u00f3n para reclamar que el tema se trate de inmediato.<\/p>\n<p>&#8220;Si no puede resolver un problema creado por la misma Direcci\u00f3n se tiene que ir Cardozo&#8221;, bram\u00f3 el delegado de ATE Eduardo Pereyra ante el aplauso inmediato de todos los compa\u00f1eros presentes.<\/p>\n<p>Distintos trabajadores expresaron su solidaridad con Ziraldo y sumaron la exigencia de que tambi\u00e9n se reincorporen a Ricardo Paredes, subjefe de UTI (unidad de terapia intensiva), asi como restituci\u00f3n de la jefa de enfermer\u00eda de la misma unidad, Tania Jove, ambos sacados de funci\u00f3n sin motivo oficial. Tambi\u00e9n a reclamaron la revisi\u00f3n del caso de dr. Carlos Frontera, sujeto de un sumario que ser\u00eda fruto de una persecuci\u00f3n, seg\u00fan denunciaron los compa\u00f1eros presentes.<\/p>\n<p>&#8220;Esta es una mec\u00e1nica habitual de algunos directores de hospitales dependientes de la Provincia. As\u00ed sucedi\u00f3 en el Hospital Misericordia con el delegado de ATE Roberto Ramos, quien sufri\u00f3 un intento de traslado a otro hospital y fue repuesto por la Justicia provincial el 6 de abril, por acci\u00f3n de reinstalaci\u00f3n presentada pro nuestro gremio&#8221;, sostuvo ante al asamblea Daniel Pawluchuzk, secretario de Prensa de ATE C\u00f3rdoba.<\/p>\n<p>Por su parte, Juan Mart\u00edn Cagnani, delegado de ATE en el Hospital C\u00f3rdoba, expres\u00f3 la solidaridad de los trabajadores del centro de salud con Ziralda y la lucha que llevan adelante los compa\u00f1eros de Tr\u00e1nsito.<\/p>\n<\/div>\n<\/div>\n","protected":false},"excerpt":{"rendered":"<p>Los trabajadores se plantaron frente a la Direcci\u00f3n para exigir a que se reincorpore en su cargo al m\u00e9dico Osvaldo Ziraldo, jefe de guardia, que fuera removido del cargo por diferencias personales con Norcelo Cardoso C\u00f3rdoba, (15-04-2010) En una masiva asamblea realizada esta ma\u00f1ana en el Hospital Tr\u00e1nsito C\u00e1ceres de Allende, los trabajadores reclamaron la [&hellip;]<\/p>\n","protected":false},"author":1,"featured_media":19220,"comment_status":"open","ping_status":"open","sticky":false,"template":"","format":"standard","meta":{"_exactmetrics_skip_tracking":false,"_exactmetrics_sitenote_active":false,"_exactmetrics_sitenote_note":"","_exactmetrics_sitenote_category":0,"jnews-multi-image_gallery":[],"jnews_single_post":[],"jnews_primary_category":[],"jnews_social_meta":[],"jnews_review":[],"enable_review":"","type":"","name":"","summary":"","brand":"","sku":"","good":[],"bad":[],"score_override":"","override_value":"","rating":[],"price":[],"jnews_override_counter":[],"jnews_post_split":[],"footnotes":""},"categories":[20],"tags":[24,11,27],"class_list":["post-1254","post","type-post","status-publish","format-standard","has-post-thumbnail","hentry","category-municipales","tag-municipales-2","tag-noticias-2","tag-salud"],"jetpack_featured_media_url":"https:\/\/atecordoba.org\/wp-content\/uploads\/2020\/05\/logo-nuevochico-e1561581322808.png","_links":{"self":[{"href":"https:\/\/atecordoba.org\/index.php?rest_route=\/wp\/v2\/posts\/1254","targetHints":{"allow":["GET"]}}],"collection":[{"href":"https:\/\/atecordoba.org\/index.php?rest_route=\/wp\/v2\/posts"}],"about":[{"href":"https:\/\/atecordoba.org\/index.php?rest_route=\/wp\/v2\/types\/post"}],"author":[{"embeddable":true,"href":"https:\/\/atecordoba.org\/index.php?rest_route=\/wp\/v2\/users\/1"}],"replies":[{"embeddable":true,"href":"https:\/\/atecordoba.org\/index.php?rest_route=%2Fwp%2Fv2%2Fcomments&post=1254"}],"version-history":[{"count":0,"href":"https:\/\/atecordoba.org\/index.php?rest_route=\/wp\/v2\/posts\/1254\/revisions"}],"wp:featuredmedia":[{"embeddable":true,"href":"https:\/\/atecordoba.org\/index.php?rest_route=\/wp\/v2\/media\/19220"}],"wp:attachment":[{"href":"https:\/\/atecordoba.org\/index.php?rest_route=%2Fwp%2Fv2%2Fmedia&parent=1254"}],"wp:term":[{"taxonomy":"category","embeddable":true,"href":"https:\/\/atecordoba.org\/index.php?rest_route=%2Fwp%2Fv2%2Fcategories&post=1254"},{"taxonomy":"post_tag","embeddable":true,"href":"https:\/\/atecordoba.org\/index.php?rest_route=%2Fwp%2Fv2%2Ftags&post=1254"}],"curies":[{"name":"wp","href":"https:\/\/api.w.org\/{rel}","templated":true}]}}