{"id":12532,"date":"2020-03-25T11:41:21","date_gmt":"2020-03-25T14:41:21","guid":{"rendered":"https:\/\/www.atecordoba.org\/?p=12532"},"modified":"2020-05-05T09:09:44","modified_gmt":"2020-05-05T12:09:44","slug":"pedido-de-ate-a-schiaretti-por-mejoras-en-salud","status":"publish","type":"post","link":"https:\/\/atecordoba.org\/?p=12532","title":{"rendered":"En salud, con el cari\u00f1o y los aplausos de las 21 hs no alcanza"},"content":{"rendered":"\n<p><em>Salario complementario para personal esencial mientras dure el asueto extraordinario, contrato de nuevo personal, insumos, infraestructura, no rescisi\u00f3n de ning\u00fan tipo de contrato o figura de trabajo eventual y que se interceda con los municipios para el respeto de la cuarentena obligatoria, alguno de los puntos del petitorio presentado hoy por ATE.<\/em><\/p>\n\n\n\n<div class=\"wp-block-image\"><figure class=\"aligncenter size-large is-resized\"><img loading=\"lazy\" decoding=\"async\" src=\"http:\/\/atecordoba.org\/wp-content\/uploads\/2020\/05\/Presentaci\u00f3n-1-1024x1024.png\" alt=\"\" class=\"wp-image-12534\" width=\"308\" height=\"308\"\/><\/figure><\/div>\n\n\n\n<p>A trav\u00e9s de una nota firmada por el&nbsp;Secretario General del Consejo Directivo Provincial de ATE C\u00f3rdoba, Federico Giuliani, la organizaci\u00f3n de trabajadores volvi\u00f3 a solicitar al Gobierno de la Provincia de C\u00f3rdoba el mejoramiento inmediato de las condiciones laborales, la contrataci\u00f3n de nuevo personal, entre otros puntos. &#8220;Queremos resaltar en primer lugar el rol de nuestra &#8220;primera l\u00ednea&#8221; contra la pandemia. Ellos y ellas son nuestros m\u00e9dicos, m\u00e9dicas, enfermeras, enfermeros y todo el personal de maestranza y administraci\u00f3n de la salud p\u00fablica provincial que es la que viene sufriendo la pol\u00edtica de ajuste del partido \u00fanico cordob\u00e9s desde hace m\u00e1s de 20 a\u00f1os precarizaci\u00f3n: laboral alt\u00edsima, falta de insumos de trabajo, edificios colapsados, personal mal remunerado&#8221;, destac\u00f3 hoy Federico Giuliani a Radio la Ranchada. E insisti\u00f3: &#8220;con el aplauso de las 21 horas no alcanza. Es un reconocimiento que est\u00e1 bien, pero faltan salarios dignos para todos esos compa\u00f1eros y compa\u00f1eras&#8221;. &#8220;Alguien que realiza mantenimiento o limpieza, con 15 a\u00f1os de actividad, est\u00e1 cobrando 32 mil pesos y no es muy distinto a lo que cobran administrativos, t\u00e9cnicos, enfermer\u00eda e incluso el personal m\u00e9dico. Todos salarios bajo la l\u00ednea de la pobreza&#8221;, remarc\u00f3 con preocupaci\u00f3n.<\/p>\n\n\n\n<figure class=\"wp-block-gallery columns-3 is-cropped wp-block-gallery-1 is-layout-flex wp-block-gallery-is-layout-flex\"><ul class=\"blocks-gallery-grid\"><li class=\"blocks-gallery-item\"><figure><img decoding=\"async\" src=\"http:\/\/atecordoba.org\/wp-content\/uploads\/2020\/05\/1-743x1024.jpg\" alt=\"\" data-id=\"12535\" data-full-url=\"https:\/\/www.atecordoba.org\/wp-content\/uploads\/2020\/03\/1.jpeg\" data-link=\"https:\/\/www.atecordoba.org\/?attachment_id=12535\" class=\"wp-image-12535\"\/><\/figure><\/li><li class=\"blocks-gallery-item\"><figure><img decoding=\"async\" src=\"http:\/\/atecordoba.org\/wp-content\/uploads\/2020\/05\/2-743x1024.jpg\" alt=\"\" data-id=\"12536\" data-full-url=\"https:\/\/www.atecordoba.org\/wp-content\/uploads\/2020\/03\/2.jpeg\" data-link=\"https:\/\/www.atecordoba.org\/?attachment_id=12536\" class=\"wp-image-12536\"\/><\/figure><\/li><li class=\"blocks-gallery-item\"><figure><img decoding=\"async\" src=\"http:\/\/atecordoba.org\/wp-content\/uploads\/2020\/05\/3-743x1024.jpg\" alt=\"\" data-id=\"12537\" data-full-url=\"https:\/\/www.atecordoba.org\/wp-content\/uploads\/2020\/03\/3.jpeg\" data-link=\"https:\/\/www.atecordoba.org\/?attachment_id=12537\" class=\"wp-image-12537\"\/><\/figure><\/li><\/ul><figcaption class=\"blocks-gallery-caption\"><a href=\"https:\/\/www.atecordoba.org\/wp-content\/uploads\/2020\/03\/Pedido-ATE-a-Gobierno-de-Cba-25-03-2020.pdf\">Documento completo en pdf aqu\u00ed<\/a><\/figcaption><\/figure>\n\n\n\n<p>&#8220;Ante este desastre es que ya solicitamos audiencia con el gobernador Schiaretti hace algunas semanas, la cual no fue respondida; tambi\u00e9n exigimos la incorporaci\u00f3n de ATE a la mesa salarial 2020 que funciona como mesa paritaria y donde no solo se discuten salarios, se discuten condiciones de trabajo&#8221;, explic\u00f3 Giuliani quien, adem\u00e1s, critic\u00f3 &#8220;la bajeza del SEP y del Gobierno de firmar, en el contexto de una pandemia y sin posibilidad de movilizaci\u00f3n popular, un acuerdo a la baja del 17% en cuotas, sin cl\u00e1usula gatillo, sin prever la recomposici\u00f3n salarial de lo perdido el a\u00f1o pasado&#8221;.<\/p>\n\n\n\n<p>El dirigente remarc\u00f3 que, la semana pasada, &#8220;desde ATE hicimos otro pedido: el de una equiparaci\u00f3n salarial de un salario complementario para cada trabajador y trabajadora de la salud mientras dure esta situaci\u00f3n de crisis extraordinaria&#8221;.<\/p>\n\n\n\n<p>A todo esto, en esta \u00faltima misiva presentada hoy, &#8220;estamos sumando el pedido expreso de que la Provincia inste a los &#8220;p\u00edcaros&#8221; intendentes a acatar la resoluci\u00f3n de normativa obligatoria con goce de haberes, ya que muchas localidades medianas y chicas est\u00e1n enviando a personal no esencial   (corral\u00f3n, tr\u00e1nsito, administraci\u00f3n) a trabajar&#8221;, adem\u00e1s de obligar, en algunos casos, a utilizar licencias, vacaciones o a no percibir salario (en las formas m\u00e1s precarias de contrataci\u00f3n, en este contexto, incumpliendo toda normativa nacional.<\/p>\n","protected":false},"excerpt":{"rendered":"<p>Salario complementario para personal esencial mientras dure el asueto extraordinario, contrato de nuevo personal, insumos, infraestructura, no rescisi\u00f3n de ning\u00fan tipo de contrato o figura de trabajo eventual y que se interceda con los municipios para el respeto de la cuarentena obligatoria, alguno de los puntos del petitorio presentado hoy por ATE. A trav\u00e9s de [&hellip;]<\/p>\n","protected":false},"author":1,"featured_media":19220,"comment_status":"open","ping_status":"open","sticky":true,"template":"","format":"standard","meta":{"_exactmetrics_skip_tracking":false,"_exactmetrics_sitenote_active":false,"_exactmetrics_sitenote_note":"","_exactmetrics_sitenote_category":0,"jnews-multi-image_gallery":[],"jnews_single_post":[],"jnews_primary_category":[],"jnews_social_meta":[],"jnews_review":[],"enable_review":"","type":"","name":"","summary":"","brand":"","sku":"","good":[],"bad":[],"score_override":"","override_value":"","rating":[],"price":[],"jnews_override_counter":[],"jnews_post_split":[],"footnotes":""},"categories":[1],"tags":[],"class_list":["post-12532","post","type-post","status-publish","format-standard","has-post-thumbnail","hentry","category-sin-categoria"],"jetpack_featured_media_url":"https:\/\/atecordoba.org\/wp-content\/uploads\/2020\/05\/logo-nuevochico-e1561581322808.png","_links":{"self":[{"href":"https:\/\/atecordoba.org\/index.php?rest_route=\/wp\/v2\/posts\/12532","targetHints":{"allow":["GET"]}}],"collection":[{"href":"https:\/\/atecordoba.org\/index.php?rest_route=\/wp\/v2\/posts"}],"about":[{"href":"https:\/\/atecordoba.org\/index.php?rest_route=\/wp\/v2\/types\/post"}],"author":[{"embeddable":true,"href":"https:\/\/atecordoba.org\/index.php?rest_route=\/wp\/v2\/users\/1"}],"replies":[{"embeddable":true,"href":"https:\/\/atecordoba.org\/index.php?rest_route=%2Fwp%2Fv2%2Fcomments&post=12532"}],"version-history":[{"count":1,"href":"https:\/\/atecordoba.org\/index.php?rest_route=\/wp\/v2\/posts\/12532\/revisions"}],"predecessor-version":[{"id":18497,"href":"https:\/\/atecordoba.org\/index.php?rest_route=\/wp\/v2\/posts\/12532\/revisions\/18497"}],"wp:featuredmedia":[{"embeddable":true,"href":"https:\/\/atecordoba.org\/index.php?rest_route=\/wp\/v2\/media\/19220"}],"wp:attachment":[{"href":"https:\/\/atecordoba.org\/index.php?rest_route=%2Fwp%2Fv2%2Fmedia&parent=12532"}],"wp:term":[{"taxonomy":"category","embeddable":true,"href":"https:\/\/atecordoba.org\/index.php?rest_route=%2Fwp%2Fv2%2Fcategories&post=12532"},{"taxonomy":"post_tag","embeddable":true,"href":"https:\/\/atecordoba.org\/index.php?rest_route=%2Fwp%2Fv2%2Ftags&post=12532"}],"curies":[{"name":"wp","href":"https:\/\/api.w.org\/{rel}","templated":true}]}}