{"id":1253,"date":"2010-04-16T14:43:07","date_gmt":"2010-04-16T17:43:07","guid":{"rendered":"http:\/\/www.atecordoba.org\/?p=1253"},"modified":"2010-04-16T14:43:07","modified_gmt":"2010-04-16T17:43:07","slug":"asamblea-informativa-escuela-de-aviacion-militar","status":"publish","type":"post","link":"https:\/\/atecordoba.org\/?p=1253","title":{"rendered":"Asamblea informativa escuela de aviaci\u00f3n militar"},"content":{"rendered":"<div>\n<div dir=\"ltr\">\n<p><strong>Los compa\u00f1eros debatieron los acuerdos firmados el 9 de abril en el Ministerio de Trabajo de la Naci\u00f3n<\/strong><\/p>\n<\/div>\n<\/div>\n<div>\n<div dir=\"ltr\">\n<p>(C\u00f3rdoba 14-04-2010) Alrededor de 70 compa\u00f1eros enrolados en nuestra ATE debatieron este mi\u00e9rcoles sobre los acuerdos alcanzados el 9 de abril en el Ministerio de Trabajado de la Naci\u00f3n, en el marco de la paritaria del sector.<\/p>\n<p>En un rico intercambio de ideas, los trabajadores concluyeron en calificar de \u201cinsuficientes\u201d las disposiciones establecidas en el acta de la paritaria y encomendaron a los delegados paritarios plantear las hist\u00f3ricas demandas del sector.<\/p>\n<p>Al mismo tiempo, los compa\u00f1eros resaltaron como positivo el pedido de ATE, expresado en el acta complementaria del mismo d\u00eda que no fuera avalado por ninguna de los otros dos gremios presentes en la ocasi\u00f3n, y concluyeron en que esperar\u00e1n hasta la pr\u00f3xima reuni\u00f3n paritaria, a realizarse el 21 de este mes, para determinar si aceptar\u00e1n definitivamente los acuerdos firmados o iniciar\u00e1n acciones de fuerza, para que se concreten los reclamos del sector.<\/p>\n<\/div>\n<\/div>\n","protected":false},"excerpt":{"rendered":"<p>Los compa\u00f1eros debatieron los acuerdos firmados el 9 de abril en el Ministerio de Trabajo de la Naci\u00f3n (C\u00f3rdoba 14-04-2010) Alrededor de 70 compa\u00f1eros enrolados en nuestra ATE debatieron este mi\u00e9rcoles sobre los acuerdos alcanzados el 9 de abril en el Ministerio de Trabajado de la Naci\u00f3n, en el marco de la paritaria del sector. [&hellip;]<\/p>\n","protected":false},"author":1,"featured_media":19220,"comment_status":"open","ping_status":"open","sticky":false,"template":"","format":"standard","meta":{"_exactmetrics_skip_tracking":false,"_exactmetrics_sitenote_active":false,"_exactmetrics_sitenote_note":"","_exactmetrics_sitenote_category":0,"jnews-multi-image_gallery":[],"jnews_single_post":[],"jnews_primary_category":[],"jnews_social_meta":[],"jnews_review":[],"enable_review":"","type":"","name":"","summary":"","brand":"","sku":"","good":[],"bad":[],"score_override":"","override_value":"","rating":[],"price":[],"jnews_override_counter":[],"jnews_post_split":[],"footnotes":""},"categories":[18],"tags":[28,29,11],"class_list":["post-1253","post","type-post","status-publish","format-standard","has-post-thumbnail","hentry","category-nacionales","tag-ff-aa","tag-nacionales-2","tag-noticias-2"],"jetpack_featured_media_url":"https:\/\/atecordoba.org\/wp-content\/uploads\/2020\/05\/logo-nuevochico-e1561581322808.png","_links":{"self":[{"href":"https:\/\/atecordoba.org\/index.php?rest_route=\/wp\/v2\/posts\/1253","targetHints":{"allow":["GET"]}}],"collection":[{"href":"https:\/\/atecordoba.org\/index.php?rest_route=\/wp\/v2\/posts"}],"about":[{"href":"https:\/\/atecordoba.org\/index.php?rest_route=\/wp\/v2\/types\/post"}],"author":[{"embeddable":true,"href":"https:\/\/atecordoba.org\/index.php?rest_route=\/wp\/v2\/users\/1"}],"replies":[{"embeddable":true,"href":"https:\/\/atecordoba.org\/index.php?rest_route=%2Fwp%2Fv2%2Fcomments&post=1253"}],"version-history":[{"count":0,"href":"https:\/\/atecordoba.org\/index.php?rest_route=\/wp\/v2\/posts\/1253\/revisions"}],"wp:featuredmedia":[{"embeddable":true,"href":"https:\/\/atecordoba.org\/index.php?rest_route=\/wp\/v2\/media\/19220"}],"wp:attachment":[{"href":"https:\/\/atecordoba.org\/index.php?rest_route=%2Fwp%2Fv2%2Fmedia&parent=1253"}],"wp:term":[{"taxonomy":"category","embeddable":true,"href":"https:\/\/atecordoba.org\/index.php?rest_route=%2Fwp%2Fv2%2Fcategories&post=1253"},{"taxonomy":"post_tag","embeddable":true,"href":"https:\/\/atecordoba.org\/index.php?rest_route=%2Fwp%2Fv2%2Ftags&post=1253"}],"curies":[{"name":"wp","href":"https:\/\/api.w.org\/{rel}","templated":true}]}}