{"id":12502,"date":"2020-03-21T14:01:00","date_gmt":"2020-03-21T17:01:00","guid":{"rendered":"https:\/\/www.atecordoba.org\/?p=12502"},"modified":"2020-05-05T09:09:45","modified_gmt":"2020-05-05T12:09:45","slug":"el-intendente-de-saldan-no-acata-la-cuarentena","status":"publish","type":"post","link":"https:\/\/atecordoba.org\/?p=12502","title":{"rendered":"El Intendente de Sald\u00e1n no acata la cuarentena"},"content":{"rendered":"\n<p><em>El intendente de la localidad de Sald\u00e1n, Cayetano Canto, decidi\u00f3 de  manera unilateral utilizar las licencias anuales del personal en riesgo  ante la pandemia del Coronavirus. En lugar de licenciarlos  obligatoriamente ante esta emergencia sanitaria, hace uso y abuso de sus  facultades descont\u00e1ndoles d\u00edas de sus licencias. <\/em><\/p>\n\n\n\n<figure class=\"wp-block-image size-large\"><img decoding=\"async\" src=\"http:\/\/atecordoba.org\/wp-content\/uploads\/2020\/05\/Campa\u00f1a-Saldan-1024x1024.png\" alt=\"\" class=\"wp-image-12503\"\/><figcaption>Reconocimiento de ATE C\u00f3rdoba al personal de la salud de Sald\u00e1n.<\/figcaption><\/figure>\n\n\n\n<p><\/p>\n\n\n\n<p>Las y los trabajadores municipales nucleados en ATE, nos oponemos a esta disposici\u00f3n arbitraria que va en contra del bienestar com\u00fan de la poblaci\u00f3n y avasalla los derechos del personal y las disposiciones del Estado Nacional en momentos de emergencia por la pandemia de coronavirus.<\/p>\n\n\n\n<p>&#8220;Quienes cumplen tareas en el sistema sanitario, estamos al 100 por ciento trabajando para garantizar los cuidados preventivos sanitarios necesarios&#8221;, explicaron los trabajadores del municipio. &#8220;En este marco no es justo que se utilice un derecho como las vacaciones de las y los trabajadores que conforman la poblaci\u00f3n en riesgo para que no vayan a trabajar en lugar de hacerlo a trav\u00e9s de la disposici\u00f3n nacional&#8221;, reclamaron.<\/p>\n\n\n\n<p>&#8220;Invitamos al intendente a reflexionar, a respetar lo que las disposiciones nacionales prescriben y a ser solidario con las y los trabajadores, quienes adem\u00e1s son sus vecinos&#8221;, manifestaron.<\/p>\n","protected":false},"excerpt":{"rendered":"<p>El intendente de la localidad de Sald\u00e1n, Cayetano Canto, decidi\u00f3 de manera unilateral utilizar las licencias anuales del personal en riesgo ante la pandemia del Coronavirus. En lugar de licenciarlos obligatoriamente ante esta emergencia sanitaria, hace uso y abuso de sus facultades descont\u00e1ndoles d\u00edas de sus licencias. Las y los trabajadores municipales nucleados en ATE, [&hellip;]<\/p>\n","protected":false},"author":1,"featured_media":19220,"comment_status":"open","ping_status":"open","sticky":true,"template":"","format":"standard","meta":{"_exactmetrics_skip_tracking":false,"_exactmetrics_sitenote_active":false,"_exactmetrics_sitenote_note":"","_exactmetrics_sitenote_category":0,"jnews-multi-image_gallery":[],"jnews_single_post":[],"jnews_primary_category":[],"jnews_social_meta":[],"jnews_review":[],"enable_review":"","type":"","name":"","summary":"","brand":"","sku":"","good":[],"bad":[],"score_override":"","override_value":"","rating":[],"price":[],"jnews_override_counter":[],"jnews_post_split":[],"footnotes":""},"categories":[1],"tags":[],"class_list":["post-12502","post","type-post","status-publish","format-standard","has-post-thumbnail","hentry","category-sin-categoria"],"jetpack_featured_media_url":"https:\/\/atecordoba.org\/wp-content\/uploads\/2020\/05\/logo-nuevochico-e1561581322808.png","_links":{"self":[{"href":"https:\/\/atecordoba.org\/index.php?rest_route=\/wp\/v2\/posts\/12502","targetHints":{"allow":["GET"]}}],"collection":[{"href":"https:\/\/atecordoba.org\/index.php?rest_route=\/wp\/v2\/posts"}],"about":[{"href":"https:\/\/atecordoba.org\/index.php?rest_route=\/wp\/v2\/types\/post"}],"author":[{"embeddable":true,"href":"https:\/\/atecordoba.org\/index.php?rest_route=\/wp\/v2\/users\/1"}],"replies":[{"embeddable":true,"href":"https:\/\/atecordoba.org\/index.php?rest_route=%2Fwp%2Fv2%2Fcomments&post=12502"}],"version-history":[{"count":1,"href":"https:\/\/atecordoba.org\/index.php?rest_route=\/wp\/v2\/posts\/12502\/revisions"}],"predecessor-version":[{"id":18524,"href":"https:\/\/atecordoba.org\/index.php?rest_route=\/wp\/v2\/posts\/12502\/revisions\/18524"}],"wp:featuredmedia":[{"embeddable":true,"href":"https:\/\/atecordoba.org\/index.php?rest_route=\/wp\/v2\/media\/19220"}],"wp:attachment":[{"href":"https:\/\/atecordoba.org\/index.php?rest_route=%2Fwp%2Fv2%2Fmedia&parent=12502"}],"wp:term":[{"taxonomy":"category","embeddable":true,"href":"https:\/\/atecordoba.org\/index.php?rest_route=%2Fwp%2Fv2%2Fcategories&post=12502"},{"taxonomy":"post_tag","embeddable":true,"href":"https:\/\/atecordoba.org\/index.php?rest_route=%2Fwp%2Fv2%2Ftags&post=12502"}],"curies":[{"name":"wp","href":"https:\/\/api.w.org\/{rel}","templated":true}]}}