{"id":12488,"date":"2020-03-18T13:52:32","date_gmt":"2020-03-18T16:52:32","guid":{"rendered":"https:\/\/www.atecordoba.org\/?p=12488"},"modified":"2020-05-05T09:09:45","modified_gmt":"2020-05-05T12:09:45","slug":"la-fabrica-militar-de-villa-maria-comienza-a-producir-alcohol-en-gel","status":"publish","type":"post","link":"https:\/\/atecordoba.org\/?p=12488","title":{"rendered":"La F\u00e1brica Militar de Villa Mar\u00eda comienza a producir alcohol en gel"},"content":{"rendered":"\n<p><em>Buscan abastecer del producto a escuelas, hospitales, cl\u00ednicas y agentes expuestos a la circulaci\u00f3n de personas.<\/em><\/p>\n\n\n\n<figure class=\"wp-block-image size-large\"><img decoding=\"async\" src=\"http:\/\/atecordoba.org\/wp-content\/uploads\/2020\/05\/Puerta-Villa-Mar\u00eda-1024x694.jpg\" alt=\"\" class=\"wp-image-12489\"\/><figcaption>Martes y mi\u00e9rcoles los\/as trabajadores\/as produjeron alcohol en gel para uso interno de las f\u00e1bricas militares de Beltr\u00e1n, Jachal, R\u00edo Tercero, Villa Mar\u00eda y Sede Central.<\/figcaption><\/figure>\n\n\n\n<p>El aumento de los casos de contagio de Coronavirus dispar\u00f3 en las \u00faltimas semanas la demanda de alcohol en gel, no solo en las farmacias, sino tambi\u00e9n en los supermercados, lo que provoc\u00f3 una escasez del producto.<\/p>\n\n\n\n<p>El jueves pasado, miembros de la Asociaci\u00f3n Trabajadores del Estado (ATE-CTA) de Villa Mar\u00eda mantuvieron una reuni\u00f3n con delegaciones a nivel nacional.<\/p>\n\n\n\n<p>All\u00ed propusieron que la Fabrica Militar de Villa Mar\u00eda elabore alcohol en gel, iniciativa que comenz\u00f3 a ejecutarse esta semana con el personal que est\u00e1 en actividades -recordemos que unos 80 trabajadores y trabajadoras de la f\u00e1brica se encuentran en cuarentena para cumplir con las reglamentaciones sanitarias del gobierno nacional-.<\/p>\n\n\n\n<p>\u201cTenemos los dos productos esenciales, que son el glicol y el alcohol, para producir alcohol en gel y ayudar a la sociedad, a las escuelas, hospitales, cl\u00ednicas, taxistas y todo el que podamos\u201d, manifest\u00f3 Fernando Mercado, Secretario General de ATE Villa Mar\u00eda a El Diario.<\/p>\n\n\n\n<p><\/p>\n\n\n\n<figure class=\"wp-block-gallery columns-3 is-cropped wp-block-gallery-1 is-layout-flex wp-block-gallery-is-layout-flex\"><ul class=\"blocks-gallery-grid\"><li class=\"blocks-gallery-item\"><figure><img decoding=\"async\" src=\"http:\/\/atecordoba.org\/wp-content\/uploads\/2020\/05\/Fabricaciones-quimica-3-1024x768.jpg\" alt=\"\" data-id=\"12490\" data-full-url=\"https:\/\/www.atecordoba.org\/wp-content\/uploads\/2020\/03\/Fabricaciones-quimica-3.jpg\" data-link=\"https:\/\/www.atecordoba.org\/?attachment_id=12490\" class=\"wp-image-12490\"\/><\/figure><\/li><li class=\"blocks-gallery-item\"><figure><img decoding=\"async\" src=\"http:\/\/atecordoba.org\/wp-content\/uploads\/2020\/05\/Fabricaciones-quimica-1024x683.jpg\" alt=\"\" data-id=\"12491\" data-full-url=\"https:\/\/www.atecordoba.org\/wp-content\/uploads\/2020\/03\/Fabricaciones-quimica.jpg\" data-link=\"https:\/\/www.atecordoba.org\/?attachment_id=12491\" class=\"wp-image-12491\"\/><\/figure><\/li><li class=\"blocks-gallery-item\"><figure><img decoding=\"async\" src=\"http:\/\/atecordoba.org\/wp-content\/uploads\/2020\/05\/Fabricaciones-quimica-2-1024x678.jpg\" alt=\"\" data-id=\"12492\" data-full-url=\"https:\/\/www.atecordoba.org\/wp-content\/uploads\/2020\/03\/Fabricaciones-quimica-2.jpg\" data-link=\"https:\/\/www.atecordoba.org\/?attachment_id=12492\" class=\"wp-image-12492\"\/><\/figure><\/li><\/ul><\/figure>\n\n\n\n<p><\/p>\n\n\n\n<p>\u201cEl Coronavirus es algo que nos tiene que preocupar, pero sobre todo ocupar a todos\u201d, agreg\u00f3.<\/p>\n\n\n\n<p>El s\u00e1bado miembros de la F\u00e1brica mantuvieron una reuni\u00f3n con Toselli y el domingo se reunieron con el intendente de la ciudad, Pablo Rosso y personal de la Universidad Nacional de Villa Mar\u00eda.<\/p>\n\n\n\n<p>All\u00ed se defini\u00f3 que se comiencen a aprontar los productos y la forma de hacerlo y ya comenzaron a producir el alcohol en gel.<\/p>\n\n\n\n<p>El Municipio y entidades sindicales acercaron ayer a la F\u00e1brica bidones para almacenarlos.<\/p>\n\n\n\n<p>Ahora lo que se espera es la definici\u00f3n del Directorio de producir como Fabricaciones Militares y poder abastecer de este producto en esta situaci\u00f3n de pandemia de Coronavirus.<\/p>\n\n\n\n<p>Lo que restar\u00e1 determinar es a qu\u00e9 sectores se les entregar\u00e1 primero, algo que decidir\u00e1 el comit\u00e9 de crisis.<\/p>\n\n\n\n<p>\u201cAportaremos desde Fabricaciones Militares nuestro granito de arena\u201d, cerr\u00f3 Mercado.<\/p>\n\n\n\n<p>Hasta el momento, el laboratorio de la base a\u00e9rea de El Palomar, que normalmente fabrica elementos que son utilizados por las propias Fuerzas, era el \u00fanico que hab\u00eda puesto a disposici\u00f3n del Ministerio de Salud la producci\u00f3n de alcohol en gel.<\/p>\n\n\n\n<p><strong>Fuente: Elaboraci\u00f3n propia y www.eldiariocba.com.ar<\/strong><\/p>\n","protected":false},"excerpt":{"rendered":"<p>Buscan abastecer del producto a escuelas, hospitales, cl\u00ednicas y agentes expuestos a la circulaci\u00f3n de personas. El aumento de los casos de contagio de Coronavirus dispar\u00f3 en las \u00faltimas semanas la demanda de alcohol en gel, no solo en las farmacias, sino tambi\u00e9n en los supermercados, lo que provoc\u00f3 una escasez del producto. El jueves [&hellip;]<\/p>\n","protected":false},"author":1,"featured_media":19220,"comment_status":"open","ping_status":"open","sticky":true,"template":"","format":"standard","meta":{"_exactmetrics_skip_tracking":false,"_exactmetrics_sitenote_active":false,"_exactmetrics_sitenote_note":"","_exactmetrics_sitenote_category":0,"jnews-multi-image_gallery":[],"jnews_single_post":[],"jnews_primary_category":[],"jnews_social_meta":[],"jnews_review":[],"enable_review":"","type":"","name":"","summary":"","brand":"","sku":"","good":[],"bad":[],"score_override":"","override_value":"","rating":[],"price":[],"jnews_override_counter":[],"jnews_post_split":[],"footnotes":""},"categories":[1],"tags":[],"class_list":["post-12488","post","type-post","status-publish","format-standard","has-post-thumbnail","hentry","category-sin-categoria"],"jetpack_featured_media_url":"https:\/\/atecordoba.org\/wp-content\/uploads\/2020\/05\/logo-nuevochico-e1561581322808.png","_links":{"self":[{"href":"https:\/\/atecordoba.org\/index.php?rest_route=\/wp\/v2\/posts\/12488","targetHints":{"allow":["GET"]}}],"collection":[{"href":"https:\/\/atecordoba.org\/index.php?rest_route=\/wp\/v2\/posts"}],"about":[{"href":"https:\/\/atecordoba.org\/index.php?rest_route=\/wp\/v2\/types\/post"}],"author":[{"embeddable":true,"href":"https:\/\/atecordoba.org\/index.php?rest_route=\/wp\/v2\/users\/1"}],"replies":[{"embeddable":true,"href":"https:\/\/atecordoba.org\/index.php?rest_route=%2Fwp%2Fv2%2Fcomments&post=12488"}],"version-history":[{"count":1,"href":"https:\/\/atecordoba.org\/index.php?rest_route=\/wp\/v2\/posts\/12488\/revisions"}],"predecessor-version":[{"id":18534,"href":"https:\/\/atecordoba.org\/index.php?rest_route=\/wp\/v2\/posts\/12488\/revisions\/18534"}],"wp:featuredmedia":[{"embeddable":true,"href":"https:\/\/atecordoba.org\/index.php?rest_route=\/wp\/v2\/media\/19220"}],"wp:attachment":[{"href":"https:\/\/atecordoba.org\/index.php?rest_route=%2Fwp%2Fv2%2Fmedia&parent=12488"}],"wp:term":[{"taxonomy":"category","embeddable":true,"href":"https:\/\/atecordoba.org\/index.php?rest_route=%2Fwp%2Fv2%2Fcategories&post=12488"},{"taxonomy":"post_tag","embeddable":true,"href":"https:\/\/atecordoba.org\/index.php?rest_route=%2Fwp%2Fv2%2Ftags&post=12488"}],"curies":[{"name":"wp","href":"https:\/\/api.w.org\/{rel}","templated":true}]}}