{"id":12484,"date":"2020-03-18T11:15:27","date_gmt":"2020-03-18T14:15:27","guid":{"rendered":"https:\/\/www.atecordoba.org\/?p=12484"},"modified":"2020-05-05T09:09:45","modified_gmt":"2020-05-05T12:09:45","slug":"suspenden-clases-en-la-escuela-de-gendarmeria-de-jesus-maria","status":"publish","type":"post","link":"https:\/\/atecordoba.org\/?p=12484","title":{"rendered":"Suspenden clases en la Escuela de Gendarmer\u00eda de Jes\u00fas Mar\u00eda"},"content":{"rendered":"\n<p><em>Con el apoyo de ATE los docentes civiles de la Escuela de Suboficiales de Gendarmer\u00eda \u201cCABO RA\u00daL REMBERTO CUELLO\u201d de Jes\u00fas Mar\u00eda se negaron a dar clases y desde el alto mando de la fuerza terminaron cediendo y adoptando la modalidad virtual, tal lo dispuesto por el Gobierno Nacional.<\/em> <\/p>\n\n\n\n<figure class=\"wp-block-image size-large\"><img decoding=\"async\" src=\"http:\/\/atecordoba.org\/wp-content\/uploads\/2020\/05\/Escuela-portada.jpg\" alt=\"\" class=\"wp-image-12485\"\/><\/figure>\n\n\n\n<p>&#8220;M\u00e1s de 2.000 alumnos esperaron en las aulas, hasta que finalmente se inform\u00f3 la decisi\u00f3n que se suspend\u00edan las clases presenciales para los aspirantes a gendarme y suboficiales hasta el d\u00eda 31 de marzo, en consonancia con lo dispuesto por el Gobierno Nacional&#8221;, inform\u00f3 la representaci\u00f3n de ATE.<\/p>\n\n\n\n<p>Desde el sector, las\/os delegadas\/os mantuvieron contacto todo el fin de semana con directivos de la escuela, pero \u00e9stos \u00faltimos aduc\u00edan que &#8220;estaban esperando alguna orden o resoluci\u00f3n, sino la actividad continuaba de forma normal&#8221;, comentaron quienes realizaron las comunicaciones. <\/p>\n\n\n\n<p>&#8220;La discusi\u00f3n comenz\u00f3 alrededor de las 7:20&nbsp;de la ma\u00f1ana entre los docentes y los directivos del establecimiento educativo, y se extendi\u00f3 hasta casi las 10 de la ma\u00f1ana, cuando reci\u00e9n hubo una resoluci\u00f3n&#8221;, narr\u00f3 el personal presente. &#8220;Los docentes civiles nucleados en ATE exigieron que se d\u00e9 cumplimiento a la Resoluci\u00f3n 105\/2020 del Ministerio de Educaci\u00f3n, que establece que los Institutos Universitarios deb\u00edan&nbsp;ir a la plataforma virtual, o, en caso de aula presencial, \u00e9sta&nbsp;deb\u00eda tener solo el 50 % de la capacidad del aula&#8221;, informaron.&nbsp;<\/p>\n\n\n\n<p>En este sentido, los docentes plantearon en todo momento que la negativa a dar clases implicaba no s\u00f3lo el autocuidado, sino tambi\u00e9n el resguardo de la salud de los miles de alumnos que participan en los distintos cursos.&nbsp;<\/p>\n\n\n\n<p>Tras llegar al acuerdo de suspensi\u00f3n de las instancias presenciales, la Fuerza dispuso la plataforma SAVES para poder dictar clases de manera virtual a los alumnos. <\/p>\n","protected":false},"excerpt":{"rendered":"<p>Con el apoyo de ATE los docentes civiles de la Escuela de Suboficiales de Gendarmer\u00eda \u201cCABO RA\u00daL REMBERTO CUELLO\u201d de Jes\u00fas Mar\u00eda se negaron a dar clases y desde el alto mando de la fuerza terminaron cediendo y adoptando la modalidad virtual, tal lo dispuesto por el Gobierno Nacional. &#8220;M\u00e1s de 2.000 alumnos esperaron en [&hellip;]<\/p>\n","protected":false},"author":1,"featured_media":19220,"comment_status":"open","ping_status":"open","sticky":true,"template":"","format":"standard","meta":{"_exactmetrics_skip_tracking":false,"_exactmetrics_sitenote_active":false,"_exactmetrics_sitenote_note":"","_exactmetrics_sitenote_category":0,"jnews-multi-image_gallery":[],"jnews_single_post":[],"jnews_primary_category":[],"jnews_social_meta":[],"jnews_review":[],"enable_review":"","type":"","name":"","summary":"","brand":"","sku":"","good":[],"bad":[],"score_override":"","override_value":"","rating":[],"price":[],"jnews_override_counter":[],"jnews_post_split":[],"footnotes":""},"categories":[1],"tags":[],"class_list":["post-12484","post","type-post","status-publish","format-standard","has-post-thumbnail","hentry","category-sin-categoria"],"jetpack_featured_media_url":"https:\/\/atecordoba.org\/wp-content\/uploads\/2020\/05\/logo-nuevochico-e1561581322808.png","_links":{"self":[{"href":"https:\/\/atecordoba.org\/index.php?rest_route=\/wp\/v2\/posts\/12484","targetHints":{"allow":["GET"]}}],"collection":[{"href":"https:\/\/atecordoba.org\/index.php?rest_route=\/wp\/v2\/posts"}],"about":[{"href":"https:\/\/atecordoba.org\/index.php?rest_route=\/wp\/v2\/types\/post"}],"author":[{"embeddable":true,"href":"https:\/\/atecordoba.org\/index.php?rest_route=\/wp\/v2\/users\/1"}],"replies":[{"embeddable":true,"href":"https:\/\/atecordoba.org\/index.php?rest_route=%2Fwp%2Fv2%2Fcomments&post=12484"}],"version-history":[{"count":1,"href":"https:\/\/atecordoba.org\/index.php?rest_route=\/wp\/v2\/posts\/12484\/revisions"}],"predecessor-version":[{"id":18536,"href":"https:\/\/atecordoba.org\/index.php?rest_route=\/wp\/v2\/posts\/12484\/revisions\/18536"}],"wp:featuredmedia":[{"embeddable":true,"href":"https:\/\/atecordoba.org\/index.php?rest_route=\/wp\/v2\/media\/19220"}],"wp:attachment":[{"href":"https:\/\/atecordoba.org\/index.php?rest_route=%2Fwp%2Fv2%2Fmedia&parent=12484"}],"wp:term":[{"taxonomy":"category","embeddable":true,"href":"https:\/\/atecordoba.org\/index.php?rest_route=%2Fwp%2Fv2%2Fcategories&post=12484"},{"taxonomy":"post_tag","embeddable":true,"href":"https:\/\/atecordoba.org\/index.php?rest_route=%2Fwp%2Fv2%2Ftags&post=12484"}],"curies":[{"name":"wp","href":"https:\/\/api.w.org\/{rel}","templated":true}]}}