{"id":12481,"date":"2020-03-18T10:57:12","date_gmt":"2020-03-18T13:57:12","guid":{"rendered":"https:\/\/www.atecordoba.org\/?p=12481"},"modified":"2020-05-05T09:09:45","modified_gmt":"2020-05-05T12:09:45","slug":"ate-se-reunio-con-jerarquico-de-iosfa","status":"publish","type":"post","link":"https:\/\/atecordoba.org\/?p=12481","title":{"rendered":"ATE se reuni\u00f3 con jer\u00e1rquico de IOSFA"},"content":{"rendered":"\n<p><em>Una comitiva de ATE se reuni\u00f3 con An\u00edbal Guti\u00e9rrez, de la gerencia del organismo que brinda servicios al personal de las Fuerzas Armadas y de Seguridad. Manifestaron la preocupaci\u00f3n ante el recorte de prestaciones y vadem\u00e9cum; reclamaron por condiciones de trabajo y pase a planta del personal de la obra social, entre otras problem\u00e1ticas abordadas.<\/em><\/p>\n\n\n\n<figure class=\"wp-block-image size-large\"><img decoding=\"async\" src=\"http:\/\/atecordoba.org\/wp-content\/uploads\/2020\/05\/03-18-2020-IOSFA-reunion.jpg\" alt=\"\" class=\"wp-image-12482\"\/><\/figure>\n\n\n\n<p>Ayer martes 17 de marzo, una comitiva encabezada por Omar Alercia, Secretario de Organizaci\u00f3n del Consejo Directivo Provincial (CDP) de ATE C\u00f3rdoba, se reuni\u00f3 con el Dr. Anibal Guti\u00e9rrez, Gerente de recursos Estrat\u00e9gicos del Instituto de Obra Social de las Fuerzas Armadas y de Seguridad (IOSFA). La reuni\u00f3n se realiz\u00f3 en La Falda, donde funciona la Residencia Serrana del IOSFA. De la reuni\u00f3n instancia participaron tambi\u00e9n las compa\u00f1eras Marcela Chavez, Vocal del CDP y Mar\u00eda Jose Pe\u00f1aloza, Secretaria de Acci\u00f3n Social de la Seccional Cruz del Eje, y los compa\u00f1eros Alejandro Charra Paritario Nacional y Secretario General de la Junta Interna de ATE Guarnici\u00f3n A\u00e9rea C\u00f3rdoba, Javier Bracamonte Secretario Gremial de dicha Junta y Estaban Iribarren, Delegado de la Escuela de Suboficiales de la Gendarmer\u00eda Nacional de Jes\u00fas Mar\u00eda.<\/p>\n\n\n\n<p>El IOSFA es una obra social estatal que brinda servicios a las Fuerzas Armadas (Ej\u00e9rcito Argentino, Armada Argentina y Fuerza A\u00e9rea Argentina) y de Seguridad (Prefectura Naval Argentina y Gendarmer\u00eda Nacional). Sin embargo, la funci\u00f3n de resguardo de salud \u2013sobre todo- se ha visto afectada a niveles cr\u00edticos desde hace ya un tiempo. Quienes participaron desde ATE de la reuni\u00f3n, plantearon la problem\u00e1tica al jer\u00e1rquico de la instituci\u00f3n desde dos puntos de vista: \u201cel de nuestros representados en tanto Afiliados de la Obra Social y la de nuestros representados en tanto Empleados de la Obra Social\u201d, expresaron desde ATE.<\/p>\n\n\n\n<p><\/p>\n\n\n\n<p><strong>Problem\u00e1tica de\nlos\/as afiliados\/as del IOSFA<\/strong><\/p>\n\n\n\n<p>\u201cSe plante\u00f3 fuertemente nuestra preocupaci\u00f3n por cortes\nintermitentes y sorpresivos en los servicios que IOSFA brinda, que se vienen\ndando desde fines del a\u00f1o pasado y que afectan a nuestros compa\u00f1eros y\ncompa\u00f1eras que sin aviso previo son \u201crebotados\u201d por los distintos prestadores\nde servicios de salud quienes alegan la falta de pago por parte del Instituto\u201d,\nnarraron. \u201cEsta situaci\u00f3n tuvo su punto culmine durante la semana pasada cuando\nla totalidad de los prestadores de la Ciudad de R\u00edo Cuarto decidieron\nrestringir los servicios a la IOSFA, lo que afect\u00f3 directamente a m\u00e1s de 350\ntrabajadores que prestan servicios en el \u00c1rea Material de Rio Cuarto de la\nFuerza A\u00e9rea y en el Batall\u00f3n de Holmberg del Ejercito, adem\u00e1s, claro est\u00e1, de\nsus familias\u201d, describieron, alarmados, los representantes de los afiliados \u2013civiles\nde dichas \u00e1reas-.<\/p>\n\n\n\n<p>\u201cRespecto a este punto el funcionario planteo que se\ntratar\u00eda de problemas heredados de la gesti\u00f3n anterior quienes habr\u00edan dejado\nal IOSFA en una situaci\u00f3n de cesaci\u00f3n de pago con respecto a muchos proveedores\nde servicios e insumos\u201d, comentaron desde ATE. Adem\u00e1s, expresaron desde la\norganizaci\u00f3n que Guti\u00e9rrez les plante\u00f3 que la situaci\u00f3n de Rio IV en particular\nest\u00e1 solucionada, se est\u00e1n estudiando todos los posibles problemas que pudieran\nsurgir a futuro y que se conformara un Comit\u00e9 de Crisis destinado a activar\nr\u00e1pidamente los mecanismos internos del Instituto para subsanar cualquier\ncontingencia. \u201cSe comprometi\u00f3 adem\u00e1s a instruir a dicho comit\u00e9 a tener un di\u00e1logo\nfluido y constante con las entidades gremiales para detectar cualquier problema\nque surja en el camino\u201d, expresaron.<\/p>\n\n\n\n<p>La comitiva de ATE tambi\u00e9n hizo alusi\u00f3n en la reuni\u00f3n \u201cal\nmalestar que genera en los afiliados a la Obra Social la reducci\u00f3n de los\ndescuentos en varios medicamentos o su exclusi\u00f3n lisa y llana del vadem\u00e9cum y\nlos recortes en prestaciones como ortodoncia y pr\u00f3tesis\u201d. A ello, el\nfuncionario respondi\u00f3 que, \u201cno obstante tratarse de medidas tomadas en los\n\u00faltimos d\u00edas del directorio anterior, la actual gesti\u00f3n se encuentra\npresupuestando la posibilidad de restituir todos esos servicios, cuesti\u00f3n de la\nque nos tendr\u00e1 al tanto\u201d, expresaron desde ATE.<\/p>\n\n\n\n<p>\u201cSe plateo adem\u00e1s la necesidad de volver a contar con el sistema de descuentos de haberes para los servicios y prestaciones del IOSFA, cuesti\u00f3n que el funcionario se comprometi\u00f3 a estudiar\u201d, agregaron.<\/p>\n\n\n\n<p><\/p>\n\n\n\n<p><strong>Como trabajadores\/as\ndel IOSFA<\/strong><\/p>\n\n\n\n<p>\u201cLa primera pregunta a este respecto que la comitiva le\nformul\u00f3 al funcionario fue la de si \u00e9l se encontraba al tanto de los dichos del\nSr. Presidente del IOSFA, Dr. D\u00edaz P\u00e9rez, respecto de la garant\u00eda de todos los\npuestos de trabajo y el compromiso de efectivizar los m\u00e1s de 200 concursos para\npase a planta que compa\u00f1eros\/as rindieran entre los a\u00f1os 2013 y 2015\u201d,\ncomentaron desde ATE, a lo que agregaron que el funcionario contest\u00f3 que el\nPresidente Diaz Perez no le ha expresado ninguna decisi\u00f3n de achicar la planta\ndel personal, \u201cpor lo cual se da por garantizada la permanencia en sus puestos\nde la totalidad del personal de planta permanente y contratados\u201d, anunci\u00f3\nGuti\u00e9rrez seg\u00fan relataron quienes asistieron a la reuni\u00f3n por parte del\nsindicato. <\/p>\n\n\n\n<p>Respecto de los pases a planta, comentaron desde el gremio,\nel titular del IOSFA explic\u00f3 que \u201csi bien hay que actualizar los datos de\naquellos concursos que se rindieron esto se debe solo a la desactualizaci\u00f3n de\ndatos filiatorios, a actualizaci\u00f3n de t\u00edtulos en los legajos y a algunas bajas\nvegetativas, que de ninguna manera se va a hacer rendir nuevos ex\u00e1menes y que\nla mayor demora se encuentra en la intenci\u00f3n del Presidente de IOSFA de\nconcursar nuevas vacantes para los contratados de m\u00e1s de 15 a\u00f1os de servicios\n(que alcanzar\u00edan mayormente a los contratados de las ex DIBPFA y DIBA) para\npoder oficializar antes de fin de a\u00f1o un pase a planta permanente \u00fanico que\nrondar\u00eda los 500 compa\u00f1eros\u201d, expresaron.<\/p>\n\n\n\n<p>\u201cRespecto de las malas condiciones de trabajo en las que se\nencuentran nuestros compa\u00f1eros y compa\u00f1eras administrativos\/as, quienes no\ncuentan con los insumos m\u00ednimos para realizar su tarea (papel, toner, fax, etc.),\nel Dr. Guti\u00e9rrez tomo nota y pidi\u00f3 unos d\u00edas para normalizar la situaci\u00f3n\u201d,\ncomentaron desde ATE.<\/p>\n\n\n\n<p>En punto a la situaci\u00f3n de los trabajadores eventuales\nrefiri\u00f3 que no es intenci\u00f3n del IOSFA la de contratar nuevo personal, no\nobstante lo cual se comprometi\u00f3 a revisar caso por caso de aquellos \u201cque son\nmal llamados eventuales por trabajar realmente varios meses (en algunos casos\nhasta 11), quienes ameritar\u00edan una reconsideraci\u00f3n\u201d, describieron.<\/p>\n\n\n\n<p>En tanto, y por ser el tema m\u00e1s apremiante de la coyuntura,\nse le solicit\u00f3 al funcionario \u201cdirectivas claras para el personal de IOSFA\nrespecto de las medidas contra el brote de corona virus, a lo que el\nfuncionario contest\u00f3 que van a respetar todas las resoluciones que emanen del\nPoder Ejecutivo y a emitir una resoluci\u00f3n interna que allane el camino para que\nlos trabajadores puedan plantear a las distintas jefaturas sus situaciones\nparticulares, resoluci\u00f3n esta que hemos constatado fue emitida por el\nfuncionario pocos minutos despu\u00e9s y que lleva el n\u00famero de expediente\nME-2020-17500280-APN-GRE#IOSFA\u201d, puntualizaron desde el gremio.<\/p>\n\n\n\n<p>Tras la reuni\u00f3n la comitiva evalu\u00f3 como muy positiva la\ninstancia. Omar Alercia, Secretario de Organizaci\u00f3n del CDP expres\u00f3: \u201ces bueno\nque en una primera reuni\u00f3n no salgamos solo con buenas intenciones sino que\ntengamos cosas concretas que mostrarle a los trabajadores, eso reafirma nuestra\nconfianza en la apuesta por el di\u00e1logo con quienes conducen el IOSFA\u201d.<\/p>\n","protected":false},"excerpt":{"rendered":"<p>Una comitiva de ATE se reuni\u00f3 con An\u00edbal Guti\u00e9rrez, de la gerencia del organismo que brinda servicios al personal de las Fuerzas Armadas y de Seguridad. Manifestaron la preocupaci\u00f3n ante el recorte de prestaciones y vadem\u00e9cum; reclamaron por condiciones de trabajo y pase a planta del personal de la obra social, entre otras problem\u00e1ticas abordadas. [&hellip;]<\/p>\n","protected":false},"author":1,"featured_media":19220,"comment_status":"open","ping_status":"open","sticky":true,"template":"","format":"standard","meta":{"_exactmetrics_skip_tracking":false,"_exactmetrics_sitenote_active":false,"_exactmetrics_sitenote_note":"","_exactmetrics_sitenote_category":0,"jnews-multi-image_gallery":[],"jnews_single_post":[],"jnews_primary_category":[],"jnews_social_meta":[],"jnews_review":[],"enable_review":"","type":"","name":"","summary":"","brand":"","sku":"","good":[],"bad":[],"score_override":"","override_value":"","rating":[],"price":[],"jnews_override_counter":[],"jnews_post_split":[],"footnotes":""},"categories":[1],"tags":[],"class_list":["post-12481","post","type-post","status-publish","format-standard","has-post-thumbnail","hentry","category-sin-categoria"],"jetpack_featured_media_url":"https:\/\/atecordoba.org\/wp-content\/uploads\/2020\/05\/logo-nuevochico-e1561581322808.png","_links":{"self":[{"href":"https:\/\/atecordoba.org\/index.php?rest_route=\/wp\/v2\/posts\/12481","targetHints":{"allow":["GET"]}}],"collection":[{"href":"https:\/\/atecordoba.org\/index.php?rest_route=\/wp\/v2\/posts"}],"about":[{"href":"https:\/\/atecordoba.org\/index.php?rest_route=\/wp\/v2\/types\/post"}],"author":[{"embeddable":true,"href":"https:\/\/atecordoba.org\/index.php?rest_route=\/wp\/v2\/users\/1"}],"replies":[{"embeddable":true,"href":"https:\/\/atecordoba.org\/index.php?rest_route=%2Fwp%2Fv2%2Fcomments&post=12481"}],"version-history":[{"count":1,"href":"https:\/\/atecordoba.org\/index.php?rest_route=\/wp\/v2\/posts\/12481\/revisions"}],"predecessor-version":[{"id":18538,"href":"https:\/\/atecordoba.org\/index.php?rest_route=\/wp\/v2\/posts\/12481\/revisions\/18538"}],"wp:featuredmedia":[{"embeddable":true,"href":"https:\/\/atecordoba.org\/index.php?rest_route=\/wp\/v2\/media\/19220"}],"wp:attachment":[{"href":"https:\/\/atecordoba.org\/index.php?rest_route=%2Fwp%2Fv2%2Fmedia&parent=12481"}],"wp:term":[{"taxonomy":"category","embeddable":true,"href":"https:\/\/atecordoba.org\/index.php?rest_route=%2Fwp%2Fv2%2Fcategories&post=12481"},{"taxonomy":"post_tag","embeddable":true,"href":"https:\/\/atecordoba.org\/index.php?rest_route=%2Fwp%2Fv2%2Ftags&post=12481"}],"curies":[{"name":"wp","href":"https:\/\/api.w.org\/{rel}","templated":true}]}}