{"id":12476,"date":"2020-03-17T17:37:55","date_gmt":"2020-03-17T20:37:55","guid":{"rendered":"https:\/\/www.atecordoba.org\/?p=12476"},"modified":"2020-05-05T09:09:45","modified_gmt":"2020-05-05T12:09:45","slug":"en-medio-de-la-pandemia-otra-avivada-del-gobierno","status":"publish","type":"post","link":"https:\/\/atecordoba.org\/?p=12476","title":{"rendered":"En medio de la pandemia, otra avivada del Gobierno"},"content":{"rendered":"\n<p class=\"has-text-align-right\">\u00a0<em>17 de marzo de 2020 &#8211; COMUNICADO DE PRENSA ATE C\u00d3RDOBA<\/em><\/p>\n\n\n\n<p>El Consejo Directivo Provincial de ATE C\u00f3rdoba <strong>RECHAZA EL ACUERDO SALARIAL<\/strong> -conocido en las \u00faltimas horas- entre el Gobierno Provincial y el sindicalismo c\u00f3mplice. La propuesta salarial que niega la Cl\u00e1usula Gatillo, desconoce la p\u00e9rdida de poder adquisitivo perdido en 2019 (unos $4000 aproximadamente) y otorga un magro 17 por ciento de aumento total hasta julio (en tres \u201cc\u00f3modas\u201d cuotas de 3 por ciento en febrero, 3 en mayo, 3 en julio, aplicados al b\u00e1sico y adicionales), es no solo INSUFICIENTE, sino una AFRENTA directa a los trabajadores y trabajadoras estatales y a la totalidad de la ciudadan\u00eda cordobesa.\u00a0<\/p>\n\n\n\n<p>Quienes trabajan en hospitales,\nsalas, laboratorios p\u00fablicos provinciales, son quienes tienen la\nresponsabilidad de atender, detectar, aislar, derivar y, de ser necesario,\nacompa\u00f1ar los cuidados de los\/as pacientes infectados\/as hasta su recuperaci\u00f3n.\nJornadas inacabables de trabajo sin los insumos b\u00e1sicos suficientes para la\nbioseguridad -como barbijos, guantes, equipos de protecci\u00f3n, etc\u00e9tera-,\nexpuestos a posibles casos de coronavirus y atendiendo tambi\u00e9n con profesionalismo\nel alarmante aumento de casos de dengue y otras patolog\u00edas propias de una\nrealidad sanitaria general de emergencia, son factores que -sumados- componen\nuna actitud de DESPRECIO E INGRATITUD a quienes trabajamos en la salud p\u00fablica\nprovincial.<\/p>\n\n\n\n<p>El derecho al acceso a una salud\np\u00fablica de calidad NO SE GARANTIZA EMPUJANDO A LA POBREZA a los trabajadores y\ntrabajadoras y aprovechando la imposibilidad de la protesta social cerrando\nacuerdos esp\u00fareos de manera oscura e inconsulta. Hacemos notar que, por ello, ATE\nha elevado en reiteradas oportunidades al Gobierno de la Provincia de C\u00f3rdoba\nla disposici\u00f3n de participar de la Mesa de Discusi\u00f3n Salarial Provincial y, una\nvez m\u00e1s, el oficialismo del ejecutivo nos demuestra con este acuerdo que\nprefiere en sus oficinas a c\u00f3mplices y socios antes que a la leg\u00edtima\nrepresentaci\u00f3n de los trabajadores y trabajadoras provinciales.<\/p>\n\n\n\n<p>Denunciamos en este acto, tambi\u00e9n,\nque el Gobierno de la Provincia de C\u00f3rdoba EST\u00c1 NEGANDO A PERSONAL COMPRENDIDO\nEN LOS GRUPOS DE RIESGO LA POSIBILIDAD DE DISPONER DE LAS LICENCIAS ESPECIALES\nY PREVENTIVAS, situaci\u00f3n que constituye no solo un riesgo para estas personas\nsino para la salud p\u00fablica en general.<\/p>\n\n\n\n<p>Por otro lado -aunque en el mismo\nsentido-, debido a la situaci\u00f3n sanitaria general, RECLAMAMOS LA URGENTE\nINCORPORACI\u00d3N DE NUEVO PERSONAL EN EL SISTEMA SANITARIO PROVINCIAL: no es un\npedido nuevo, pr\u00e1cticamente es denunciado y exigido por ATE semana a semana.<\/p>\n\n\n\n<p>No vamos a aflojar con nuestro\nreclamo porque TAN PELIGROSO como el coronavirus y el dengue es el doble\ndiscurso de un Gobierno que no garantiza el correcto funcionamiento del sistema\nsanitario, la provisi\u00f3n de insumos, la dotaci\u00f3n necesaria de personal, el nivel\nsalarial, ni la salud y el bienestar de los trabajadores y trabajadoras que sostienen\nlos establecimientos.<\/p>\n\n\n\n<p>Reiteramos que como siempre y m\u00e1s que nunca, ATE siempre est\u00e1.<\/p>\n\n\n\n<p><\/p>\n\n\n\n<p><em>Hugo Dur\u00e1n &#8211;  Secretario Adjunto CDP ATE C\u00f3rdoba &#8211;  351-3692528 <\/em><\/p>\n\n\n\n<p><em>Federico Giuliani &#8211; Secretario General CDP ATE C\u00f3rdoba  &#8211; 358-4355410 <\/em><\/p>\n\n\n\n<figure class=\"wp-block-image size-large\"><img decoding=\"async\" src=\"http:\/\/atecordoba.org\/wp-content\/uploads\/2020\/05\/03-17-Rechazo-Propuesta-Schiaretti-ATE-724x1024.jpg\" alt=\"\" class=\"wp-image-12477\"\/><\/figure>\n","protected":false},"excerpt":{"rendered":"<p>\u00a017 de marzo de 2020 &#8211; COMUNICADO DE PRENSA ATE C\u00d3RDOBA El Consejo Directivo Provincial de ATE C\u00f3rdoba RECHAZA EL ACUERDO SALARIAL -conocido en las \u00faltimas horas- entre el Gobierno Provincial y el sindicalismo c\u00f3mplice. La propuesta salarial que niega la Cl\u00e1usula Gatillo, desconoce la p\u00e9rdida de poder adquisitivo perdido en 2019 (unos $4000 aproximadamente) [&hellip;]<\/p>\n","protected":false},"author":1,"featured_media":19220,"comment_status":"open","ping_status":"open","sticky":true,"template":"","format":"standard","meta":{"_exactmetrics_skip_tracking":false,"_exactmetrics_sitenote_active":false,"_exactmetrics_sitenote_note":"","_exactmetrics_sitenote_category":0,"jnews-multi-image_gallery":[],"jnews_single_post":[],"jnews_primary_category":[],"jnews_social_meta":[],"jnews_review":[],"enable_review":"","type":"","name":"","summary":"","brand":"","sku":"","good":[],"bad":[],"score_override":"","override_value":"","rating":[],"price":[],"jnews_override_counter":[],"jnews_post_split":[],"footnotes":""},"categories":[1],"tags":[],"class_list":["post-12476","post","type-post","status-publish","format-standard","has-post-thumbnail","hentry","category-sin-categoria"],"jetpack_featured_media_url":"https:\/\/atecordoba.org\/wp-content\/uploads\/2020\/05\/logo-nuevochico-e1561581322808.png","_links":{"self":[{"href":"https:\/\/atecordoba.org\/index.php?rest_route=\/wp\/v2\/posts\/12476","targetHints":{"allow":["GET"]}}],"collection":[{"href":"https:\/\/atecordoba.org\/index.php?rest_route=\/wp\/v2\/posts"}],"about":[{"href":"https:\/\/atecordoba.org\/index.php?rest_route=\/wp\/v2\/types\/post"}],"author":[{"embeddable":true,"href":"https:\/\/atecordoba.org\/index.php?rest_route=\/wp\/v2\/users\/1"}],"replies":[{"embeddable":true,"href":"https:\/\/atecordoba.org\/index.php?rest_route=%2Fwp%2Fv2%2Fcomments&post=12476"}],"version-history":[{"count":1,"href":"https:\/\/atecordoba.org\/index.php?rest_route=\/wp\/v2\/posts\/12476\/revisions"}],"predecessor-version":[{"id":18541,"href":"https:\/\/atecordoba.org\/index.php?rest_route=\/wp\/v2\/posts\/12476\/revisions\/18541"}],"wp:featuredmedia":[{"embeddable":true,"href":"https:\/\/atecordoba.org\/index.php?rest_route=\/wp\/v2\/media\/19220"}],"wp:attachment":[{"href":"https:\/\/atecordoba.org\/index.php?rest_route=%2Fwp%2Fv2%2Fmedia&parent=12476"}],"wp:term":[{"taxonomy":"category","embeddable":true,"href":"https:\/\/atecordoba.org\/index.php?rest_route=%2Fwp%2Fv2%2Fcategories&post=12476"},{"taxonomy":"post_tag","embeddable":true,"href":"https:\/\/atecordoba.org\/index.php?rest_route=%2Fwp%2Fv2%2Ftags&post=12476"}],"curies":[{"name":"wp","href":"https:\/\/api.w.org\/{rel}","templated":true}]}}