{"id":12472,"date":"2020-03-16T19:24:28","date_gmt":"2020-03-16T22:24:28","guid":{"rendered":"https:\/\/www.atecordoba.org\/?p=12472"},"modified":"2020-05-05T09:09:45","modified_gmt":"2020-05-05T12:09:45","slug":"creamos-el-boletin-informativo-provincial","status":"publish","type":"post","link":"https:\/\/atecordoba.org\/?p=12472","title":{"rendered":"Creamos el Boletin Informativo Provincial"},"content":{"rendered":"\n<p>Las publicaciones que usted est\u00e1 recibiendo son fruto del trabajo de equipos de prensa de las Seccionales y del Consejo Directivo Provincial (CDP) de ATE de la Provincia de C\u00f3rdoba. Les hemos dado en llamar BIP (Bolet\u00ed Informativo Provincial).<\/p>\n\n\n\n<p>Desde que asumimos el CDP hemos decidido trazarnos una estrategia com\u00fan en el desarrollo de ATE en toda la provincia: compartir esfuerzos, sumar las partes y, m\u00e1s que eso, constrituirnos en un nosotros m\u00e1s grande, que ueda ser m\u00e1s efectivo y fuerte en la defensa de cada trabajador y trabajadora estatal.<\/p>\n\n\n\n<p>Somos conscientes de que el camino emrendido es grande, pero sabemos que en nuesto esfuerzo radica la posibilidad de que el Pueblo de la Provincia de C\u00f3rdoba -y de la Rep\u00fablica Argentina- pueda gozar de m\u00e1s derechos, en el camino de la Justicia Social.<\/p>\n\n\n\n<p>Con el ideal de una Patria para Totos y Todas, vaya esta herramienta -que complementa los dispositivos web, redes sociales, boletines impresos- que no es m\u00e1s que un medio para interactuar y contar los esfuerzos de cientos, milesm de compa\u00f1eros y compa\u00f1eras an\u00f3nimas que d\u00eda a d\u00eda hacen de sus barrios, sus f\u00e1bricas, sus puestos de trabajo, su trinchera de lucha.<\/p>\n\n\n\n<p>Sin m\u00e1s presentaci\u00f3n, compartimos en formato digital ambos BIP que componen la edici\u00f3n N\u00famero 1.<\/p>\n\n\n\n<hr class=\"wp-block-separator\"\/>\n\n\n\n<p>Edici\u00f3n N\u00famero 1<\/p>\n\n\n\n<p><a href=\"https:\/\/drive.google.com\/open?id=1XgpVFZl9f5Bvp6232UXryUE77147B3G8\">https:\/\/drive.google.com\/open?id=1XgpVFZl9f5Bvp6232UXryUE77147B3G8<\/a><\/p>\n\n\n\n<hr class=\"wp-block-separator\"\/>\n\n\n\n<p>N\u00famero 1 &#8211; Provinciale<\/p>\n\n\n\n<p><a href=\"https:\/\/drive.google.com\/open?id=1PDkWMONtPwuWaOcPb5EpANB9qEw3OsAW\">https:\/\/drive.google.com\/open?id=1PDkWMONtPwuWaOcPb5EpANB9qEw3OsAW<\/a><\/p>\n","protected":false},"excerpt":{"rendered":"<p>Las publicaciones que usted est\u00e1 recibiendo son fruto del trabajo de equipos de prensa de las Seccionales y del Consejo Directivo Provincial (CDP) de ATE de la Provincia de C\u00f3rdoba. Les hemos dado en llamar BIP (Bolet\u00ed Informativo Provincial). Desde que asumimos el CDP hemos decidido trazarnos una estrategia com\u00fan en el desarrollo de ATE [&hellip;]<\/p>\n","protected":false},"author":1,"featured_media":19220,"comment_status":"open","ping_status":"open","sticky":true,"template":"","format":"standard","meta":{"_exactmetrics_skip_tracking":false,"_exactmetrics_sitenote_active":false,"_exactmetrics_sitenote_note":"","_exactmetrics_sitenote_category":0,"jnews-multi-image_gallery":[],"jnews_single_post":[],"jnews_primary_category":[],"jnews_social_meta":[],"jnews_review":[],"enable_review":"","type":"","name":"","summary":"","brand":"","sku":"","good":[],"bad":[],"score_override":"","override_value":"","rating":[],"price":[],"jnews_override_counter":[],"jnews_post_split":[],"footnotes":""},"categories":[1],"tags":[],"class_list":["post-12472","post","type-post","status-publish","format-standard","has-post-thumbnail","hentry","category-sin-categoria"],"jetpack_featured_media_url":"https:\/\/atecordoba.org\/wp-content\/uploads\/2020\/05\/logo-nuevochico-e1561581322808.png","_links":{"self":[{"href":"https:\/\/atecordoba.org\/index.php?rest_route=\/wp\/v2\/posts\/12472","targetHints":{"allow":["GET"]}}],"collection":[{"href":"https:\/\/atecordoba.org\/index.php?rest_route=\/wp\/v2\/posts"}],"about":[{"href":"https:\/\/atecordoba.org\/index.php?rest_route=\/wp\/v2\/types\/post"}],"author":[{"embeddable":true,"href":"https:\/\/atecordoba.org\/index.php?rest_route=\/wp\/v2\/users\/1"}],"replies":[{"embeddable":true,"href":"https:\/\/atecordoba.org\/index.php?rest_route=%2Fwp%2Fv2%2Fcomments&post=12472"}],"version-history":[{"count":1,"href":"https:\/\/atecordoba.org\/index.php?rest_route=\/wp\/v2\/posts\/12472\/revisions"}],"predecessor-version":[{"id":18542,"href":"https:\/\/atecordoba.org\/index.php?rest_route=\/wp\/v2\/posts\/12472\/revisions\/18542"}],"wp:featuredmedia":[{"embeddable":true,"href":"https:\/\/atecordoba.org\/index.php?rest_route=\/wp\/v2\/media\/19220"}],"wp:attachment":[{"href":"https:\/\/atecordoba.org\/index.php?rest_route=%2Fwp%2Fv2%2Fmedia&parent=12472"}],"wp:term":[{"taxonomy":"category","embeddable":true,"href":"https:\/\/atecordoba.org\/index.php?rest_route=%2Fwp%2Fv2%2Fcategories&post=12472"},{"taxonomy":"post_tag","embeddable":true,"href":"https:\/\/atecordoba.org\/index.php?rest_route=%2Fwp%2Fv2%2Ftags&post=12472"}],"curies":[{"name":"wp","href":"https:\/\/api.w.org\/{rel}","templated":true}]}}