{"id":12468,"date":"2020-03-13T07:53:32","date_gmt":"2020-03-13T10:53:32","guid":{"rendered":"https:\/\/www.atecordoba.org\/?p=12468"},"modified":"2020-05-05T09:09:45","modified_gmt":"2020-05-05T12:09:45","slug":"comenzo-el-for-for-apuntamos-a-formar-dirigentes-politicxs","status":"publish","type":"post","link":"https:\/\/atecordoba.org\/?p=12468","title":{"rendered":"Comenz\u00f3 el For-For: \u201cApuntamos a formar dirigentes pol\u00edticxs\u201d"},"content":{"rendered":"\n<p> Lo afirm\u00f3 \u201cCachorro\u201d Godoy en la apertura del ciclo a partir del cual queda conformado el equipo nacional de formaci\u00f3n. <\/p>\n\n\n\n<figure class=\"wp-block-image size-large\"><img decoding=\"async\" src=\"http:\/\/atecordoba.org\/wp-content\/uploads\/2020\/05\/b0ec65f5a1151f758dff3a6430b31883_m.jpg\" alt=\"\" class=\"wp-image-12469\"\/><\/figure>\n\n\n\n<p>Con la presencia de dirigentes\nde todo el pa\u00eds, integrantes de las secretar\u00edas y equipos de Formaci\u00f3n de los\nConsejos Directivos Provinciales de ATE y de la CTA-A, comenz\u00f3 el ciclo de Formaci\u00f3n\npara Formadores (For-For). &nbsp;El acto de\napertura estuvo a cargo de Hugo \u201cCachorro\u201d Godoy, Secretario General de ATE, &nbsp;quien brind\u00f3 una caracterizaci\u00f3n de la\nestrategia en la que se enmarca el programa que se extender\u00e1 durante dos a\u00f1os,\ncon encuentros de dos d\u00edas cada dos meses.<\/p>\n\n\n\n<p>A partir del For- For\nqueda constituido el equipo nacional de Formaci\u00f3n del sindicato. En esa l\u00ednea,\nel Secretario del \u00e1rea en el CDN, Gustavo Quinteros, explic\u00f3 que el objetivo del\nencuentro es construir una \u201cestrategia formativa para los pr\u00f3ximos cuatro a\u00f1os,\nde manera colectiva\u201d. <\/p>\n\n\n\n<p>Por su parte, el titular\nde la Escuela Libertario Ferrari, Cristi\u00e1n V\u00e1zquez, indic\u00f3 que \u201cdentro del\namplio programa de formaci\u00f3n de ATE, uno de los dispositivos m\u00e1s improtantes es\nel For-For\u201d. \u201cLa idea es llevar la formaci\u00f3n a todo el pa\u00eds, a los distintos territorios\ny homogeneizar las tem\u00e1ticas formativas\u201d, expres\u00f3. <\/p>\n\n\n\n<p><strong>\u201cCapacidad pol\u00edtica para pensar el futuro\u201d<\/strong><\/p>\n\n\n\n<p>Durante la apertura, \u201cCachorro\u201d\nGodoy manifest\u00f3: \u201cEn esta etapa, el avance del neoliberalismo tiene que ver,\nfundamentalmente, con arrasar con los Estados Nacionales, porque&nbsp; estos son el arma principal que tenemos los\npueblos para ejercer nuestra soberan\u00eda\u201d. <\/p>\n\n\n\n<p>Ante esto, \u201cno se puede\npensar lucha por los derechos de los trabajadores y trabajadoras estatales si\nno es en el marco de esta disputa m\u00e1s general, con los sistemas de dominaci\u00f3n\nglobal y que se reproducen al interior de las naciones\u201d. <\/p>\n\n\n\n<p>Por ello, se\u00f1al\u00f3: \u201cla capacitaci\u00f3n\nen cuestiones operativas es muy importante, pero nosotros apuntamos a formar\ndirigentes pol\u00edticos, y para eso la mejor forma es discutir pol\u00edtica y formarnos\npol\u00edticamente\u201d. Y a\u00f1adi\u00f3: \u201cPrimero est\u00e1 la capacidad para rebelarse, pero\ndespu\u00e9s est\u00e1 el para qu\u00e9\u201d. <\/p>\n\n\n\n<p>En ese sentido, resalt\u00f3: \u201cUna\nde las razones de la crisis que tenemos como pueblo es la falta de paradigmas\nde sociabilidad alternativas a la capitalista, tras las derrotas que sufrieron\nlos proyectos emancipatorios con la ca\u00edda del Muro de Berl\u00edn en los `90, y\nluego, en 2015, en Am\u00e9rica latina con la derrota de los gobiernos populares\ncuyo ciclo se hab\u00eda iniciado en el `98 con el caracazo\u201d.<\/p>\n\n\n\n<p>Por eso, \u201cla tarea principal\nque tenemos las organizaciones populares es reconstituir un nuevo modelo de\nsociedad para la humanidad, en el marco de la reconstituci\u00f3n de laPatria\nlatinoamericana y del Caribe, y estamos convencidos, por eso seguimos peleando,\nque la clase trabajadora tiene la capacidad para hacerlo\u201d, expres\u00f3 Godoy.<\/p>\n\n\n\n<p>\u201cEs muy importante que\ntodo lo que estudien, sean capaces de imaginar, inventar, organizar este dotado\nde capacidad pol\u00edtica para pensar el futuro. Como clase trabajadora tenemos la\nresponsabilidad de seguir buscando salidas a esta encrucijada que tenemos como\nhumanidad\u201d, concluy\u00f3 el dirigente de ATE. Para cerrar, convoc\u00f3 a debatir en\ncada territorio el proyecto de reforma del Estatuto que el viernes pasado fue\naprobado por el Consejo Directivo Nacional.<\/p>\n\n\n\n<p>Del encuentro\nparticiparon otros miembros del equipo de Formaci\u00f3n nacional como M\u00f3nica D`El\u00eda y Luis Mar\u00eda Alman Bornes.<\/p>\n\n\n\n<p><strong>Prensa ATE<\/strong><\/p>\n","protected":false},"excerpt":{"rendered":"<p>Lo afirm\u00f3 \u201cCachorro\u201d Godoy en la apertura del ciclo a partir del cual queda conformado el equipo nacional de formaci\u00f3n. Con la presencia de dirigentes de todo el pa\u00eds, integrantes de las secretar\u00edas y equipos de Formaci\u00f3n de los Consejos Directivos Provinciales de ATE y de la CTA-A, comenz\u00f3 el ciclo de Formaci\u00f3n para Formadores [&hellip;]<\/p>\n","protected":false},"author":1,"featured_media":19220,"comment_status":"open","ping_status":"open","sticky":true,"template":"","format":"standard","meta":{"_exactmetrics_skip_tracking":false,"_exactmetrics_sitenote_active":false,"_exactmetrics_sitenote_note":"","_exactmetrics_sitenote_category":0,"jnews-multi-image_gallery":[],"jnews_single_post":[],"jnews_primary_category":[],"jnews_social_meta":[],"jnews_review":[],"enable_review":"","type":"","name":"","summary":"","brand":"","sku":"","good":[],"bad":[],"score_override":"","override_value":"","rating":[],"price":[],"jnews_override_counter":[],"jnews_post_split":[],"footnotes":""},"categories":[1],"tags":[],"class_list":["post-12468","post","type-post","status-publish","format-standard","has-post-thumbnail","hentry","category-sin-categoria"],"jetpack_featured_media_url":"https:\/\/atecordoba.org\/wp-content\/uploads\/2020\/05\/logo-nuevochico-e1561581322808.png","_links":{"self":[{"href":"https:\/\/atecordoba.org\/index.php?rest_route=\/wp\/v2\/posts\/12468","targetHints":{"allow":["GET"]}}],"collection":[{"href":"https:\/\/atecordoba.org\/index.php?rest_route=\/wp\/v2\/posts"}],"about":[{"href":"https:\/\/atecordoba.org\/index.php?rest_route=\/wp\/v2\/types\/post"}],"author":[{"embeddable":true,"href":"https:\/\/atecordoba.org\/index.php?rest_route=\/wp\/v2\/users\/1"}],"replies":[{"embeddable":true,"href":"https:\/\/atecordoba.org\/index.php?rest_route=%2Fwp%2Fv2%2Fcomments&post=12468"}],"version-history":[{"count":1,"href":"https:\/\/atecordoba.org\/index.php?rest_route=\/wp\/v2\/posts\/12468\/revisions"}],"predecessor-version":[{"id":18548,"href":"https:\/\/atecordoba.org\/index.php?rest_route=\/wp\/v2\/posts\/12468\/revisions\/18548"}],"wp:featuredmedia":[{"embeddable":true,"href":"https:\/\/atecordoba.org\/index.php?rest_route=\/wp\/v2\/media\/19220"}],"wp:attachment":[{"href":"https:\/\/atecordoba.org\/index.php?rest_route=%2Fwp%2Fv2%2Fmedia&parent=12468"}],"wp:term":[{"taxonomy":"category","embeddable":true,"href":"https:\/\/atecordoba.org\/index.php?rest_route=%2Fwp%2Fv2%2Fcategories&post=12468"},{"taxonomy":"post_tag","embeddable":true,"href":"https:\/\/atecordoba.org\/index.php?rest_route=%2Fwp%2Fv2%2Ftags&post=12468"}],"curies":[{"name":"wp","href":"https:\/\/api.w.org\/{rel}","templated":true}]}}