{"id":12462,"date":"2020-03-12T13:01:54","date_gmt":"2020-03-12T16:01:54","guid":{"rendered":"https:\/\/www.atecordoba.org\/?p=12462"},"modified":"2020-05-05T09:09:45","modified_gmt":"2020-05-05T12:09:45","slug":"la-seguridad-social-se-reunio-en-ate","status":"publish","type":"post","link":"https:\/\/atecordoba.org\/?p=12462","title":{"rendered":"La Seguridad Social se reuni\u00f3 en ATE"},"content":{"rendered":"\n<p><em>Representantes de quienes trabajan en ANSES, PAMI, Desarrollo Social de la Naci\u00f3n y de la Agencia Nacional de Discapacidad en nuestra provincia, debatieron acerca de las problem\u00e1ticas sectoriales de sus dependencias. Ratificaron su adhesi\u00f3n a que la Caja de Jubilaciones de C\u00f3rdoba permanezca en la Provincia.\u00a0<\/em><\/p>\n\n\n\n<figure class=\"wp-block-image size-large\"><img decoding=\"async\" src=\"http:\/\/atecordoba.org\/wp-content\/uploads\/2020\/05\/seguridad-social-mesa-1024x576.jpg\" alt=\"\" class=\"wp-image-12463\"\/><figcaption> <em>Confluir\u00e1n en reclamos comunes con dem\u00e1s organismos nacionales.<\/em> <\/figcaption><\/figure>\n\n\n\n<p>En la sede del Consejo Directivo Provincial (CDP) de ATE C\u00f3rdoba se reuni\u00f3 la Mesa de Seguridad Social de los Organismos del Estado Nacional, recientemente conformada bajo la \u00f3rbita del CDP. La misma est\u00e1 conformada por los delegados y delegadas de las distintas reparticiones\u00a0y es coordinada por Eugenia Palacios, de ANSES; Elisa Ojeda, de PAMI; Cintia Conesta, del Ministerio de Desarrollo Social de la Naci\u00f3n; y Franco Orsato de ANDIS (Agencia Nacional de Discapacidad).<\/p>\n\n\n\n<p>Estuvo presente el Secretario General del CDP de ATE, Federico Giuliani, quien remarc\u00f3 los ejes comunes de las problem\u00e1ticas que las representaciones de los organismos manifestaron: &#8220;el reclamo salarial, con una paritaria planchada, donde se adeudan cl\u00e1usulas gatillo de 2019; las situaciones de riesgo en las condiciones y medio ambiente del trabajo (en este caso, con la alarma por coronavirus en organismos que no tienen protocolos ni medidas de seguridad como uno de los temas del momento); la sobrecarga de tareas y funciones al estar bloquedos los ingresos y las reincorporaciones de compa\u00f1eros y compa\u00f1eras, son todos \u00edtem que a\u00fanan nuestro reclamo al del conjunto de trabajadores estatales con quienes venimos reuni\u00e9ndonos estas \u00faltimas semanas&#8221;, expres\u00f3 el representante. &#8220;Por ello es que nos estamos preparando, estamos consultando el mandato de las bases con respecto a c\u00f3mo seguir y todo ello ser\u00e1 puesto en com\u00fan en un pr\u00f3ximo plenario de representantes de los sectores nacionales en la provincia que realizaremos tras la conmemoraci\u00f3n del 24 de marzo, en vistas al plenario nacional de ATE&#8221;.<\/p>\n\n\n\n<figure class=\"wp-block-gallery columns-3 is-cropped wp-block-gallery-1 is-layout-flex wp-block-gallery-is-layout-flex\"><ul class=\"blocks-gallery-grid\"><li class=\"blocks-gallery-item\"><figure><img decoding=\"async\" src=\"http:\/\/atecordoba.org\/wp-content\/uploads\/2020\/05\/seguridad-social-mesa-4-1024x511.jpg\" alt=\"\" data-id=\"12464\" data-full-url=\"https:\/\/www.atecordoba.org\/wp-content\/uploads\/2020\/03\/seguridad-social-mesa-4.jpg\" data-link=\"https:\/\/www.atecordoba.org\/?attachment_id=12464\" class=\"wp-image-12464\"\/><\/figure><\/li><li class=\"blocks-gallery-item\"><figure><img decoding=\"async\" src=\"http:\/\/atecordoba.org\/wp-content\/uploads\/2020\/05\/seguridad-social-mesa-2-1024x576.jpg\" alt=\"\" data-id=\"12465\" data-full-url=\"https:\/\/www.atecordoba.org\/wp-content\/uploads\/2020\/03\/seguridad-social-mesa-2.jpg\" data-link=\"https:\/\/www.atecordoba.org\/?attachment_id=12465\" class=\"wp-image-12465\"\/><\/figure><\/li><li class=\"blocks-gallery-item\"><figure><img decoding=\"async\" src=\"http:\/\/atecordoba.org\/wp-content\/uploads\/2020\/05\/seguridad-social-mesa-3-1024x576.jpg\" alt=\"\" data-id=\"12466\" data-full-url=\"https:\/\/www.atecordoba.org\/wp-content\/uploads\/2020\/03\/seguridad-social-mesa-3.jpg\" data-link=\"https:\/\/www.atecordoba.org\/?attachment_id=12466\" class=\"wp-image-12466\"\/><\/figure><\/li><\/ul><\/figure>\n\n\n\n<p>Los y las representantes de los organismos manifestaron &#8220;la importancia de que este espacio de quienes trabajamos para la seguridad social tenga reuniones peri\u00f3dicas para poder fortalecernos en nuestras luchas parciales que hacen un todo com\u00fan cuando logramos compartirlas&#8221;. &#8220;Entendemos que la Seguridad Social es un pilar fundamental en la construcci\u00f3n de un Estado al servicio y de las mayor\u00edas populares. Sin nuestras funciones, quedar\u00edan desamparadas millones de personas. Por ello necesitamos fortalecernos, fortalecer, cada d\u00eda m\u00e1s nuestras \u00e1reas&#8221;, expresaron.<\/p>\n","protected":false},"excerpt":{"rendered":"<p>Representantes de quienes trabajan en ANSES, PAMI, Desarrollo Social de la Naci\u00f3n y de la Agencia Nacional de Discapacidad en nuestra provincia, debatieron acerca de las problem\u00e1ticas sectoriales de sus dependencias. Ratificaron su adhesi\u00f3n a que la Caja de Jubilaciones de C\u00f3rdoba permanezca en la Provincia.\u00a0 En la sede del Consejo Directivo Provincial (CDP) de [&hellip;]<\/p>\n","protected":false},"author":1,"featured_media":19220,"comment_status":"open","ping_status":"open","sticky":true,"template":"","format":"standard","meta":{"_exactmetrics_skip_tracking":false,"_exactmetrics_sitenote_active":false,"_exactmetrics_sitenote_note":"","_exactmetrics_sitenote_category":0,"jnews-multi-image_gallery":[],"jnews_single_post":[],"jnews_primary_category":[],"jnews_social_meta":[],"jnews_review":[],"enable_review":"","type":"","name":"","summary":"","brand":"","sku":"","good":[],"bad":[],"score_override":"","override_value":"","rating":[],"price":[],"jnews_override_counter":[],"jnews_post_split":[],"footnotes":""},"categories":[1],"tags":[],"class_list":["post-12462","post","type-post","status-publish","format-standard","has-post-thumbnail","hentry","category-sin-categoria"],"jetpack_featured_media_url":"https:\/\/atecordoba.org\/wp-content\/uploads\/2020\/05\/logo-nuevochico-e1561581322808.png","_links":{"self":[{"href":"https:\/\/atecordoba.org\/index.php?rest_route=\/wp\/v2\/posts\/12462","targetHints":{"allow":["GET"]}}],"collection":[{"href":"https:\/\/atecordoba.org\/index.php?rest_route=\/wp\/v2\/posts"}],"about":[{"href":"https:\/\/atecordoba.org\/index.php?rest_route=\/wp\/v2\/types\/post"}],"author":[{"embeddable":true,"href":"https:\/\/atecordoba.org\/index.php?rest_route=\/wp\/v2\/users\/1"}],"replies":[{"embeddable":true,"href":"https:\/\/atecordoba.org\/index.php?rest_route=%2Fwp%2Fv2%2Fcomments&post=12462"}],"version-history":[{"count":1,"href":"https:\/\/atecordoba.org\/index.php?rest_route=\/wp\/v2\/posts\/12462\/revisions"}],"predecessor-version":[{"id":18554,"href":"https:\/\/atecordoba.org\/index.php?rest_route=\/wp\/v2\/posts\/12462\/revisions\/18554"}],"wp:featuredmedia":[{"embeddable":true,"href":"https:\/\/atecordoba.org\/index.php?rest_route=\/wp\/v2\/media\/19220"}],"wp:attachment":[{"href":"https:\/\/atecordoba.org\/index.php?rest_route=%2Fwp%2Fv2%2Fmedia&parent=12462"}],"wp:term":[{"taxonomy":"category","embeddable":true,"href":"https:\/\/atecordoba.org\/index.php?rest_route=%2Fwp%2Fv2%2Fcategories&post=12462"},{"taxonomy":"post_tag","embeddable":true,"href":"https:\/\/atecordoba.org\/index.php?rest_route=%2Fwp%2Fv2%2Ftags&post=12462"}],"curies":[{"name":"wp","href":"https:\/\/api.w.org\/{rel}","templated":true}]}}