{"id":12459,"date":"2020-03-12T10:24:39","date_gmt":"2020-03-12T13:24:39","guid":{"rendered":"https:\/\/www.atecordoba.org\/?p=12459"},"modified":"2020-05-05T09:09:45","modified_gmt":"2020-05-05T12:09:45","slug":"trabajadores-de-anses-rio-cuarto-toman-medidas-contra-el-coronavirus","status":"publish","type":"post","link":"https:\/\/atecordoba.org\/?p=12459","title":{"rendered":"Trabajadores de ANSES R\u00edo Cuarto toman medidas contra el Coronavirus"},"content":{"rendered":"\n<p>El pasado mi\u00e9rcoles por la ma\u00f1ana los trabajadores y trabajadoras de ANSES  R\u00edo Cuarto informaron a la comunidad que han tomado una serie de  medidas preventivas para evitar que la propagaci\u00f3n del virus pueda  acentuarse a partir de la concurrencia de personas a la sede de Velez  S\u00e1rsfield y Sarmiento.<\/p>\n\n\n\n<div class=\"wp-block-image\"><figure class=\"aligncenter size-large\"><img decoding=\"async\" src=\"http:\/\/atecordoba.org\/wp-content\/uploads\/2020\/05\/51315380_2132895713691923_5421554251581095936_n.jpg\" alt=\"\" class=\"wp-image-12460\"\/><figcaption>Susana Pacheco delegada de ATE en ANSES R\u00edo Cuarto<\/figcaption><\/figure><\/div>\n\n\n\n<p>Susana Pacheco (foto), Delegada de la Asociaci\u00f3n Trabajadores del Estado (ATE-CTA) en ANSES dijo: \u201cEstamos tomando algunas medidas porque no tenemos un Jefe designado y por lo tanto no se baja ninguna l\u00ednea\u201d. <\/p>\n\n\n\n<p>Agreg\u00f3 que \u201cpedimos a la gente que \nvenga solo con turno asignado, que se respete la distancia de un metro y\n medio para mantener un di\u00e1logo. Los compa\u00f1eros est\u00e1n atendiendo con \nguantes y se le solicit\u00f3 a personal de limpieza que se realice un \nmantenimiento continuo con lavandina\u201d. <\/p>\n\n\n\n<p>Por otra parte, Pacheco se\u00f1al\u00f3 que  \u201cse va a intentar que ingrese la menor cantidad de personas posible al  interior del edificio, ya que es un sal\u00f3n sin ventilaci\u00f3n\u201d. <\/p>\n\n\n\n<p><strong>Fuente: FM Libre 105.5<\/strong><\/p>\n","protected":false},"excerpt":{"rendered":"<p>El pasado mi\u00e9rcoles por la ma\u00f1ana los trabajadores y trabajadoras de ANSES R\u00edo Cuarto informaron a la comunidad que han tomado una serie de medidas preventivas para evitar que la propagaci\u00f3n del virus pueda acentuarse a partir de la concurrencia de personas a la sede de Velez S\u00e1rsfield y Sarmiento. Susana Pacheco (foto), Delegada de [&hellip;]<\/p>\n","protected":false},"author":1,"featured_media":19220,"comment_status":"open","ping_status":"open","sticky":true,"template":"","format":"standard","meta":{"_exactmetrics_skip_tracking":false,"_exactmetrics_sitenote_active":false,"_exactmetrics_sitenote_note":"","_exactmetrics_sitenote_category":0,"jnews-multi-image_gallery":[],"jnews_single_post":[],"jnews_primary_category":[],"jnews_social_meta":[],"jnews_review":[],"enable_review":"","type":"","name":"","summary":"","brand":"","sku":"","good":[],"bad":[],"score_override":"","override_value":"","rating":[],"price":[],"jnews_override_counter":[],"jnews_post_split":[],"footnotes":""},"categories":[1],"tags":[],"class_list":["post-12459","post","type-post","status-publish","format-standard","has-post-thumbnail","hentry","category-sin-categoria"],"jetpack_featured_media_url":"https:\/\/atecordoba.org\/wp-content\/uploads\/2020\/05\/logo-nuevochico-e1561581322808.png","_links":{"self":[{"href":"https:\/\/atecordoba.org\/index.php?rest_route=\/wp\/v2\/posts\/12459","targetHints":{"allow":["GET"]}}],"collection":[{"href":"https:\/\/atecordoba.org\/index.php?rest_route=\/wp\/v2\/posts"}],"about":[{"href":"https:\/\/atecordoba.org\/index.php?rest_route=\/wp\/v2\/types\/post"}],"author":[{"embeddable":true,"href":"https:\/\/atecordoba.org\/index.php?rest_route=\/wp\/v2\/users\/1"}],"replies":[{"embeddable":true,"href":"https:\/\/atecordoba.org\/index.php?rest_route=%2Fwp%2Fv2%2Fcomments&post=12459"}],"version-history":[{"count":1,"href":"https:\/\/atecordoba.org\/index.php?rest_route=\/wp\/v2\/posts\/12459\/revisions"}],"predecessor-version":[{"id":18556,"href":"https:\/\/atecordoba.org\/index.php?rest_route=\/wp\/v2\/posts\/12459\/revisions\/18556"}],"wp:featuredmedia":[{"embeddable":true,"href":"https:\/\/atecordoba.org\/index.php?rest_route=\/wp\/v2\/media\/19220"}],"wp:attachment":[{"href":"https:\/\/atecordoba.org\/index.php?rest_route=%2Fwp%2Fv2%2Fmedia&parent=12459"}],"wp:term":[{"taxonomy":"category","embeddable":true,"href":"https:\/\/atecordoba.org\/index.php?rest_route=%2Fwp%2Fv2%2Fcategories&post=12459"},{"taxonomy":"post_tag","embeddable":true,"href":"https:\/\/atecordoba.org\/index.php?rest_route=%2Fwp%2Fv2%2Ftags&post=12459"}],"curies":[{"name":"wp","href":"https:\/\/api.w.org\/{rel}","templated":true}]}}