{"id":12452,"date":"2020-03-11T15:13:51","date_gmt":"2020-03-11T18:13:51","guid":{"rendered":"https:\/\/www.atecordoba.org\/?p=12452"},"modified":"2020-05-05T09:09:45","modified_gmt":"2020-05-05T12:09:45","slug":"civiles-nacionales-de-cordoba-iran-al-paro","status":"publish","type":"post","link":"https:\/\/atecordoba.org\/?p=12452","title":{"rendered":"Civiles nacionales de C\u00f3rdoba ir\u00e1n al Paro"},"content":{"rendered":"\n<p><em>Ser\u00e1 el 18 de marzo. El corte total del servicio de la obra social de trabajadores y trabajadoras del sector (IOSFA) en R\u00edo Cuarto y el desmejoramiento general de las prestaciones, uno de los puntos destacados. Tambi\u00e9n se reclamar\u00e1 por aumentos salariales adeudados, apertura de paritaria y pase a planta permanente y condiciones de trabajo.<\/em><\/p>\n\n\n\n<figure class=\"wp-block-image size-large\"><img decoding=\"async\" src=\"http:\/\/atecordoba.org\/wp-content\/uploads\/2020\/05\/11-03-Plenario-civiles-1024x576.jpg\" alt=\"\" class=\"wp-image-12453\"\/><\/figure>\n\n\n\n<p>Tras el Plenario de Delegados\/as de Trabajadores Civiles y Docentes Civiles de las Fuerzas Armadas y de Seguridad de la Naci\u00f3n de C\u00f3rdoba y de la sede provincial&nbsp;del&nbsp;Instituto de Obra Social de las Fuerzas Armadas y de Seguridad (IOSFA), quienes asistieron destacaron la cr\u00edtica situaci\u00f3n que se vive en los sectores de trabajo y los grav\u00edsimos perjuicios que est\u00e1n sufriendo los trabajadores y trabajadoras que, a\u00fan aportando mes a mes a la caja de la obra social IOSFA, ven recortadas las prestaciones hasta el punto de no contar directamente con cartilla de prestadores en R\u00edo Cuarto. &#8220;El tema del IOSFA, por m\u00e1s que hoy le toque a R\u00edo Cuarto, no ser\u00e1 algo aislado. Es el emergente m\u00e1s urgente de una situaci\u00f3n general que vive la Obra Social de desfinanciamiento, donde los recortes de prestaciones es algo palpable. Nosotros somos un gremio solidario y aunque hoy le toque a este conjunto de compa\u00f1eros, este es un tema que nos compete a la totalidad. As\u00ed que desde ya planteamos el acompa\u00f1amiento a nivel provincial de la medida de fuerza que vienen proponiendo desde R\u00edo Cuarto y analizaremos la forma de provincializar la protesta&#8221;, expres\u00f3 el Secretario General del Consejo Directivo Provincial (CDP) de ATE C\u00f3rdoba, Federico Giuliani.&nbsp;<\/p>\n\n\n\n<p>De la reuni\u00f3n, en representaci\u00f3n de la conducci\u00f3n del CDP, tambi\u00e9n participaron Edith Innamorato (Secretaria del Interior), Daniel Pauluchuk (Secretario Gremial) y Omar Alerzia (Secretario de Organizaci\u00f3n). La representaci\u00f3n de la Mesa Provincial del Personal Civil estuvo compuesta por Marcela Ch\u00e1vez, Mart\u00edn Sol\u00eds, V\u00edctor Lecuona, Esteban Irribarren y Alejandro Charra.<\/p>\n\n\n\n<figure class=\"wp-block-gallery columns-2 is-cropped wp-block-gallery-1 is-layout-flex wp-block-gallery-is-layout-flex\"><ul class=\"blocks-gallery-grid\"><li class=\"blocks-gallery-item\"><figure><img decoding=\"async\" src=\"http:\/\/atecordoba.org\/wp-content\/uploads\/2020\/05\/11-03-Plenario-civiles-2-1024x576.jpg\" alt=\"\" data-id=\"12454\" data-full-url=\"https:\/\/www.atecordoba.org\/wp-content\/uploads\/2020\/03\/11-03-Plenario-civiles-2.jpg\" data-link=\"https:\/\/www.atecordoba.org\/?attachment_id=12454\" class=\"wp-image-12454\"\/><\/figure><\/li><li class=\"blocks-gallery-item\"><figure><img decoding=\"async\" src=\"http:\/\/atecordoba.org\/wp-content\/uploads\/2020\/05\/11-03-Plenario-civiles-3-1024x576.jpg\" alt=\"\" data-id=\"12455\" data-full-url=\"https:\/\/www.atecordoba.org\/wp-content\/uploads\/2020\/03\/11-03-Plenario-civiles-3.jpg\" data-link=\"https:\/\/www.atecordoba.org\/?attachment_id=12455\" class=\"wp-image-12455\"\/><\/figure><\/li><\/ul><\/figure>\n\n\n\n<p>La instancia provincial acord\u00f3, tras un debate donde se abordaron las particularidades de cada una de las reparticiones, lo siguiente:<\/p>\n\n\n\n<p>&#8211; Paro provincial para el d\u00eda 18 de marzo de trabajadores y trabajadoras civiles y docentes civiles de las Fuerzas Armadas, de Seguridad y del IOSFA:<\/p>\n\n\n\n<p>&#8211; Por garant\u00eda en las prestaciones del IOSFA en todo el territorio provincial;- Por la implementaci\u00f3n y el pago inmediato de los tramos y los grados adeudados;<\/p>\n\n\n\n<p>&#8211; Por salarios docentes iguales a la paritaria nacional;<\/p>\n\n\n\n<p>&#8211; Por pase a planta permanente;<\/p>\n\n\n\n<p>&#8211; Por urgente revisi\u00f3n de las condiciones y medio ambiente de trabajo tras el deterioro incesante de las mismas.<\/p>\n\n\n\n<figure class=\"wp-block-image size-large\"><img decoding=\"async\" src=\"http:\/\/atecordoba.org\/wp-content\/uploads\/2020\/05\/11-03-Acta-723x1024.jpg\" alt=\"\" class=\"wp-image-12456\"\/><\/figure>\n\n\n\n<p><strong>&#8220;Calentar motores&#8221;<\/strong><\/p>\n\n\n\n<p>El Secretario General, Federico Giuliani, destac\u00f3 que se est\u00e1 en un momento propicio para &#8220;calentar motores&#8221; en vista a problem\u00e1ticas que el conjunto de los trabajadores de la Argentina no encuentran respuesta desde las instancias oficiales. &#8220;Ma\u00f1ana habr\u00e1 reuni\u00f3n con compa\u00f1eros y compa\u00f1eras de Seguridad Social (PAMI, ANSES, Desarrollo Social, etc); el lunes con lo que corresponde a Seguridad y Soberan\u00eda Alimentaria (SAF, SENASA, etc) y vamos rumbo a un plenario de representantes nacionales de la provincia que ser\u00e1 preparatorio al Plenario de los Sectores Nacionales de ATE a fin de mes en Buenos Aires, donde se definir\u00e1n acciones conjuntas a nivel nacional&#8221;, inform\u00f3 Giuliani.<\/p>\n\n\n\n<p>&#8220;Estamos en el momento justo de calentar motores por lo que se viene. Y Alberto Fern\u00e1ndez ya sabe que vamos a hacerlo porque fue \u00e9l quien nos dijo que cuando est\u00e9 haciendo las cosas mal se lo hagamos saber. Y todo esto est\u00e1 mal planteado cuando pone primero a una deuda ilegal, ileg\u00edtima, fraudulenta, que fue una estafa, antes que las demandas del conjunto de los trabajadores que tienen que ver con derechos a la poblaci\u00f3n&#8221;, enfatiz\u00f3 el Secretario General.<\/p>\n\n\n\n<p>En ese sentido, Giuliani destac\u00f3 que &#8220;con el tema del pago o no pago al FMI, la econom\u00eda sigue planchada y la variable de ajuste seguimos siendo los laburantes. La gran mayor\u00eda hicimos fuerza para que se vaya el macrismo, pero a 90 d\u00edas:<\/p>\n\n\n\n<p>&#8211; No hemos logrado la reincorporaci\u00f3n de los 42 mil trabajadores y trabajadoras -salvo algunos en INTI, Posadas y T\u00e9lam, nada-;<\/p>\n\n\n\n<p>&#8211; No ha habido recomposici\u00f3n salarial ni paritarias que est\u00e1n totalmente demoradas;<\/p>\n\n\n\n<p>&#8211; No ha habido pase a planta permanente de los m\u00e1s de 70 mil precarizados\/as del Estado Nacional.&#8221;<\/p>\n\n\n\n<p>Por todo ello es que, desde el Consejo Directivo Provincial se har\u00e1 todo lo posible para fortalecer la lucha del sector y prepararse &#8220;para lo que se viene&#8221;, destac\u00f3 el Secretario General de ATE.<\/p>\n\n\n\n<figure class=\"wp-block-image size-large\"><img decoding=\"async\" src=\"http:\/\/atecordoba.org\/wp-content\/uploads\/2020\/05\/11-03-Plenario-civiles-4-1024x576.jpg\" alt=\"\" class=\"wp-image-12457\"\/><\/figure>\n\n\n\n<p><strong>Crecimiento en el sector<\/strong><\/p>\n\n\n\n<p>Giuliani record\u00f3 que &#8220;este es el tercer encuentro de civiles, eso tiene que ver con la din\u00e1mica que propusimos en noviembre, donde impulsamos que todos los sectores tengan sus reuniones para discutir las realidades de los espacios de trabajo que lo componen y coordinar acciones hacia adelante&#8221;. El Secretario General tambi\u00e9n destac\u00f3 &#8220;el gran equipo de trabajo&#8221; que se ha conformado en el sector, &#8220;lo que le ha dado un mayor dinamismo a las demandas espec\u00edficas&#8221;. &#8220;Y eso se ve, entre otras cosas, en el crecimiento en las afiliaciones: hoy tenemos casi un 10 por ciento m\u00e1s afiliados en sus \u00e1reas que cuando asumimos la conducci\u00f3n en noviembre y eso es m\u00e9rito de ustedes y de esta nueva forma de trabajo y lucha por cada compa\u00f1ero y compa\u00f1era&#8221;, expres\u00f3 Giuliani.<br><br><\/p>\n","protected":false},"excerpt":{"rendered":"<p>Ser\u00e1 el 18 de marzo. El corte total del servicio de la obra social de trabajadores y trabajadoras del sector (IOSFA) en R\u00edo Cuarto y el desmejoramiento general de las prestaciones, uno de los puntos destacados. Tambi\u00e9n se reclamar\u00e1 por aumentos salariales adeudados, apertura de paritaria y pase a planta permanente y condiciones de trabajo. [&hellip;]<\/p>\n","protected":false},"author":1,"featured_media":19220,"comment_status":"open","ping_status":"open","sticky":true,"template":"","format":"standard","meta":{"_exactmetrics_skip_tracking":false,"_exactmetrics_sitenote_active":false,"_exactmetrics_sitenote_note":"","_exactmetrics_sitenote_category":0,"jnews-multi-image_gallery":[],"jnews_single_post":[],"jnews_primary_category":[],"jnews_social_meta":[],"jnews_review":[],"enable_review":"","type":"","name":"","summary":"","brand":"","sku":"","good":[],"bad":[],"score_override":"","override_value":"","rating":[],"price":[],"jnews_override_counter":[],"jnews_post_split":[],"footnotes":""},"categories":[1],"tags":[],"class_list":["post-12452","post","type-post","status-publish","format-standard","has-post-thumbnail","hentry","category-sin-categoria"],"jetpack_featured_media_url":"https:\/\/atecordoba.org\/wp-content\/uploads\/2020\/05\/logo-nuevochico-e1561581322808.png","_links":{"self":[{"href":"https:\/\/atecordoba.org\/index.php?rest_route=\/wp\/v2\/posts\/12452","targetHints":{"allow":["GET"]}}],"collection":[{"href":"https:\/\/atecordoba.org\/index.php?rest_route=\/wp\/v2\/posts"}],"about":[{"href":"https:\/\/atecordoba.org\/index.php?rest_route=\/wp\/v2\/types\/post"}],"author":[{"embeddable":true,"href":"https:\/\/atecordoba.org\/index.php?rest_route=\/wp\/v2\/users\/1"}],"replies":[{"embeddable":true,"href":"https:\/\/atecordoba.org\/index.php?rest_route=%2Fwp%2Fv2%2Fcomments&post=12452"}],"version-history":[{"count":1,"href":"https:\/\/atecordoba.org\/index.php?rest_route=\/wp\/v2\/posts\/12452\/revisions"}],"predecessor-version":[{"id":18563,"href":"https:\/\/atecordoba.org\/index.php?rest_route=\/wp\/v2\/posts\/12452\/revisions\/18563"}],"wp:featuredmedia":[{"embeddable":true,"href":"https:\/\/atecordoba.org\/index.php?rest_route=\/wp\/v2\/media\/19220"}],"wp:attachment":[{"href":"https:\/\/atecordoba.org\/index.php?rest_route=%2Fwp%2Fv2%2Fmedia&parent=12452"}],"wp:term":[{"taxonomy":"category","embeddable":true,"href":"https:\/\/atecordoba.org\/index.php?rest_route=%2Fwp%2Fv2%2Fcategories&post=12452"},{"taxonomy":"post_tag","embeddable":true,"href":"https:\/\/atecordoba.org\/index.php?rest_route=%2Fwp%2Fv2%2Ftags&post=12452"}],"curies":[{"name":"wp","href":"https:\/\/api.w.org\/{rel}","templated":true}]}}