{"id":1245,"date":"2010-04-29T13:25:55","date_gmt":"2010-04-29T16:25:55","guid":{"rendered":"http:\/\/www.atecordoba.org\/?p=1245"},"modified":"2010-04-29T13:25:55","modified_gmt":"2010-04-29T16:25:55","slug":"segundo-plenario-de-trabajadores-municipales","status":"publish","type":"post","link":"https:\/\/atecordoba.org\/?p=1245","title":{"rendered":"Segundo Plenario de Trabajadores Municipales"},"content":{"rendered":"<div>\n<div dir=\"ltr\">\n<p><strong>Contin\u00faa la organizaci\u00f3n de los trabajadores muncipales del interior provincial.<\/strong><\/p>\n<\/div>\n<\/div>\n<div>\n<div dir=\"ltr\">\n<p>(C\u00f3rdoba, 23-4-2010) En la Ciudad de R\u00edo Cuarto se llevo a cabo el 2\u00b0 Encuentro de Delegados Municipales de la Provincia de C\u00f3rdoba con la presencia de compa\u00f1eros del Concejo Directivo Provincial de ATE Luis Barcena Secretario de Interior, Alejandro Charras Paritario de Personal Civil y del Concejo Directivo Nacional de ATE miembro del equipo organizativo gremial Claudio Ar\u00e9valo, Delegado de la Municipalidad de Quilino Alfredo Figueroa y compa\u00f1eros Delegados de la Municipalidad de Chucul y R\u00edo Cuarto.<\/p>\n<p>En el mismo se realizo un an\u00e1lisis de la situaci\u00f3n de los trabajadores municipales donde los compa\u00f1eros expusieron la precariedad laboral a la cual se encuentra sometidos. A ra\u00edz del mencionado an\u00e1lisis se fijaron prioridades a trabajar en el sector municipal a nivel provincial y adem\u00e1s se manifest\u00f3 el repudio a la represi\u00f3n policial sufrida por los compa\u00f1eros municipales de Quilmes, que dejo un saldo de 34 heridos, por el solo hecho de reclamar un aumento de sueldo.<\/p>\n<p>\u2022 Ampliaci\u00f3n regional y trabajo en bloque, fijar fecha para el mismo en conjunto con el C.D.P.<\/p>\n<p>\u2022 Recomposici\u00f3n Salarial.<\/p>\n<p>\u2022 Recuperaci\u00f3n del pago de Antig\u00fcedad.<\/p>\n<p>\u2022 Equiparaci\u00f3n de las Asignaciones Familiares.<\/p>\n<p>\u2022 Pago del 82% M\u00f3vil.<\/p>\n<p>\u2022 Pase a Planta permanente.<\/p>\n<p>\u2022 Fin del Trabajo en Negro.<\/p>\n<p>\u2022 Creaci\u00f3n de Estatuto \u00danico Municipal Provincial<\/p>\n<p>\u2022 Convenio Colectivo de Trabajo.<\/p>\n<p>\u2022 No a la privatizaci\u00f3n de los servicios municipales.<\/p>\n<p>\u2022 Relevamiento de Fundaciones y Cooperativas dentro del municipio.<\/p>\n<p>\u2022 Curso de formaci\u00f3n de Delegados Gremiales. \u2022 Campa\u00f1as de Afiliaci\u00f3n \u2022 Recorridas y Asambleas en todos los sectores. \u2022 Convocar al equipo del C.D.P. para charla debate sobre el sistema provisional a Jubilados y Activos. \u2022 Armado de afiche que unifique la problem\u00e1tica del sector a nivel provincial. \u2022 Pr\u00f3ximo Plenario de municipales a coordinar.-<\/p>\n<\/div>\n<\/div>\n","protected":false},"excerpt":{"rendered":"<p>Contin\u00faa la organizaci\u00f3n de los trabajadores muncipales del interior provincial. (C\u00f3rdoba, 23-4-2010) En la Ciudad de R\u00edo Cuarto se llevo a cabo el 2\u00b0 Encuentro de Delegados Municipales de la Provincia de C\u00f3rdoba con la presencia de compa\u00f1eros del Concejo Directivo Provincial de ATE Luis Barcena Secretario de Interior, Alejandro Charras Paritario de Personal Civil [&hellip;]<\/p>\n","protected":false},"author":1,"featured_media":19220,"comment_status":"open","ping_status":"open","sticky":false,"template":"","format":"standard","meta":{"_exactmetrics_skip_tracking":false,"_exactmetrics_sitenote_active":false,"_exactmetrics_sitenote_note":"","_exactmetrics_sitenote_category":0,"jnews-multi-image_gallery":[],"jnews_single_post":[],"jnews_primary_category":[],"jnews_social_meta":[],"jnews_review":[],"enable_review":"","type":"","name":"","summary":"","brand":"","sku":"","good":[],"bad":[],"score_override":"","override_value":"","rating":[],"price":[],"jnews_override_counter":[],"jnews_post_split":[],"footnotes":""},"categories":[20],"tags":[24,11,25],"class_list":["post-1245","post","type-post","status-publish","format-standard","has-post-thumbnail","hentry","category-municipales","tag-municipales-2","tag-noticias-2","tag-rio-cuarto-2"],"jetpack_featured_media_url":"https:\/\/atecordoba.org\/wp-content\/uploads\/2020\/05\/logo-nuevochico-e1561581322808.png","_links":{"self":[{"href":"https:\/\/atecordoba.org\/index.php?rest_route=\/wp\/v2\/posts\/1245","targetHints":{"allow":["GET"]}}],"collection":[{"href":"https:\/\/atecordoba.org\/index.php?rest_route=\/wp\/v2\/posts"}],"about":[{"href":"https:\/\/atecordoba.org\/index.php?rest_route=\/wp\/v2\/types\/post"}],"author":[{"embeddable":true,"href":"https:\/\/atecordoba.org\/index.php?rest_route=\/wp\/v2\/users\/1"}],"replies":[{"embeddable":true,"href":"https:\/\/atecordoba.org\/index.php?rest_route=%2Fwp%2Fv2%2Fcomments&post=1245"}],"version-history":[{"count":0,"href":"https:\/\/atecordoba.org\/index.php?rest_route=\/wp\/v2\/posts\/1245\/revisions"}],"wp:featuredmedia":[{"embeddable":true,"href":"https:\/\/atecordoba.org\/index.php?rest_route=\/wp\/v2\/media\/19220"}],"wp:attachment":[{"href":"https:\/\/atecordoba.org\/index.php?rest_route=%2Fwp%2Fv2%2Fmedia&parent=1245"}],"wp:term":[{"taxonomy":"category","embeddable":true,"href":"https:\/\/atecordoba.org\/index.php?rest_route=%2Fwp%2Fv2%2Fcategories&post=1245"},{"taxonomy":"post_tag","embeddable":true,"href":"https:\/\/atecordoba.org\/index.php?rest_route=%2Fwp%2Fv2%2Ftags&post=1245"}],"curies":[{"name":"wp","href":"https:\/\/api.w.org\/{rel}","templated":true}]}}