{"id":12445,"date":"2020-03-11T10:57:50","date_gmt":"2020-03-11T13:57:50","guid":{"rendered":"https:\/\/www.atecordoba.org\/?p=12445"},"modified":"2020-05-05T09:09:45","modified_gmt":"2020-05-05T12:09:45","slug":"san-francisco-mateada-para-conmemorar-el-mes-de-la-mujer","status":"publish","type":"post","link":"https:\/\/atecordoba.org\/?p=12445","title":{"rendered":"San Francisco: mateada para conmemorar el mes de la mujer"},"content":{"rendered":"\n<p><em>La actividad se realizar\u00e1 el pr\u00f3ximo s\u00e1bado 14 de Marzo desde las 18 hasta las 20 horas en la esquina de ATE San Francisco -De\u00e1n Funes y Ram\u00f3n y Cajal -. Es organizada por el Espacio de G\u00e9neros y Diversidad de la seccional local quien prepar\u00f3, tambi\u00e9n, una muestra fotogr\u00e1fica para la instancia.<\/em><\/p>\n\n\n\n<figure class=\"wp-block-image size-large\"><img decoding=\"async\" src=\"http:\/\/atecordoba.org\/wp-content\/uploads\/2020\/05\/Generos-San-francisco-1024x536.jpg\" alt=\"\" class=\"wp-image-12447\"\/><\/figure>\n\n\n\n<p>En el marco de las actividades organizadas\npara conmemorar a las mujeres luchadoras de nuestra historia y visibilizar las\ndesigualdades e inequidades que a\u00fan persisten en la vida p\u00fablica y privada de\nlas mujeres, es que la Asociaci\u00f3n de Trabajadores del Estado (ATE) decidi\u00f3\nsumarse con esta iniciativa que busca \u201creconocer a las afiliadas municipales y\nprovinciales en esta fecha\nque dignifica, reivindica y especialmente recuerda con admiraci\u00f3n y gratitud, a\ntodas aquellas mujeres que lucharon,&nbsp;demandaron, exigieron y transformaron\nel mundo, arriesgando su propia vida por la lucha de la igualdad de g\u00e9nero en\ntodas las facetas: social, pol\u00edtico, legal, econ\u00f3mico, familiar, entre otros\u201d, expresaron\ndesde el Espacio de G\u00e9neros y Diversidad de la seccional local ATE.<\/p>\n\n\n\n<p>\u201c\u00bfPor qu\u00e9 una mateada?\u201d, se preguntaron las organizadoras: \u201cporque funciona como una&nbsp;excusa para el encuentro\u201d, explicaron.&nbsp;\u201cEs t\u00edpico que una diga \u00bfte ven\u00eds a tomar unos mates? Y esa acci\u00f3n representa la uni\u00f3n y el compartir, ayuda a socializar, facilita la generaci\u00f3n de v\u00ednculos, alarga la charla o la promueve, acorta distancias, ayuda a intimar, reflexionar, debatir, distiende, informaliza\u201d, expresaron desde ATE. \u201cY cuando el mate circula en el espacio p\u00fablico, en el marco de una organizaci\u00f3n de trabajadoras y trabajadores que se re\u00fanen para reflexionar sobre alg\u00fan aspecto de la realidad pol\u00edtica y social, la acci\u00f3n de \u201ctomar unos mates\u201d se vuelve pol\u00edtica, es una otra forma de acercarse al debate por la sociedad y los v\u00ednculos que queremos\u201d, explicaron las coordinadoras del espacio para quienes la invitaci\u00f3n a la charla es una manera de decir&nbsp;\u201cquiero estar con vos\u201d.<\/p>\n\n\n\n<figure class=\"wp-block-embed-facebook wp-block-embed is-type-rich is-provider-facebook\"><div class=\"wp-block-embed__wrapper\">\nhttps:\/\/www.facebook.com\/permalink.php?story_fbid=658158514948507&#038;id=420249625406065\n<\/div><\/figure>\n\n\n\n<p>En la instancia estar\u00e1 expuesta la muestra fotogr\u00e1fica \u201cRENACER `Otra Mirada\u00b4\u201d compuesta de im\u00e1genes que retratan historias de vida reales locales, \u201ccon un mensaje de esperanza, de renovaci\u00f3n para volverse m\u00e1s fuerte\u201d, explicaron las organizadoras. \u201cSe busca reflejar la historia de vida de cada participante, de qu\u00e9 manera pudieron renacer, rearmarse y volver a la vida luego de la violencia que ejerc\u00edan sobre ellas\u201d, detallaron. La exposici\u00f3n ha sido reconocida en Espa\u00f1a por el valor de su contenido audivisual.<\/p>\n\n\n\n<figure class=\"wp-block-embed-facebook wp-block-embed is-type-rich is-provider-facebook\"><div class=\"wp-block-embed__wrapper\">\nhttps:\/\/www.facebook.com\/permalink.php?story_fbid=657804571650568&#038;id=420249625406065\n<\/div><\/figure>\n\n\n\n<p>\u201cDesde\nATE sede San Francisco llamamos a los poderes p\u00fablicos a tomar la obligaci\u00f3n\n\u00e9tica de fortalecer e impulsar programas estructurales que colaboren a la plena\nintegraci\u00f3n social, laboral y pol\u00edtica de la mujer poniendo en valor la\ndimensi\u00f3n integral de la mujer como pilar b\u00e1sico y fundamental de la sociedad\u201d,\nanunciaron desde la organizaci\u00f3n.<\/p>\n","protected":false},"excerpt":{"rendered":"<p>La actividad se realizar\u00e1 el pr\u00f3ximo s\u00e1bado 14 de Marzo desde las 18 hasta las 20 horas en la esquina de ATE San Francisco -De\u00e1n Funes y Ram\u00f3n y Cajal -. Es organizada por el Espacio de G\u00e9neros y Diversidad de la seccional local quien prepar\u00f3, tambi\u00e9n, una muestra fotogr\u00e1fica para la instancia. En el [&hellip;]<\/p>\n","protected":false},"author":1,"featured_media":19220,"comment_status":"open","ping_status":"open","sticky":true,"template":"","format":"standard","meta":{"_exactmetrics_skip_tracking":false,"_exactmetrics_sitenote_active":false,"_exactmetrics_sitenote_note":"","_exactmetrics_sitenote_category":0,"jnews-multi-image_gallery":[],"jnews_single_post":[],"jnews_primary_category":[],"jnews_social_meta":[],"jnews_review":[],"enable_review":"","type":"","name":"","summary":"","brand":"","sku":"","good":[],"bad":[],"score_override":"","override_value":"","rating":[],"price":[],"jnews_override_counter":[],"jnews_post_split":[],"footnotes":""},"categories":[1],"tags":[],"class_list":["post-12445","post","type-post","status-publish","format-standard","has-post-thumbnail","hentry","category-sin-categoria"],"jetpack_featured_media_url":"https:\/\/atecordoba.org\/wp-content\/uploads\/2020\/05\/logo-nuevochico-e1561581322808.png","_links":{"self":[{"href":"https:\/\/atecordoba.org\/index.php?rest_route=\/wp\/v2\/posts\/12445","targetHints":{"allow":["GET"]}}],"collection":[{"href":"https:\/\/atecordoba.org\/index.php?rest_route=\/wp\/v2\/posts"}],"about":[{"href":"https:\/\/atecordoba.org\/index.php?rest_route=\/wp\/v2\/types\/post"}],"author":[{"embeddable":true,"href":"https:\/\/atecordoba.org\/index.php?rest_route=\/wp\/v2\/users\/1"}],"replies":[{"embeddable":true,"href":"https:\/\/atecordoba.org\/index.php?rest_route=%2Fwp%2Fv2%2Fcomments&post=12445"}],"version-history":[{"count":1,"href":"https:\/\/atecordoba.org\/index.php?rest_route=\/wp\/v2\/posts\/12445\/revisions"}],"predecessor-version":[{"id":18565,"href":"https:\/\/atecordoba.org\/index.php?rest_route=\/wp\/v2\/posts\/12445\/revisions\/18565"}],"wp:featuredmedia":[{"embeddable":true,"href":"https:\/\/atecordoba.org\/index.php?rest_route=\/wp\/v2\/media\/19220"}],"wp:attachment":[{"href":"https:\/\/atecordoba.org\/index.php?rest_route=%2Fwp%2Fv2%2Fmedia&parent=12445"}],"wp:term":[{"taxonomy":"category","embeddable":true,"href":"https:\/\/atecordoba.org\/index.php?rest_route=%2Fwp%2Fv2%2Fcategories&post=12445"},{"taxonomy":"post_tag","embeddable":true,"href":"https:\/\/atecordoba.org\/index.php?rest_route=%2Fwp%2Fv2%2Ftags&post=12445"}],"curies":[{"name":"wp","href":"https:\/\/api.w.org\/{rel}","templated":true}]}}