{"id":12420,"date":"2020-03-10T17:06:47","date_gmt":"2020-03-10T20:06:47","guid":{"rendered":"https:\/\/www.atecordoba.org\/?p=12420"},"modified":"2020-05-05T09:09:45","modified_gmt":"2020-05-05T12:09:45","slug":"el-placer-de-volver-a-la-escuela","status":"publish","type":"post","link":"https:\/\/atecordoba.org\/?p=12420","title":{"rendered":"El placer de volver a la Escuela"},"content":{"rendered":"\n<p><em>Qued\u00f3 formalmente abierto el ciclo para que las afiliadas y afiliados al Centro de Jubilados de ATE puedan cumplir el sue\u00f1o de finalizar la escuela primaria en el Sindicato.<\/em><\/p>\n\n\n\n<figure class=\"wp-block-gallery columns-2 is-cropped wp-block-gallery-1 is-layout-flex wp-block-gallery-is-layout-flex\"><ul class=\"blocks-gallery-grid\"><li class=\"blocks-gallery-item\"><figure><img decoding=\"async\" src=\"http:\/\/atecordoba.org\/wp-content\/uploads\/2020\/05\/himno2-1024x576.jpg\" alt=\"\" data-id=\"12432\" data-full-url=\"https:\/\/www.atecordoba.org\/wp-content\/uploads\/2020\/03\/himno2.jpg\" data-link=\"https:\/\/www.atecordoba.org\/?attachment_id=12432\" class=\"wp-image-12432\"\/><\/figure><\/li><li class=\"blocks-gallery-item\"><figure><img decoding=\"async\" src=\"http:\/\/atecordoba.org\/wp-content\/uploads\/2020\/05\/mesa-1024x576.jpg\" alt=\"\" data-id=\"12433\" data-full-url=\"https:\/\/www.atecordoba.org\/wp-content\/uploads\/2020\/03\/mesa.jpg\" data-link=\"https:\/\/www.atecordoba.org\/?attachment_id=12433\" class=\"wp-image-12433\"\/><\/figure><\/li><\/ul><\/figure>\n\n\n\n<p>Con un emotivo acto en la sede de Entre R\u00edos 450 del Consejo Directivo Provincial (CDP) de ATE C\u00f3rdoba, una veintena de adultos mayores que decidieron finalizar el nivel educativo primario tuvieron su primer d\u00eda de clases. La jornada comenz\u00f3 con un acto donde autoridades del Ministerio de Educaci\u00f3n de la Provincia de C\u00f3rdoba, del PAMI, del CDP de ATE y del Centro de Jubilados rubricaron un Convenio para la creaci\u00f3n de la instancia educativa en la sede sindical.<\/p>\n\n\n\n<figure class=\"wp-block-gallery columns-3 is-cropped wp-block-gallery-2 is-layout-flex wp-block-gallery-is-layout-flex\"><ul class=\"blocks-gallery-grid\"><li class=\"blocks-gallery-item\"><figure><img decoding=\"async\" src=\"http:\/\/atecordoba.org\/wp-content\/uploads\/2020\/05\/Palabras-Jubilada-1024x576.jpg\" alt=\"\" data-id=\"12436\" data-full-url=\"https:\/\/www.atecordoba.org\/wp-content\/uploads\/2020\/03\/Palabras-Jubilada.jpg\" data-link=\"https:\/\/www.atecordoba.org\/?attachment_id=12436\" class=\"wp-image-12436\"\/><\/figure><\/li><li class=\"blocks-gallery-item\"><figure><img decoding=\"async\" src=\"http:\/\/atecordoba.org\/wp-content\/uploads\/2020\/05\/Pami-palabras-1024x576.jpg\" alt=\"\" data-id=\"12437\" data-full-url=\"https:\/\/www.atecordoba.org\/wp-content\/uploads\/2020\/03\/Pami-palabras.jpg\" data-link=\"https:\/\/www.atecordoba.org\/?attachment_id=12437\" class=\"wp-image-12437\"\/><\/figure><\/li><li class=\"blocks-gallery-item\"><figure><img decoding=\"async\" src=\"http:\/\/atecordoba.org\/wp-content\/uploads\/2020\/05\/palabras-fede-1024x576.jpg\" alt=\"\" data-id=\"12435\" data-full-url=\"https:\/\/www.atecordoba.org\/wp-content\/uploads\/2020\/03\/palabras-fede.jpg\" data-link=\"https:\/\/www.atecordoba.org\/?attachment_id=12435\" class=\"wp-image-12435\"\/><\/figure><\/li><li class=\"blocks-gallery-item\"><figure><img decoding=\"async\" src=\"http:\/\/atecordoba.org\/wp-content\/uploads\/2020\/05\/Firma-1024x576.jpg\" alt=\"\" data-id=\"12429\" data-full-url=\"https:\/\/www.atecordoba.org\/wp-content\/uploads\/2020\/03\/Firma.jpg\" data-link=\"https:\/\/www.atecordoba.org\/?attachment_id=12429\" class=\"wp-image-12429\"\/><\/figure><\/li><li class=\"blocks-gallery-item\"><figure><img decoding=\"async\" src=\"http:\/\/atecordoba.org\/wp-content\/uploads\/2020\/05\/Firma-presidenta-1024x576.jpg\" alt=\"\" data-id=\"12428\" data-full-url=\"https:\/\/www.atecordoba.org\/wp-content\/uploads\/2020\/03\/Firma-presidenta.jpg\" data-link=\"https:\/\/www.atecordoba.org\/?attachment_id=12428\" class=\"wp-image-12428\"\/><\/figure><\/li><li class=\"blocks-gallery-item\"><figure><img decoding=\"async\" src=\"http:\/\/atecordoba.org\/wp-content\/uploads\/2020\/05\/firma-dante-heredia-1024x576.jpg\" alt=\"\" data-id=\"12426\" data-full-url=\"https:\/\/www.atecordoba.org\/wp-content\/uploads\/2020\/03\/firma-dante-heredia.jpg\" data-link=\"https:\/\/www.atecordoba.org\/?attachment_id=12426\" class=\"wp-image-12426\"\/><\/figure><\/li><li class=\"blocks-gallery-item\"><figure><img decoding=\"async\" src=\"http:\/\/atecordoba.org\/wp-content\/uploads\/2020\/05\/Firma-fede-1024x576.jpg\" alt=\"\" data-id=\"12427\" data-full-url=\"https:\/\/www.atecordoba.org\/wp-content\/uploads\/2020\/03\/Firma-fede.jpg\" data-link=\"https:\/\/www.atecordoba.org\/?attachment_id=12427\" class=\"wp-image-12427\"\/><\/figure><\/li><li class=\"blocks-gallery-item\"><figure><img decoding=\"async\" src=\"http:\/\/atecordoba.org\/wp-content\/uploads\/2020\/05\/Firma-2-1024x576.jpg\" alt=\"\" data-id=\"12425\" data-full-url=\"https:\/\/www.atecordoba.org\/wp-content\/uploads\/2020\/03\/Firma-2.jpg\" data-link=\"https:\/\/www.atecordoba.org\/?attachment_id=12425\" class=\"wp-image-12425\"\/><\/figure><\/li><\/ul><\/figure>\n\n\n\n<p>Tras la firma del Convenio, hicieron uso de la palabra la Inspectora de Educaci\u00f3n de J\u00f3venes y Adultos, Alicia Santecchia, quien remarc\u00f3 que se sent\u00eda muy entusiasmada con la nueva propuesta educativa y felicit\u00f3 a quienes se animaron a recomenzar la escuela: &#8220;el ritmo de esta danza de la Escuela Primaria lo ponen ustedes. Felicitaciones y \u00a1nos vemos en la secundaria, seguramente!&#8221;<\/p>\n\n\n\n<p>Por su parte, el Secretario Adjunto del CDP de ATE C\u00f3rdoba, Hugo Dur\u00e1n, destac\u00f3 la emoci\u00f3n de haber podido hacer realidad este proyecto: &#8220;cuando ingresamos a participar en la organizaci\u00f3n de trabajadores, siempre so\u00f1amos con poder concretar estos proyectos en el sindicato. Estas son parte de las reivindicaciones de los trabajadores y trabajadoras&#8221;.<\/p>\n\n\n\n<p>La presidenta del Centro de Jubilados de ATE, Carmen Neder, por su parte, salud\u00f3 a los presentes e invit\u00f3 a los presentes a seguir &#8220;sabiendo que siempre el Centro de Jubilados est\u00e1 para acompa\u00f1arlos&#8221;.<\/p>\n\n\n\n<p>Por su parte, el actual Director del PAMI de C\u00f3rdoba, Rub\u00e9n Ovelar, destac\u00f3 la importancia del trabajo con las instituciones como ATE &#8220;para fortalecer la l\u00ednea de promoci\u00f3n y prevenci\u00f3n de la salud entre los adultos mayores. La actividad es siempre un dinamizador de la vida, por ello la importancia de este proyecto tambi\u00e9n que hoy es realidad tambi\u00e9n por el aporte de esta nueva mirada integral del PAMI&#8221;, expres\u00f3.<\/p>\n\n\n\n<p>A su turno, Federico Giuliani, Secretario General del CDP de ATE C\u00f3rdoba, remarc\u00f3 que &#8220;las sedes de los sindicatos no son solamente edificios, sino que somos quienes le damos vida d\u00eda a d\u00eda a los lugares as\u00ed que bienvenidos a ser parte de la vida de este espacio&#8221;. &#8220;Para nosotros este proyecto es educativo, pero tambi\u00e9n es pol\u00edtico ya que la educaci\u00f3n es una herramienta de liberaci\u00f3n&#8221;, ratific\u00f3. &#8220;Para nosotros la pelea es integral: debemos darle al sindicato y a los trabajadores y trabajadores activos o jubilados, mayores oportunidades que, tal vez, la propia historia de vida, las desigualdades sociales preexistentes, no permitieron ese desarrollo en otro tiempo. Pero estamos ac\u00e1 para decir que nunca es tarde y que el techo, hoy, es el que nos propongamos. Ya nadie nos va a imponer nada. \u00a1Adelante!&#8221;.<\/p>\n\n\n\n<figure class=\"wp-block-gallery columns-2 is-cropped wp-block-gallery-3 is-layout-flex wp-block-gallery-is-layout-flex\"><ul class=\"blocks-gallery-grid\"><li class=\"blocks-gallery-item\"><figure><img decoding=\"async\" src=\"http:\/\/atecordoba.org\/wp-content\/uploads\/2020\/05\/mochila-2-1024x576.jpg\" alt=\"\" data-id=\"12441\" data-full-url=\"https:\/\/www.atecordoba.org\/wp-content\/uploads\/2020\/03\/mochila-2.jpg\" data-link=\"https:\/\/www.atecordoba.org\/?attachment_id=12441\" class=\"wp-image-12441\"\/><\/figure><\/li><li class=\"blocks-gallery-item\"><figure><img decoding=\"async\" src=\"http:\/\/atecordoba.org\/wp-content\/uploads\/2020\/05\/Mochila-1-1024x576.jpg\" alt=\"\" data-id=\"12442\" data-full-url=\"https:\/\/www.atecordoba.org\/wp-content\/uploads\/2020\/03\/Mochila-1.jpg\" data-link=\"https:\/\/www.atecordoba.org\/?attachment_id=12442\" class=\"wp-image-12442\"\/><\/figure><\/li><\/ul><figcaption class=\"blocks-gallery-caption\">ATE hizo entrega de un kit escolar para cada inscripto\/a<br><\/figcaption><\/figure>\n\n\n\n<figure class=\"wp-block-gallery columns-2 is-cropped wp-block-gallery-4 is-layout-flex wp-block-gallery-is-layout-flex\"><ul class=\"blocks-gallery-grid\"><li class=\"blocks-gallery-item\"><figure><img decoding=\"async\" src=\"http:\/\/atecordoba.org\/wp-content\/uploads\/2020\/05\/danza-2-1024x576.jpg\" alt=\"\" data-id=\"12423\" data-full-url=\"https:\/\/www.atecordoba.org\/wp-content\/uploads\/2020\/03\/danza-2.jpg\" data-link=\"https:\/\/www.atecordoba.org\/?attachment_id=12423\" class=\"wp-image-12423\"\/><\/figure><\/li><li class=\"blocks-gallery-item\"><figure><img decoding=\"async\" src=\"http:\/\/atecordoba.org\/wp-content\/uploads\/2020\/05\/danza-1024x576.jpg\" alt=\"\" data-id=\"12424\" data-full-url=\"https:\/\/www.atecordoba.org\/wp-content\/uploads\/2020\/03\/danza.jpg\" data-link=\"https:\/\/www.atecordoba.org\/?attachment_id=12424\" class=\"wp-image-12424\"\/><\/figure><\/li><\/ul><figcaption class=\"blocks-gallery-caption\">El Taller de Danzas Folcl\u00f3ricas del Centro de Jubilados de ATE dijo presente en la actividad<br><\/figcaption><\/figure>\n\n\n\n<div class=\"wp-block-image\"><figure class=\"aligncenter size-large is-resized\"><img loading=\"lazy\" decoding=\"async\" src=\"http:\/\/atecordoba.org\/wp-content\/uploads\/2020\/05\/Bandera-576x1024.jpg\" alt=\"\" class=\"wp-image-12422\" width=\"219\" height=\"389\"\/><figcaption> La bandera de Ceremonias de la Escuela de Adultos &#8220;Atahualpa Yupanqui&#8221; honr\u00f3 el acto de inicio del ciclo lectivo de ATE<br> <\/figcaption><\/figure><\/div>\n\n\n\n<hr class=\"wp-block-separator\"\/>\n\n\n\n<h3 class=\"has-text-align-center wp-block-heading\"><strong>Mano a Mano con el profesor Gustavo Mamud<\/strong><\/h3>\n\n\n\n<p><\/p>\n\n\n\n<p>Gustavo Mamud, es Licenciado en Ciencias de la Educaci\u00f3n, Director de la Escuela Nocturna de J\u00f3venes y Adultos &#8220;Atahualpa Yupanqui&#8221; y ser\u00e1 uno de los profesores de la Escuela Primaria de ATE, coorganizada por el sindicato, el Centro de Jubilados de ATE, PAMI y la Direcci\u00f3n General de Educaci\u00f3n de J\u00f3venes y Adultos perteneciente al Ministerio de Educaci\u00f3n de la Provincia de C\u00f3rdoba.<\/p>\n\n\n\n<div class=\"wp-block-image\"><figure class=\"alignleft size-large is-resized\"><img loading=\"lazy\" decoding=\"async\" src=\"http:\/\/atecordoba.org\/wp-content\/uploads\/2020\/05\/Gustavo-576x1024.jpg\" alt=\"\" class=\"wp-image-12421\" width=\"173\" height=\"308\"\/><figcaption>Lic. Gustavo Mamud<\/figcaption><\/figure><\/div>\n\n\n\n<p><strong>ATE (A): \u00bfCu\u00e1l es la concepci\u00f3n de la educaci\u00f3n de adultos que tienen desde la Escuela &#8220;Atahualpa Yupanqui&#8221; y por qu\u00e9 hacer alianzas con otras instituciones?<\/strong><\/p>\n\n\n\n<p><strong>Gustavo Mamud (GM):<\/strong>&nbsp;En primer lugar, concebimos que la educaci\u00f3n es un derecho para todo ciudadano, independientemente de su edad, durante toda su vida.&nbsp;<\/p>\n\n\n\n<p>Llegamos a los sindicatos, iglesias, insitituciones, porque hay muchas personas que tienen la neceisdad de retomar o completar sus estudios secundarios debido a que de muy j\u00f3venes han debido trabajar, cuidar una familia, o tantas otras situaciones.<\/p>\n\n\n\n<p>Llegamos a este punto donde si bien el completar los estudios no es para buscar un trabajo, s\u00ed lo es como forma de ganar en calidad de vida, ya que el estudio sirve para socializar, compartir.<\/p>\n\n\n\n<p><strong>A:\u00bfC\u00f3mo ser\u00e1 la modalidad de cursado?<\/strong><\/p>\n\n\n\n<p><strong>GM:<\/strong>&nbsp;Dictaremos las clases en la sede de ATE de Entre R\u00edos 450 los d\u00edas martes y viernes de 14 a 17. Se dictar\u00e1n las materias convencionales: lengua, matem\u00e1tica, ciencias sociales y ciencias naturales y sumaremos algo de la parte expresiva (folklore, pintura), articulando con el Centro de Jubilados. Si alg\u00fan alumno deseara seguir estudiando, la perspectiva de articulaci\u00f3n con el nivel medio est\u00e1 m\u00e1s que presente, en un programa especial, adaptado a la edad, que sea placentero, por encima de las notas o parte acad\u00e9mica.<\/p>\n\n\n\n<figure class=\"wp-block-gallery columns-2 is-cropped wp-block-gallery-5 is-layout-flex wp-block-gallery-is-layout-flex\"><ul class=\"blocks-gallery-grid\"><li class=\"blocks-gallery-item\"><figure><img decoding=\"async\" src=\"http:\/\/atecordoba.org\/wp-content\/uploads\/2020\/05\/WhatsApp-Image-2020-03-10-at-16.47.57-1024x576.jpg\" alt=\"\" data-id=\"12439\" data-full-url=\"https:\/\/www.atecordoba.org\/wp-content\/uploads\/2020\/03\/WhatsApp-Image-2020-03-10-at-16.47.57.jpeg\" data-link=\"https:\/\/www.atecordoba.org\/?attachment_id=12439\" class=\"wp-image-12439\"\/><\/figure><\/li><li class=\"blocks-gallery-item\"><figure><img decoding=\"async\" src=\"http:\/\/atecordoba.org\/wp-content\/uploads\/2020\/05\/WhatsApp-Image-2020-03-10-at-16.47.57-1-1024x576.jpg\" alt=\"\" data-id=\"12438\" data-full-url=\"https:\/\/www.atecordoba.org\/wp-content\/uploads\/2020\/03\/WhatsApp-Image-2020-03-10-at-16.47.57-1.jpeg\" data-link=\"https:\/\/www.atecordoba.org\/?attachment_id=12438\" class=\"wp-image-12438\"\/><\/figure><\/li><\/ul><\/figure>\n\n\n\n<p><strong>\u00bfEn cu\u00e1nto tiempo un adulto que comienza el programa puede finalizar la escuela?<\/strong><\/p>\n\n\n\n<p>Para nosotros lo central es el placer por asistir. Sin embargo, la certificaci\u00f3n se otorga cuando adquiera las competencias prescriptas por el Ministerio. Y eso va a depender del nivel en que se encuentre el alumno: no es lo mismo alguien que viene con la necesidad de llevar adelante la hermosa tarea de emprender su alfabetizaci\u00f3n inicial, sus primeras letras, a alguien que haya cursado un tercer o cuarto grado de esos de antes que daban bases muy s\u00f3lidas. Sin embargo, repito: lo importante es el placer de emprender este camino de la educaci\u00f3n de adultos que es realmente una experiencia liberadora.<\/p>\n","protected":false},"excerpt":{"rendered":"<p>Qued\u00f3 formalmente abierto el ciclo para que las afiliadas y afiliados al Centro de Jubilados de ATE puedan cumplir el sue\u00f1o de finalizar la escuela primaria en el Sindicato. Con un emotivo acto en la sede de Entre R\u00edos 450 del Consejo Directivo Provincial (CDP) de ATE C\u00f3rdoba, una veintena de adultos mayores que decidieron [&hellip;]<\/p>\n","protected":false},"author":1,"featured_media":19220,"comment_status":"open","ping_status":"open","sticky":true,"template":"","format":"standard","meta":{"_exactmetrics_skip_tracking":false,"_exactmetrics_sitenote_active":false,"_exactmetrics_sitenote_note":"","_exactmetrics_sitenote_category":0,"jnews-multi-image_gallery":[],"jnews_single_post":[],"jnews_primary_category":[],"jnews_social_meta":[],"jnews_review":[],"enable_review":"","type":"","name":"","summary":"","brand":"","sku":"","good":[],"bad":[],"score_override":"","override_value":"","rating":[],"price":[],"jnews_override_counter":[],"jnews_post_split":[],"footnotes":""},"categories":[1],"tags":[],"class_list":["post-12420","post","type-post","status-publish","format-standard","has-post-thumbnail","hentry","category-sin-categoria"],"jetpack_featured_media_url":"https:\/\/atecordoba.org\/wp-content\/uploads\/2020\/05\/logo-nuevochico-e1561581322808.png","_links":{"self":[{"href":"https:\/\/atecordoba.org\/index.php?rest_route=\/wp\/v2\/posts\/12420","targetHints":{"allow":["GET"]}}],"collection":[{"href":"https:\/\/atecordoba.org\/index.php?rest_route=\/wp\/v2\/posts"}],"about":[{"href":"https:\/\/atecordoba.org\/index.php?rest_route=\/wp\/v2\/types\/post"}],"author":[{"embeddable":true,"href":"https:\/\/atecordoba.org\/index.php?rest_route=\/wp\/v2\/users\/1"}],"replies":[{"embeddable":true,"href":"https:\/\/atecordoba.org\/index.php?rest_route=%2Fwp%2Fv2%2Fcomments&post=12420"}],"version-history":[{"count":1,"href":"https:\/\/atecordoba.org\/index.php?rest_route=\/wp\/v2\/posts\/12420\/revisions"}],"predecessor-version":[{"id":18585,"href":"https:\/\/atecordoba.org\/index.php?rest_route=\/wp\/v2\/posts\/12420\/revisions\/18585"}],"wp:featuredmedia":[{"embeddable":true,"href":"https:\/\/atecordoba.org\/index.php?rest_route=\/wp\/v2\/media\/19220"}],"wp:attachment":[{"href":"https:\/\/atecordoba.org\/index.php?rest_route=%2Fwp%2Fv2%2Fmedia&parent=12420"}],"wp:term":[{"taxonomy":"category","embeddable":true,"href":"https:\/\/atecordoba.org\/index.php?rest_route=%2Fwp%2Fv2%2Fcategories&post=12420"},{"taxonomy":"post_tag","embeddable":true,"href":"https:\/\/atecordoba.org\/index.php?rest_route=%2Fwp%2Fv2%2Ftags&post=12420"}],"curies":[{"name":"wp","href":"https:\/\/api.w.org\/{rel}","templated":true}]}}