{"id":12411,"date":"2020-03-09T21:48:28","date_gmt":"2020-03-10T00:48:28","guid":{"rendered":"https:\/\/www.atecordoba.org\/?p=12411"},"modified":"2020-05-05T09:09:45","modified_gmt":"2020-05-05T12:09:45","slug":"8-y-9m-unidad-en-las-calles","status":"publish","type":"post","link":"https:\/\/atecordoba.org\/?p=12411","title":{"rendered":"8 y 9M: unidad en las calles"},"content":{"rendered":"\n<p><em>ATE particip\u00f3 de las masivas expresiones en conmemoraci\u00f3n del d\u00eda de la mujer trabajadora. A lo largo y ancho de la provincia, el pa\u00eds y el mundo, las mujeres dijimos que no va m\u00e1s este sistema que destruye nuestros cuerpos y precariza nuestros trabajos.<\/em><\/p>\n\n\n\n<figure class=\"wp-block-image size-large\"><img decoding=\"async\" src=\"http:\/\/atecordoba.org\/wp-content\/uploads\/2020\/05\/IMG_20200309_183833-1024x576.jpg\" alt=\"\" class=\"wp-image-12412\"\/><\/figure>\n\n\n\n<p>No es casualidad. Mientras los poderosos -en general hombres en representaci\u00f3n de la explotaci\u00f3n capitalista- no encuentran salida a la crisis del sistema que ellos mismos alimentan a partir de las concentraci\u00f3n global de las finanzas y de la precarizaci\u00f3n del trabajo, las mujeres y disidencias nos organizamos para dar la pelea, de frente y sin cuartel, contra el patriarcado y todo lo que \u00e9l representa.&nbsp;<\/p>\n\n\n\n<p>No es casualidad y las estad\u00edsticas lo demuestran: las mujeres sufrimos m\u00e1s el trabajo precario, somos m\u00e1s pobres, estamos m\u00e1s sometidas a las interminables jornadas laborales entre el trabajo social y el dom\u00e9stico, sufrimos de la violencia del capital, de la violencia del patr\u00f3n y de la violencia en la familia, m\u00e1s que nuestros compa\u00f1eros varones.&nbsp;<\/p>\n\n\n\n<p>Por ello es que hoy, desde el departamento de G\u00e9neros y Diversidad del Concejo Directivo Provincial de ATE decidimos marchar encolumnadas con nuestras compa\u00f1eras de la intersindical de C\u00f3rdoba: porque nos reconocemos trabajadoras y entendemos al movimiento obrero como nuestra organizaci\u00f3n originaria y como parte central en la construcci\u00f3n de una sociedad m\u00e1s justa e igualitaria.<\/p>\n\n\n\n<figure class=\"wp-block-gallery columns-3 is-cropped wp-block-gallery-1 is-layout-flex wp-block-gallery-is-layout-flex\"><ul class=\"blocks-gallery-grid\"><li class=\"blocks-gallery-item\"><figure><img decoding=\"async\" src=\"http:\/\/atecordoba.org\/wp-content\/uploads\/2020\/05\/IMG_20200309_185241-1024x576.jpg\" alt=\"\" data-id=\"12413\" data-full-url=\"https:\/\/www.atecordoba.org\/wp-content\/uploads\/2020\/03\/IMG_20200309_185241-scaled.jpg\" data-link=\"https:\/\/www.atecordoba.org\/?attachment_id=12413\" class=\"wp-image-12413\"\/><\/figure><\/li><li class=\"blocks-gallery-item\"><figure><img decoding=\"async\" src=\"http:\/\/atecordoba.org\/wp-content\/uploads\/2020\/05\/IMG_20200309_184133-1024x576.jpg\" alt=\"\" data-id=\"12414\" data-full-url=\"https:\/\/www.atecordoba.org\/wp-content\/uploads\/2020\/03\/IMG_20200309_184133-scaled.jpg\" data-link=\"https:\/\/www.atecordoba.org\/?attachment_id=12414\" class=\"wp-image-12414\"\/><\/figure><\/li><li class=\"blocks-gallery-item\"><figure><img decoding=\"async\" src=\"http:\/\/atecordoba.org\/wp-content\/uploads\/2020\/05\/IMG_20200309_183905-1024x576.jpg\" alt=\"\" data-id=\"12415\" data-full-url=\"https:\/\/www.atecordoba.org\/wp-content\/uploads\/2020\/03\/IMG_20200309_183905-scaled.jpg\" data-link=\"https:\/\/www.atecordoba.org\/?attachment_id=12415\" class=\"wp-image-12415\"\/><\/figure><\/li><li class=\"blocks-gallery-item\"><figure><img decoding=\"async\" src=\"http:\/\/atecordoba.org\/wp-content\/uploads\/2020\/05\/IMG_20200309_183749-1024x576.jpg\" alt=\"\" data-id=\"12416\" data-full-url=\"https:\/\/www.atecordoba.org\/wp-content\/uploads\/2020\/03\/IMG_20200309_183749-scaled.jpg\" data-link=\"https:\/\/www.atecordoba.org\/?attachment_id=12416\" class=\"wp-image-12416\"\/><\/figure><\/li><li class=\"blocks-gallery-item\"><figure><img decoding=\"async\" src=\"http:\/\/atecordoba.org\/wp-content\/uploads\/2020\/05\/IMG_20200309_183445-1024x576.jpg\" alt=\"\" data-id=\"12417\" data-full-url=\"https:\/\/www.atecordoba.org\/wp-content\/uploads\/2020\/03\/IMG_20200309_183445-scaled.jpg\" data-link=\"https:\/\/www.atecordoba.org\/?attachment_id=12417\" class=\"wp-image-12417\"\/><\/figure><\/li><\/ul><\/figure>\n\n\n\n<p>Todas quienes marchamos hoy -mujeres, trans, no binares- nos reconocemos parte de esa historia de trabajadores explotadas y que, cuando la noche fue m\u00e1s oscura, soportamos castigos terribles, muchos de los cuales siguen hasta hoy. Debimos luchar primero por la jornada laboral de 10 horas y contra el trabajo infantil y morir incineradas en las f\u00e1bricas con las puertas y escaleras cerradas; debimos luchar por el voto, la escuela secundaria, la universidad y por derechos ciudadanos m\u00e1s elementales que los varones consiguieron siempre antes. Hoy seguimos luchando por todo lo que nos falta, porque tambi\u00e9n sabemos que la hora m\u00e1s oscura es la que viene antes del amanecer.<\/p>\n\n\n\n<p>Acabamos de vivir uno de esos d\u00edas donde la unidad del campo popular se hizo carne, grito, color, alegr\u00eda y emoci\u00f3n en las calles de C\u00f3rdoba, de toda la provincia, del mundo.<\/p>\n\n\n\n<p>Y ac\u00e1 lo sentimos, de frente, revisando nuestras heridas pasadas, pero con ansias y sed de futuro libre, justo y soberano.<\/p>\n\n\n\n<p>Y ATE fue parte y estuvo presente en este pu\u00f1o cerrado.<\/p>\n\n\n\n<p>Porque los de arriba no pueden m\u00e1s, su sistema se les viene encima y ni que quisieran podr\u00edan seguir perpetuando esta explotaci\u00f3n que niega la vida misma de la humanidad y de todo el planeta.<\/p>\n\n\n\n<p>Nadie puede pagar m\u00e1s la fiesta del FMI, de los CEO, de la timba.&nbsp;<\/p>\n\n\n\n<p>Ellos no pueden: nosotras, nosotres, no queremos y no lo vamos a hacer entregando, a\u00fan m\u00e1s, nuestra soberan\u00eda, nuestra libertad, permitiendo m\u00e1s explotaci\u00f3n.<\/p>\n\n\n\n<p>Por ello, el movimiento obrero feminista, las mujeres trabajadoras, encabezamos las luchas por esa Latinoam\u00e9rica nueva que venimos dando forma con la argamasa de nuestra historia, la de la lucha de nuestros pueblos.<\/p>\n\n\n\n<p>\u00a1Arriba las que luchan!<\/p>\n\n\n\n<p>\u00a1Vivas, libres y desendeudadas nos queremos!<\/p>\n\n\n\n<p>Departamento de G\u00e9neros y Diversidad<\/p>\n\n\n\n<p>CDP ATE C\u00d3RDOBA<\/p>\n","protected":false},"excerpt":{"rendered":"<p>ATE particip\u00f3 de las masivas expresiones en conmemoraci\u00f3n del d\u00eda de la mujer trabajadora. A lo largo y ancho de la provincia, el pa\u00eds y el mundo, las mujeres dijimos que no va m\u00e1s este sistema que destruye nuestros cuerpos y precariza nuestros trabajos. No es casualidad. Mientras los poderosos -en general hombres en representaci\u00f3n [&hellip;]<\/p>\n","protected":false},"author":1,"featured_media":19220,"comment_status":"open","ping_status":"open","sticky":true,"template":"","format":"standard","meta":{"_exactmetrics_skip_tracking":false,"_exactmetrics_sitenote_active":false,"_exactmetrics_sitenote_note":"","_exactmetrics_sitenote_category":0,"jnews-multi-image_gallery":[],"jnews_single_post":[],"jnews_primary_category":[],"jnews_social_meta":[],"jnews_review":[],"enable_review":"","type":"","name":"","summary":"","brand":"","sku":"","good":[],"bad":[],"score_override":"","override_value":"","rating":[],"price":[],"jnews_override_counter":[],"jnews_post_split":[],"footnotes":""},"categories":[1],"tags":[],"class_list":["post-12411","post","type-post","status-publish","format-standard","has-post-thumbnail","hentry","category-sin-categoria"],"jetpack_featured_media_url":"https:\/\/atecordoba.org\/wp-content\/uploads\/2020\/05\/logo-nuevochico-e1561581322808.png","_links":{"self":[{"href":"https:\/\/atecordoba.org\/index.php?rest_route=\/wp\/v2\/posts\/12411","targetHints":{"allow":["GET"]}}],"collection":[{"href":"https:\/\/atecordoba.org\/index.php?rest_route=\/wp\/v2\/posts"}],"about":[{"href":"https:\/\/atecordoba.org\/index.php?rest_route=\/wp\/v2\/types\/post"}],"author":[{"embeddable":true,"href":"https:\/\/atecordoba.org\/index.php?rest_route=\/wp\/v2\/users\/1"}],"replies":[{"embeddable":true,"href":"https:\/\/atecordoba.org\/index.php?rest_route=%2Fwp%2Fv2%2Fcomments&post=12411"}],"version-history":[{"count":1,"href":"https:\/\/atecordoba.org\/index.php?rest_route=\/wp\/v2\/posts\/12411\/revisions"}],"predecessor-version":[{"id":18592,"href":"https:\/\/atecordoba.org\/index.php?rest_route=\/wp\/v2\/posts\/12411\/revisions\/18592"}],"wp:featuredmedia":[{"embeddable":true,"href":"https:\/\/atecordoba.org\/index.php?rest_route=\/wp\/v2\/media\/19220"}],"wp:attachment":[{"href":"https:\/\/atecordoba.org\/index.php?rest_route=%2Fwp%2Fv2%2Fmedia&parent=12411"}],"wp:term":[{"taxonomy":"category","embeddable":true,"href":"https:\/\/atecordoba.org\/index.php?rest_route=%2Fwp%2Fv2%2Fcategories&post=12411"},{"taxonomy":"post_tag","embeddable":true,"href":"https:\/\/atecordoba.org\/index.php?rest_route=%2Fwp%2Fv2%2Ftags&post=12411"}],"curies":[{"name":"wp","href":"https:\/\/api.w.org\/{rel}","templated":true}]}}