{"id":12403,"date":"2020-03-06T13:39:15","date_gmt":"2020-03-06T16:39:15","guid":{"rendered":"https:\/\/www.atecordoba.org\/?p=12403"},"modified":"2020-05-05T09:09:45","modified_gmt":"2020-05-05T12:09:45","slug":"ate-cordoba-con-funcionarios-del-ministerio-de-educacion-de-la-provincia","status":"publish","type":"post","link":"https:\/\/atecordoba.org\/?p=12403","title":{"rendered":"ATE C\u00f3rdoba con funcionarios del Ministerio de Educaci\u00f3n de la Provincia"},"content":{"rendered":"\n<p><em>El Secretario General del Consejo Directivo Provincial (CDP) de la Asociaci\u00f3n Trabajadores del Estado (ATE) C\u00f3rdoba, mantuvo una importante reuni\u00f3n institucional con autoridades del Ministerio de Educaci\u00f3n de la Provincia.<\/em><\/p>\n\n\n\n<figure class=\"wp-block-gallery columns-2 is-cropped wp-block-gallery-1 is-layout-flex wp-block-gallery-is-layout-flex\"><ul class=\"blocks-gallery-grid\"><li class=\"blocks-gallery-item\"><figure><img decoding=\"async\" src=\"http:\/\/atecordoba.org\/wp-content\/uploads\/2020\/05\/Educacion-1-b-1.jpg\" alt=\"\" data-id=\"12406\" data-full-url=\"http:\/\/atecordoba.org\/wp-content\/uploads\/2020\/05\/Educacion-1-b-1.jpg\" data-link=\"https:\/\/www.atecordoba.org\/?attachment_id=12406\" class=\"wp-image-12406\"\/><\/figure><\/li><li class=\"blocks-gallery-item\"><figure><img decoding=\"async\" src=\"http:\/\/atecordoba.org\/wp-content\/uploads\/2020\/05\/Educacion-2b-1.jpg\" alt=\"\" data-id=\"12407\" data-full-url=\"http:\/\/atecordoba.org\/wp-content\/uploads\/2020\/05\/Educacion-2b-1.jpg\" data-link=\"https:\/\/www.atecordoba.org\/?attachment_id=12407\" class=\"wp-image-12407\"\/><\/figure><\/li><\/ul><\/figure>\n\n\n\n<p>\u201cNos recibieron el Dr. Carlos S\u00e1nchez, Secretario de Relaciones Institucionales del Ministerio de Educaci\u00f3n y Luciano Garavaglia, Secretario de Gesti\u00f3n Administrativa de esa cartera, con quienes logramos generar una instancia de di\u00e1logo y gesti\u00f3n sobre diferentes problem\u00e1ticas que suceden en el sector\u201d, poste\u00f3 Giuliani por Facebook.<\/p>\n\n\n\n<p>\u201cLogramos avanzar en un petitorio presentado hace 10 d\u00edas atr\u00e1s con el compromiso de resolverlos. Me acompa\u00f1aron el Secretario Adjunto del Consejo Directivo Provincial de ATE, Hugo Dur\u00e1n y el Delegado Gustavo Valenzuela\u201d, a\u00f1adi\u00f3.<\/p>\n\n\n\n<hr class=\"wp-block-separator\"\/>\n\n\n\n<p><\/p>\n\n\n\n<h2 class=\"wp-block-heading\">Primer Encuentro de Delegados Provinciales<\/h2>\n\n\n\n<div class=\"wp-block-image\"><figure class=\"aligncenter size-large\"><img decoding=\"async\" src=\"http:\/\/atecordoba.org\/wp-content\/uploads\/2020\/05\/Delegados-jpg.jpg\" alt=\"\" class=\"wp-image-12408\"\/><\/figure><\/div>\n\n\n\n<p>El Secretario General de ATE y la CTA Aut\u00f3noma C\u00f3rdoba, Federico Giuliani, record\u00f3 que este martes 10 de marzo, se llevar\u00e1 a cabo el Primer Encuentro de Delegadxs Provinciales (Salud y Administraciones) de C\u00f3rdoba organizado por el Consejo Directivo Provincial de ATE.<\/p>\n\n\n\n<p>\u201cDurante el encuentro haremos un diagn\u00f3stico de la coyuntura y elaboraremos un Plan de Acci\u00f3n exigiendo la urgente apertura de la Paritaria 2020 y la incorporaci\u00f3n de ATE a la misma\u201d, sentenci\u00f3 Giuliani.<\/p>\n\n\n\n<p class=\"has-text-align-right\">Por agencia <a href=\"http:\/\/ctaacordoba.org\/\">CTA-A C\u00f3rdoba<\/a><\/p>\n","protected":false},"excerpt":{"rendered":"<p>El Secretario General del Consejo Directivo Provincial (CDP) de la Asociaci\u00f3n Trabajadores del Estado (ATE) C\u00f3rdoba, mantuvo una importante reuni\u00f3n institucional con autoridades del Ministerio de Educaci\u00f3n de la Provincia. \u201cNos recibieron el Dr. Carlos S\u00e1nchez, Secretario de Relaciones Institucionales del Ministerio de Educaci\u00f3n y Luciano Garavaglia, Secretario de Gesti\u00f3n Administrativa de esa cartera, con [&hellip;]<\/p>\n","protected":false},"author":1,"featured_media":19220,"comment_status":"open","ping_status":"open","sticky":true,"template":"","format":"standard","meta":{"_exactmetrics_skip_tracking":false,"_exactmetrics_sitenote_active":false,"_exactmetrics_sitenote_note":"","_exactmetrics_sitenote_category":0,"jnews-multi-image_gallery":[],"jnews_single_post":[],"jnews_primary_category":[],"jnews_social_meta":[],"jnews_review":[],"enable_review":"","type":"","name":"","summary":"","brand":"","sku":"","good":[],"bad":[],"score_override":"","override_value":"","rating":[],"price":[],"jnews_override_counter":[],"jnews_post_split":[],"footnotes":""},"categories":[1],"tags":[],"class_list":["post-12403","post","type-post","status-publish","format-standard","has-post-thumbnail","hentry","category-sin-categoria"],"jetpack_featured_media_url":"https:\/\/atecordoba.org\/wp-content\/uploads\/2020\/05\/logo-nuevochico-e1561581322808.png","_links":{"self":[{"href":"https:\/\/atecordoba.org\/index.php?rest_route=\/wp\/v2\/posts\/12403","targetHints":{"allow":["GET"]}}],"collection":[{"href":"https:\/\/atecordoba.org\/index.php?rest_route=\/wp\/v2\/posts"}],"about":[{"href":"https:\/\/atecordoba.org\/index.php?rest_route=\/wp\/v2\/types\/post"}],"author":[{"embeddable":true,"href":"https:\/\/atecordoba.org\/index.php?rest_route=\/wp\/v2\/users\/1"}],"replies":[{"embeddable":true,"href":"https:\/\/atecordoba.org\/index.php?rest_route=%2Fwp%2Fv2%2Fcomments&post=12403"}],"version-history":[{"count":2,"href":"https:\/\/atecordoba.org\/index.php?rest_route=\/wp\/v2\/posts\/12403\/revisions"}],"predecessor-version":[{"id":18678,"href":"https:\/\/atecordoba.org\/index.php?rest_route=\/wp\/v2\/posts\/12403\/revisions\/18678"}],"wp:featuredmedia":[{"embeddable":true,"href":"https:\/\/atecordoba.org\/index.php?rest_route=\/wp\/v2\/media\/19220"}],"wp:attachment":[{"href":"https:\/\/atecordoba.org\/index.php?rest_route=%2Fwp%2Fv2%2Fmedia&parent=12403"}],"wp:term":[{"taxonomy":"category","embeddable":true,"href":"https:\/\/atecordoba.org\/index.php?rest_route=%2Fwp%2Fv2%2Fcategories&post=12403"},{"taxonomy":"post_tag","embeddable":true,"href":"https:\/\/atecordoba.org\/index.php?rest_route=%2Fwp%2Fv2%2Ftags&post=12403"}],"curies":[{"name":"wp","href":"https:\/\/api.w.org\/{rel}","templated":true}]}}