{"id":12385,"date":"2020-03-06T11:23:13","date_gmt":"2020-03-06T14:23:13","guid":{"rendered":"https:\/\/www.atecordoba.org\/?p=12385"},"modified":"2020-05-05T09:09:45","modified_gmt":"2020-05-05T12:09:45","slug":"el-8-y-9-de-marzo-luchamos-juntas-en-las-calles","status":"publish","type":"post","link":"https:\/\/atecordoba.org\/?p=12385","title":{"rendered":"El 8 y 9 de marzo, luchamos juntas en las calles"},"content":{"rendered":"\n<p><em>El Consejo Directivo Provincial (CDP) de ATE C\u00f3rdoba ser\u00e1 parte de las Jornadas de Lucha con Paros, Asambleas y Movilizaciones en el marco del D\u00eda de la Mujer Trabajadora. Habr\u00e1 actividades en los lugares de trabajo desde la ma\u00f1ana del lunes #9M.<\/em><\/p>\n\n\n\n<figure class=\"wp-block-image size-large\"><img decoding=\"async\" src=\"http:\/\/atecordoba.org\/wp-content\/uploads\/2020\/05\/Flyer-8M-ATE-974x1024.jpg\" alt=\"\" class=\"wp-image-12388\"\/><\/figure>\n\n\n\n<p>El CDP de C\u00f3rdoba de la Asociaci\u00f3n de Trabajadores del Estado, &#8220;entidad sindical de primer grado, con personer\u00eda gremial N\u00b0 2, acompa\u00f1a la Jornada de Lucha con Paros, Asambleas y Movilizaciones convocada para los d\u00edas 8 y 9 de marzo por el Consejo Directivo Nacional mediante Nota N\u00b0 156\/2020 presentada ante el Ministerio de Trabajo, Empleo y Seguridad Social de la Naci\u00f3n el pasado 2 de marzo de 2020&#8221;, expres\u00f3 la entidad obrera en un comunicado (ver adjunto). &#8220;Reconocemos que el 8 de marzo d\u00eda de la mujer trabajadora debemos levantar las banderas de los derechos que todav\u00eda faltan conquistar&#8221;, expresaron y, a continuaci\u00f3n, detallaron:<\/p>\n\n\n\n<ul class=\"wp-block-list\"><li>Terminar con la precarizaci\u00f3n laboral que afecta en mayor medida a las mujeres;<\/li><li>Avanzar a Convenios Colectivos de Trabajo con perspectiva de g\u00e9nero que pueda poner fin a la brecha salarial de mujeres y diversidades sexuales;<\/li><li>Sancionar una ley de inclusi\u00f3n laboral trans;<\/li><li>Ratificaci\u00f3n por el Estado Argentino del Convenio 190 de OIT;<\/li><li>Reincorporaci\u00f3n en los puestos de trabajo de las compa\u00f1eras despedidas en la era Macri;<\/li><li>Avanzar con la obligatoriedad de la aplicaci\u00f3n de la Ley Micaela;<\/li><li>Paridad de g\u00e9nero y diversidad en todos los cargos del Estado;<\/li><li>Avanzar en los sectores laborales con Protocolos de Acci\u00f3n para la prevenci\u00f3n de la violencia de g\u00e9nero en el \u00e1mbito laboral;<\/li><li>Aplicaci\u00f3n efectiva de la Ley de Educaci\u00f3n Sexual Integral;<\/li><li>Despenalizaci\u00f3n del aborto y avanzar con una Ley integral de ILE.<\/li><\/ul>\n\n\n\n<div class=\"wp-block-image\"><figure class=\"aligncenter size-large is-resized\"><img loading=\"lazy\" decoding=\"async\" src=\"http:\/\/atecordoba.org\/wp-content\/uploads\/2020\/05\/Nota-CDP-Paro-8-y-9-791x1024.jpg\" alt=\"\" class=\"wp-image-12387\" width=\"331\" height=\"427\"\/><figcaption>Comunicado del CDP en adhesi\u00f3n a las Jornadas de Lucha del 8 y 9 M<\/figcaption><\/figure><\/div>\n\n\n\n<div class=\"wp-block-image\"><figure class=\"aligncenter size-large is-resized\"><img loading=\"lazy\" decoding=\"async\" src=\"http:\/\/atecordoba.org\/wp-content\/uploads\/2020\/05\/Nota-paro-CDN.jpg\" alt=\"\" class=\"wp-image-12392\" width=\"231\" height=\"334\"\/><figcaption> Comunicado del CDN en adhesi\u00f3n a las Jornadas de Lucha del 8 y 9 M <\/figcaption><\/figure><\/div>\n\n\n\n<p><\/p>\n\n\n\n<p><\/p>\n\n\n\n<p>Invitamos a todes les compa\u00f1eres a ser parte de las actividades organizadas a lo largo y ancho de la provincia por los distintos colectivos feministas y trabajar activamente en llevar la discusi\u00f3n a cada lugar de trabajo, cada dependencia.<\/p>\n\n\n\n<figure class=\"wp-block-image size-large\"><img decoding=\"async\" src=\"http:\/\/atecordoba.org\/wp-content\/uploads\/2020\/05\/Flyer-lunes-1024x1024.jpg\" alt=\"\" class=\"wp-image-12389\"\/><figcaption>Actividades del lunes 9 de marzo por la ma\u00f1ana<\/figcaption><\/figure>\n\n\n\n<figure class=\"wp-block-image size-large\"><img decoding=\"async\" src=\"http:\/\/atecordoba.org\/wp-content\/uploads\/2020\/05\/Flyer-lunes-2-1024x1024.jpg\" alt=\"\" class=\"wp-image-12390\"\/><figcaption> Actividades del lunes 9 de marzo por la tarde<\/figcaption><\/figure>\n\n\n\n<hr class=\"wp-block-separator\"\/>\n\n\n\n<p><\/p>\n\n\n\n<h2 class=\"wp-block-heading\">Creaci\u00f3n del Departamento de G\u00e9nero y Diversidad del Sindicato<\/h2>\n\n\n\n<p>En lo que fue la primer Resoluci\u00f3n como Secretario General del Consejo Directivo Provincial de ATE C\u00f3rdoba, Federico Giuliani firm\u00f3 ayer, 5 de marzo, la conformaci\u00f3n org\u00e1nica e institucional del Departamento de G\u00e9nero y Diversidad del Sindicato. <\/p>\n\n\n\n<div class=\"wp-block-image\"><figure class=\"aligncenter size-large is-resized\"><img loading=\"lazy\" decoding=\"async\" src=\"http:\/\/atecordoba.org\/wp-content\/uploads\/2020\/05\/Firma-Dpto-G\u00e9nero-y-Diversidad.jpg\" alt=\"\" class=\"wp-image-12391\" width=\"258\" height=\"458\"\/><figcaption>Firma de la Resoluci\u00f3n de creaci\u00f3n del Departamento de G\u00e9nero y Diversidad. Dra. Mar\u00eda Terragno (izq) y Federico Giuliani (der). <\/figcaption><\/figure><\/div>\n","protected":false},"excerpt":{"rendered":"<p>El Consejo Directivo Provincial (CDP) de ATE C\u00f3rdoba ser\u00e1 parte de las Jornadas de Lucha con Paros, Asambleas y Movilizaciones en el marco del D\u00eda de la Mujer Trabajadora. Habr\u00e1 actividades en los lugares de trabajo desde la ma\u00f1ana del lunes #9M. El CDP de C\u00f3rdoba de la Asociaci\u00f3n de Trabajadores del Estado, &#8220;entidad sindical [&hellip;]<\/p>\n","protected":false},"author":1,"featured_media":19220,"comment_status":"open","ping_status":"open","sticky":true,"template":"","format":"standard","meta":{"_exactmetrics_skip_tracking":false,"_exactmetrics_sitenote_active":false,"_exactmetrics_sitenote_note":"","_exactmetrics_sitenote_category":0,"jnews-multi-image_gallery":[],"jnews_single_post":[],"jnews_primary_category":[],"jnews_social_meta":[],"jnews_review":[],"enable_review":"","type":"","name":"","summary":"","brand":"","sku":"","good":[],"bad":[],"score_override":"","override_value":"","rating":[],"price":[],"jnews_override_counter":[],"jnews_post_split":[],"footnotes":""},"categories":[1],"tags":[],"class_list":["post-12385","post","type-post","status-publish","format-standard","has-post-thumbnail","hentry","category-sin-categoria"],"jetpack_featured_media_url":"https:\/\/atecordoba.org\/wp-content\/uploads\/2020\/05\/logo-nuevochico-e1561581322808.png","_links":{"self":[{"href":"https:\/\/atecordoba.org\/index.php?rest_route=\/wp\/v2\/posts\/12385","targetHints":{"allow":["GET"]}}],"collection":[{"href":"https:\/\/atecordoba.org\/index.php?rest_route=\/wp\/v2\/posts"}],"about":[{"href":"https:\/\/atecordoba.org\/index.php?rest_route=\/wp\/v2\/types\/post"}],"author":[{"embeddable":true,"href":"https:\/\/atecordoba.org\/index.php?rest_route=\/wp\/v2\/users\/1"}],"replies":[{"embeddable":true,"href":"https:\/\/atecordoba.org\/index.php?rest_route=%2Fwp%2Fv2%2Fcomments&post=12385"}],"version-history":[{"count":1,"href":"https:\/\/atecordoba.org\/index.php?rest_route=\/wp\/v2\/posts\/12385\/revisions"}],"predecessor-version":[{"id":18604,"href":"https:\/\/atecordoba.org\/index.php?rest_route=\/wp\/v2\/posts\/12385\/revisions\/18604"}],"wp:featuredmedia":[{"embeddable":true,"href":"https:\/\/atecordoba.org\/index.php?rest_route=\/wp\/v2\/media\/19220"}],"wp:attachment":[{"href":"https:\/\/atecordoba.org\/index.php?rest_route=%2Fwp%2Fv2%2Fmedia&parent=12385"}],"wp:term":[{"taxonomy":"category","embeddable":true,"href":"https:\/\/atecordoba.org\/index.php?rest_route=%2Fwp%2Fv2%2Fcategories&post=12385"},{"taxonomy":"post_tag","embeddable":true,"href":"https:\/\/atecordoba.org\/index.php?rest_route=%2Fwp%2Fv2%2Ftags&post=12385"}],"curies":[{"name":"wp","href":"https:\/\/api.w.org\/{rel}","templated":true}]}}