{"id":12380,"date":"2020-03-05T13:27:54","date_gmt":"2020-03-05T16:27:54","guid":{"rendered":"https:\/\/www.atecordoba.org\/?p=12380"},"modified":"2020-05-05T09:09:45","modified_gmt":"2020-05-05T12:09:45","slug":"ate-se-reunio-con-autoridades-del-iosfa","status":"publish","type":"post","link":"https:\/\/atecordoba.org\/?p=12380","title":{"rendered":"ATE se reuni\u00f3 con autoridades del IOSFA"},"content":{"rendered":"\n<p><em>Dirigentes de la Junta Interna de la Junta Interna de Garnici\u00f3n A\u00e9rea C\u00f3rdoba, del Barrio Militar y del \u00f3rgano paritario nacional de ATE se reunieron con presidente del Instituto de Obra Social de las Fuerzas Armadas (IOSFA). Solicitaron soluciones ante las grav\u00edsimas condiciones en que el organismo fue dejado por parte del macrismo.<\/em><\/p>\n\n\n\n<figure class=\"wp-block-image size-large\"><img decoding=\"async\" src=\"http:\/\/atecordoba.org\/wp-content\/uploads\/2020\/05\/Visita-Presidente-IOSFA-1024x768.jpg\" alt=\"\" class=\"wp-image-12381\"\/><\/figure>\n\n\n\n<p>El presidente del IOSFA, Dr. Dar\u00edo Hugo\nD\u00edaz P\u00e9rez, y parte del directorio del organismo, realizaron -en el marco de una\nserie de visitas a instituciones sobre las que el Instituto tiene alcance-, una\nrecorrida por la Escuela de Aviaci\u00f3n Militar de C\u00f3rdoba. En la ocasi\u00f3n,\ndirigentes de ATE solicitaron una reuni\u00f3n en privado con el mencionado\nfuncionario -que ostenta rango de Secretario de Estado-, que fue concretada en\nel mismo d\u00eda de ayer. La comitiva sindical estuvo integrada por Alejandro\nCharra, Nicol\u00e1s Dreisik y Javier Bracamonte, Secretarios General,\nAdministrativo y Gremial de la Junta Interna de la Guarnici\u00f3n A\u00e9rea C\u00f3rdoba;\nV\u00edctor Lecuona Paritario Nacional de los Civiles de las FF.AA.; y Rafael\nScanferla, Delegado del Barrio Militar Gral. Deheza,.<\/p>\n\n\n\n<p>La serie de visitas, se da en el marco de reformas\nque el actual Directorio viene llevando adelante en la obra social para poder\nsubsanar los da\u00f1os causados por la gesti\u00f3n macrista. En ese sentido, los\nrepresentantes de ATE destacaron \u201cun firme apoyo en el sentido de recuperar el\norganismo\u201d, no obstante lo cual solicitaron \u201crespuestas respecto del paup\u00e9rrimo\nestado en el que se dej\u00f3 a la red de farmacias y cu\u00e1l es el plan para\nsubsanarlo y otro tanto en qu\u00e9 se piensa hacer con las auditor\u00edas internas del\nIOSFA que fueron flexibilizadas convirti\u00e9ndose en una verdadera sangr\u00eda de\nrecursos\u201d. Ante el planteo, \u201cD\u00edaz P\u00e9rez solicit\u00f3 -seg\u00fan informaron desde ATE- paciencia,\napelando a lo reciente de su nombramiento\u201d. Sin embargo, \u201cdio muestras de estar\nestudiando el tema y prometi\u00f3 soluciones integrales\u201d, destacaron.<\/p>\n\n\n\n<p>\u201cRespecto de los medicamentos para\npacientes cr\u00f3nicos que vienen sufriendo trabas y demoras, el Comodoro Rodolfo\nGuillamondegui, Delegado Regional de la IOSFA, nos refiri\u00f3 que se viene\ntrabajando en una base de datos unificada para solucionar el problema\u201d,\nexpresaron los dirigentes obreros.\n\nPor \u00faltimo, ambos funcionarios del IOSFA \u201cse\ncomprometieron a contemplar el caso de dos compa\u00f1eras de ATE embarazadas, cuyo\nprestador de salud ha quedado fuera de la cartilla por pretensiones econ\u00f3micas\nrid\u00edculas. No obstante, a decir de ambos, la obra social se har\u00e1 cargo de todo\nen funci\u00f3n de evitar cualquier inconveniente para que ambas lleven su embarazo\na un feliz t\u00e9rmino\u201d, concluyeron en un comunicado de prensa los representantes\nde la Asociaci\u00f3n de Trabajadores del Estado.\n\n\n\n<\/p>\n","protected":false},"excerpt":{"rendered":"<p>Dirigentes de la Junta Interna de la Junta Interna de Garnici\u00f3n A\u00e9rea C\u00f3rdoba, del Barrio Militar y del \u00f3rgano paritario nacional de ATE se reunieron con presidente del Instituto de Obra Social de las Fuerzas Armadas (IOSFA). Solicitaron soluciones ante las grav\u00edsimas condiciones en que el organismo fue dejado por parte del macrismo. El presidente [&hellip;]<\/p>\n","protected":false},"author":1,"featured_media":19220,"comment_status":"open","ping_status":"open","sticky":true,"template":"","format":"standard","meta":{"_exactmetrics_skip_tracking":false,"_exactmetrics_sitenote_active":false,"_exactmetrics_sitenote_note":"","_exactmetrics_sitenote_category":0,"jnews-multi-image_gallery":[],"jnews_single_post":[],"jnews_primary_category":[],"jnews_social_meta":[],"jnews_review":[],"enable_review":"","type":"","name":"","summary":"","brand":"","sku":"","good":[],"bad":[],"score_override":"","override_value":"","rating":[],"price":[],"jnews_override_counter":[],"jnews_post_split":[],"footnotes":""},"categories":[1],"tags":[],"class_list":["post-12380","post","type-post","status-publish","format-standard","has-post-thumbnail","hentry","category-sin-categoria"],"jetpack_featured_media_url":"https:\/\/atecordoba.org\/wp-content\/uploads\/2020\/05\/logo-nuevochico-e1561581322808.png","_links":{"self":[{"href":"https:\/\/atecordoba.org\/index.php?rest_route=\/wp\/v2\/posts\/12380","targetHints":{"allow":["GET"]}}],"collection":[{"href":"https:\/\/atecordoba.org\/index.php?rest_route=\/wp\/v2\/posts"}],"about":[{"href":"https:\/\/atecordoba.org\/index.php?rest_route=\/wp\/v2\/types\/post"}],"author":[{"embeddable":true,"href":"https:\/\/atecordoba.org\/index.php?rest_route=\/wp\/v2\/users\/1"}],"replies":[{"embeddable":true,"href":"https:\/\/atecordoba.org\/index.php?rest_route=%2Fwp%2Fv2%2Fcomments&post=12380"}],"version-history":[{"count":2,"href":"https:\/\/atecordoba.org\/index.php?rest_route=\/wp\/v2\/posts\/12380\/revisions"}],"predecessor-version":[{"id":18680,"href":"https:\/\/atecordoba.org\/index.php?rest_route=\/wp\/v2\/posts\/12380\/revisions\/18680"}],"wp:featuredmedia":[{"embeddable":true,"href":"https:\/\/atecordoba.org\/index.php?rest_route=\/wp\/v2\/media\/19220"}],"wp:attachment":[{"href":"https:\/\/atecordoba.org\/index.php?rest_route=%2Fwp%2Fv2%2Fmedia&parent=12380"}],"wp:term":[{"taxonomy":"category","embeddable":true,"href":"https:\/\/atecordoba.org\/index.php?rest_route=%2Fwp%2Fv2%2Fcategories&post=12380"},{"taxonomy":"post_tag","embeddable":true,"href":"https:\/\/atecordoba.org\/index.php?rest_route=%2Fwp%2Fv2%2Ftags&post=12380"}],"curies":[{"name":"wp","href":"https:\/\/api.w.org\/{rel}","templated":true}]}}