{"id":12376,"date":"2020-03-05T09:05:06","date_gmt":"2020-03-05T12:05:06","guid":{"rendered":"https:\/\/www.atecordoba.org\/?p=12376"},"modified":"2020-05-05T09:09:45","modified_gmt":"2020-05-05T12:09:45","slug":"el-gobierno-nacional-debe-acelerar-la-reincorporacion-de-despedidos-de-la-era-macri","status":"publish","type":"post","link":"https:\/\/atecordoba.org\/?p=12376","title":{"rendered":"\u201cEl Gobierno Nacional debe acelerar la reincorporaci\u00f3n de despedidos de la Era Macri\u201d"},"content":{"rendered":"\n<p>Lo asever\u00f3 el Secretario General de ATE y la CTA Aut\u00f3noma C\u00f3rdoba, Federico Giuliani: \u201cEl  Gobierno Nacional debe tomar una r\u00e1pida definici\u00f3n. Paga una Deuda  ileg\u00edtima, ilegal, inmoral y fraudulenta o reincorpora ya a todos y  todas las despedidas durante el Gobierno de Cambiemos\u201d.<\/p>\n\n\n\n<figure class=\"wp-block-image size-large\"><img decoding=\"async\" src=\"http:\/\/atecordoba.org\/wp-content\/uploads\/2020\/05\/89071279_10158032430104805_6435738077620076544_o.jpg\" alt=\"\" class=\"wp-image-12377\"\/><\/figure>\n\n\n\n<p>Y agreg\u00f3: \u201cDesde que asumimos la conducci\u00f3n de la Asociaci\u00f3n \nTrabajadores del Estado (ATE-CTA) C\u00f3rdoba, nuestro desaf\u00edo fue salir a \nbuscar, encontrar, contener y organizar a nuestrxs compa\u00f1erxs despedidxs\n del Estado Nacional en la provincia. A pocos d\u00edas de asumir y tomando \ncomo ejemplo lo nacional creamos la Comisi\u00f3n de Relevamiento y Registro \nde Trabajadores y Trabajadoras Despedidxs de la Era Macri (CORREDMA) \nversi\u00f3n cordobesa.&nbsp;El primer Consejo Directivo Provincial de ATE que \ntom\u00f3 esta dif\u00edcil tarea de la reincorporaci\u00f3n de todas y todos\u201d. <\/p>\n\n\n\n<p>Giuliani inform\u00f3 que \u201carrancamos con \n300 despedidos y despedidas en Fabricaci\u00f3nes Militares de R\u00edo Tercero y \nVilla Mar\u00eda, M\u00e9dicos Comunitarios, SENASA, ANAC, Secretar\u00eda de \nAgricultura Familiar (SAF), Programa de Vectores (Chagas y Dengue entre \notros), INTI. Luego de visibilizar el problema aparecieron compa\u00f1eras y \ncompa\u00f1eros de la CNRT, ANSES y la F\u00e1brica Argentina de Aviones \n\u2018Brigadier General San Mart\u00edn\u2019 (FADEA). Hoy el n\u00famero es de 700 \ndespedidos aproximadamente\u201d.<\/p>\n\n\n\n<p>\u201cFruto de la lucha ya 10 trabajadorxs\n del INTI en C\u00f3rdoba fueron reincorporados. Hay un cronograma de \nreincorporaci\u00f3n en SENASA. Logramos audiencia con el Directorio de \nFADEA. En fin. Estamos trabajando pero venimos lentos. El Gobierno \nNacional debe acelerar la reincorporaci\u00f3n de los despedidos durante el \nGobierno anterior tal cual lo prometi\u00f3 en campa\u00f1a.&nbsp;La \u00fanica Deuda es con\n el Pueblo.&nbsp;Es con todxs adentro trabajando\u201d, concluy\u00f3 Giuliani.<\/p>\n","protected":false},"excerpt":{"rendered":"<p>Lo asever\u00f3 el Secretario General de ATE y la CTA Aut\u00f3noma C\u00f3rdoba, Federico Giuliani: \u201cEl Gobierno Nacional debe tomar una r\u00e1pida definici\u00f3n. Paga una Deuda ileg\u00edtima, ilegal, inmoral y fraudulenta o reincorpora ya a todos y todas las despedidas durante el Gobierno de Cambiemos\u201d. Y agreg\u00f3: \u201cDesde que asumimos la conducci\u00f3n de la Asociaci\u00f3n Trabajadores [&hellip;]<\/p>\n","protected":false},"author":1,"featured_media":19220,"comment_status":"open","ping_status":"open","sticky":true,"template":"","format":"standard","meta":{"_exactmetrics_skip_tracking":false,"_exactmetrics_sitenote_active":false,"_exactmetrics_sitenote_note":"","_exactmetrics_sitenote_category":0,"jnews-multi-image_gallery":[],"jnews_single_post":[],"jnews_primary_category":[],"jnews_social_meta":[],"jnews_review":[],"enable_review":"","type":"","name":"","summary":"","brand":"","sku":"","good":[],"bad":[],"score_override":"","override_value":"","rating":[],"price":[],"jnews_override_counter":[],"jnews_post_split":[],"footnotes":""},"categories":[1],"tags":[],"class_list":["post-12376","post","type-post","status-publish","format-standard","has-post-thumbnail","hentry","category-sin-categoria"],"jetpack_featured_media_url":"https:\/\/atecordoba.org\/wp-content\/uploads\/2020\/05\/logo-nuevochico-e1561581322808.png","_links":{"self":[{"href":"https:\/\/atecordoba.org\/index.php?rest_route=\/wp\/v2\/posts\/12376","targetHints":{"allow":["GET"]}}],"collection":[{"href":"https:\/\/atecordoba.org\/index.php?rest_route=\/wp\/v2\/posts"}],"about":[{"href":"https:\/\/atecordoba.org\/index.php?rest_route=\/wp\/v2\/types\/post"}],"author":[{"embeddable":true,"href":"https:\/\/atecordoba.org\/index.php?rest_route=\/wp\/v2\/users\/1"}],"replies":[{"embeddable":true,"href":"https:\/\/atecordoba.org\/index.php?rest_route=%2Fwp%2Fv2%2Fcomments&post=12376"}],"version-history":[{"count":2,"href":"https:\/\/atecordoba.org\/index.php?rest_route=\/wp\/v2\/posts\/12376\/revisions"}],"predecessor-version":[{"id":18682,"href":"https:\/\/atecordoba.org\/index.php?rest_route=\/wp\/v2\/posts\/12376\/revisions\/18682"}],"wp:featuredmedia":[{"embeddable":true,"href":"https:\/\/atecordoba.org\/index.php?rest_route=\/wp\/v2\/media\/19220"}],"wp:attachment":[{"href":"https:\/\/atecordoba.org\/index.php?rest_route=%2Fwp%2Fv2%2Fmedia&parent=12376"}],"wp:term":[{"taxonomy":"category","embeddable":true,"href":"https:\/\/atecordoba.org\/index.php?rest_route=%2Fwp%2Fv2%2Fcategories&post=12376"},{"taxonomy":"post_tag","embeddable":true,"href":"https:\/\/atecordoba.org\/index.php?rest_route=%2Fwp%2Fv2%2Ftags&post=12376"}],"curies":[{"name":"wp","href":"https:\/\/api.w.org\/{rel}","templated":true}]}}