{"id":12370,"date":"2020-03-04T14:06:31","date_gmt":"2020-03-04T17:06:31","guid":{"rendered":"https:\/\/www.atecordoba.org\/?p=12370"},"modified":"2020-05-05T09:09:45","modified_gmt":"2020-05-05T12:09:45","slug":"testimonios-de-trabajadoras-de-transito-en-san-francisco","status":"publish","type":"post","link":"https:\/\/atecordoba.org\/?p=12370","title":{"rendered":"Testimonios de trabajadoras de tr\u00e1nsito en San Francisco"},"content":{"rendered":"\n<p>Hace algunos a\u00f1os se puso en funcionamiento el primer grupo de mujeres Polic\u00edas de Tr\u00e1nsito en la localidad de San Francisco. Hasta entonces era una tarea s\u00f3lo de hombres.<\/p>\n\n\n\n<figure class=\"wp-block-image size-large\"><img decoding=\"async\" src=\"http:\/\/atecordoba.org\/wp-content\/uploads\/2020\/05\/87804071_3149976158379836_6082571416610275328_n.jpg\" alt=\"\" class=\"wp-image-12371\"\/><\/figure>\n\n\n\n<p><em>Por\nAndrea Carrasco* <\/em><\/p>\n\n\n\n<p>Las primeras inspectoras no s\u00f3lo\nchocaron con los prejuicios de automovilistas sino tambi\u00e9n de algunas y algunos\ncompa\u00f1eros. En agosto se van a cumplir 10 a\u00f1os que Marcela Vega (hoy 55 a\u00f1os)\ningres\u00f3 al cuerpo de Polic\u00eda Municipal, \u201cen los primeros d\u00edas de capacitaci\u00f3n\npara m\u00ed fueron cruciales saber c\u00f3mo organizar la circulaci\u00f3n, cada indicaci\u00f3n\niba acompa\u00f1ada de una manera particular de tocar el silbato, de mover las manos\ne incluso el cuerpo, y un error en esos gestos pod\u00eda derivar en un choque\u201d, describe\nMarcela.<\/p>\n\n\n\n<p><strong>\u00bfQu\u00e9\nsentimientos te invadieron el primer d\u00eda de servicio?<\/strong><\/p>\n\n\n\n<p>Me sent\u00ed orgullosa de esta profesi\u00f3n\ny de poder colaborar con la sociedad.<\/p>\n\n\n\n<p><strong>\u00bfTe\nrespetan como mujer a la hora de comandar el tr\u00e1fico vehicular?<\/strong>\n<\/p>\n\n\n\n<p>La mayor\u00eda de las veces si, aunque reconozco que muchas veces no me toman en cuenta por el solo hecho de ser mujer. El mandato de masculinidad es un mandato de violencia, de dominaci\u00f3n, el sujeto masculino tiene que construir su potencia y espectaculizarla a los ojos de los otros, por tal motivo les cuesta en algunos casos.<\/p>\n\n\n\n<figure class=\"wp-block-image size-large\"><img decoding=\"async\" src=\"http:\/\/atecordoba.org\/wp-content\/uploads\/2020\/05\/RIBERA-20-X-14-ACEITE.jpg\" alt=\"\" class=\"wp-image-12374\"\/><\/figure>\n\n\n\n<p><strong>Si\ntuvieras que elegir alguna profesi\u00f3n, \u00bfser\u00eda la misma?<\/strong><\/p>\n\n\n\n<p>Ser\u00eda la misma, me permite\nconcientizar a la comunidad en lo que respecta a educaci\u00f3n vial, me encanta\nhacer la prevenci\u00f3n y ayudar a los adultos mayores o personas con incapacidad a\nque puedan cruzar la calle con tranquilidad. Ser parte de la prevenci\u00f3n a la\nsalida del horario escolar y recibir como agradecimiento una sonrisa, eso es\nimpagable!<\/p>\n\n\n\n<p>Yo creo que en mi&nbsp; juventud, no tom\u00e1bamos consciencia de lo que\nrepresentaba para la sociedad que las mujeres asumi\u00e9ramos una tarea semejante,\npor eso hoy, TENIENDO ESTA OPORTUNIDAD LA VUELVO A ELEGIR! <\/p>\n\n\n\n<p>Zulma Luque Ledebur, es otra\ntrabajadora que suma su testimonio, expresa que: \u201cNo eleg\u00ed esta profesi\u00f3n, fui\ntrasladada de \u00e1rea hace 3 a\u00f1os, me sent\u00eds muy mal con ver la diferencia que\nhab\u00eda con los hombres. Igual lamento que las mujeres representemos hoy menos de\nuna cuarta parte del cuerpo de Polic\u00eda de Tr\u00e1nsito\u201d. <\/p>\n\n\n\n<p><strong>Ser\nmujer, \u00bfimposibilita tu labor a la hora de un control vehicular o de\nalcoholemia?<\/strong><\/p>\n\n\n\n<p>Si muchas veces la gente te maltrata\nverbalmente o te insulta&nbsp; y eso es un\nreflejo de la sociedad violenta en la que vivimos y las mujeres tenemos que\naguantar muchos micro machismos que est\u00e1n socialmente aceptados.<\/p>\n\n\n\n<p><strong>Cuando\nte viste con ese uniforme por primera vez, \u00bfqu\u00e9 sentimientos tuviste?<\/strong><\/p>\n\n\n\n<p>La verdad, no me gust\u00f3 para nada el uniforme (risas)<\/p>\n\n\n\n<figure class=\"wp-block-image size-large\"><img decoding=\"async\" src=\"http:\/\/atecordoba.org\/wp-content\/uploads\/2020\/05\/87589137_3150694614974657_3171089872077193216_o.jpg\" alt=\"\" class=\"wp-image-12372\"\/><\/figure>\n\n\n\n<p><strong>\u00bfC\u00f3mo\ndescribir\u00edas una jornada laboral?<\/strong><\/p>\n\n\n\n<p>\u00bfTe imagin\u00e1s estar en una lugar\ndonde no hay compa\u00f1erismo? Que los hombres no acepten trabajar con mujeres?. \u00bfQu\u00e9\nnos sacaran de la sala de Inspectores y env\u00eden a las mujeres a la cocina &nbsp;como sala de descanso? Parad\u00f3jico \u00bfno?. En 20 a\u00f1os\nde ser trabajadora municipal nunca me hab\u00eda pasado esto de sentirme\ndiscriminada.<\/p>\n\n\n\n<p>Todav\u00eda en el siglo XXI seguimos\nrelegadas a un segundo puesto, me capacit\u00e9 y rend\u00ed para subir de categor\u00eda y me\ndijeron que no llegaba al puntaje. Mientras existan desigualdades hacia la\nmujer habr\u00e1 que seguir reclamando nuestra posici\u00f3n en espacios definidos hist\u00f3ricamente\ncomo masculinos.<\/p>\n\n\n\n<p>Por razones hist\u00f3ricas y sociales,\nlos cuerpos policiales han sido desde sus or\u00edgenes organizaciones compuestas y\ndirigidas por hombres y por lo tanto gestionadas y organizadas con una visi\u00f3n\nandroc\u00e9ntrica. Vamos a comprobar que aunque existe legislaci\u00f3n y normativa a\nfavor de la igualdad de g\u00e9nero, lo cierto es que esa igualdad todav\u00eda est\u00e1\nlejos de alcanzarse.<\/p>\n\n\n\n<p><strong>\u00bfAlguna\nan\u00e9cdota para compartir?<\/strong><\/p>\n\n\n\n<p>En un turno de trabajo haciendo mi\nronda llego a una esquina con mucho flujo vehicular, un se\u00f1or estaciona entre\ncarteles, me arrimo le pido que corriera el veh\u00edculo del lugar ya que se hab\u00eda\nestacionado en un lugar prohibido\u2026me comenz\u00f3 a insultar llama a la polic\u00eda y el\nciudadano comienza a acusarme de que lo quise golpear. Fue un momento de mucha\ntensi\u00f3n y como esa situaci\u00f3n son la mayor\u00eda, llenas de agresiones y violencia .<\/p>\n\n\n\n<p>Seguridad\nescolar, eso me encanta! <strong>TRABAJAR\nHACIENDO LA SEGURIDAD ESCOLAR, APORTANDO Y FACILITANDO LA IMPLEMENTACION REAL\nDE LA EDUCACION VIAL<\/strong> interviniendo sobre la mejora de los comportamientos\nde los ni\u00f1os y ni\u00f1as como usuarios de las v\u00edas y, de forma especial, sobre los\nprimeros a\u00f1os de&nbsp; vida en los cuales se\nconsolidan las actitudes, los valores y el respeto a las normas, b\u00e1sicas para\nel desarrollo de comportamientos viales adecuados.<\/p>\n\n\n\n<p>Mi intenci\u00f3n con este art\u00edculo es\naportar una nueva perspectiva de la realidad o cuestion\u00e1ndola, porque no es\nf\u00e1cil llegar a un conocimiento exacto de los hechos, pero s\u00ed que es importante\ntomar consciencia de lo que hay detr\u00e1s de lo aparente.<\/p>\n\n\n\n<p>*Miembro delegaci\u00f3n San Francisco.<\/p>\n","protected":false},"excerpt":{"rendered":"<p>Hace algunos a\u00f1os se puso en funcionamiento el primer grupo de mujeres Polic\u00edas de Tr\u00e1nsito en la localidad de San Francisco. Hasta entonces era una tarea s\u00f3lo de hombres. Por Andrea Carrasco* Las primeras inspectoras no s\u00f3lo chocaron con los prejuicios de automovilistas sino tambi\u00e9n de algunas y algunos compa\u00f1eros. En agosto se van a [&hellip;]<\/p>\n","protected":false},"author":1,"featured_media":19220,"comment_status":"open","ping_status":"open","sticky":true,"template":"","format":"standard","meta":{"_exactmetrics_skip_tracking":false,"_exactmetrics_sitenote_active":false,"_exactmetrics_sitenote_note":"","_exactmetrics_sitenote_category":0,"jnews-multi-image_gallery":[],"jnews_single_post":[],"jnews_primary_category":[],"jnews_social_meta":[],"jnews_review":[],"enable_review":"","type":"","name":"","summary":"","brand":"","sku":"","good":[],"bad":[],"score_override":"","override_value":"","rating":[],"price":[],"jnews_override_counter":[],"jnews_post_split":[],"footnotes":""},"categories":[1],"tags":[],"class_list":["post-12370","post","type-post","status-publish","format-standard","has-post-thumbnail","hentry","category-sin-categoria"],"jetpack_featured_media_url":"https:\/\/atecordoba.org\/wp-content\/uploads\/2020\/05\/logo-nuevochico-e1561581322808.png","_links":{"self":[{"href":"https:\/\/atecordoba.org\/index.php?rest_route=\/wp\/v2\/posts\/12370","targetHints":{"allow":["GET"]}}],"collection":[{"href":"https:\/\/atecordoba.org\/index.php?rest_route=\/wp\/v2\/posts"}],"about":[{"href":"https:\/\/atecordoba.org\/index.php?rest_route=\/wp\/v2\/types\/post"}],"author":[{"embeddable":true,"href":"https:\/\/atecordoba.org\/index.php?rest_route=\/wp\/v2\/users\/1"}],"replies":[{"embeddable":true,"href":"https:\/\/atecordoba.org\/index.php?rest_route=%2Fwp%2Fv2%2Fcomments&post=12370"}],"version-history":[{"count":1,"href":"https:\/\/atecordoba.org\/index.php?rest_route=\/wp\/v2\/posts\/12370\/revisions"}],"predecessor-version":[{"id":18613,"href":"https:\/\/atecordoba.org\/index.php?rest_route=\/wp\/v2\/posts\/12370\/revisions\/18613"}],"wp:featuredmedia":[{"embeddable":true,"href":"https:\/\/atecordoba.org\/index.php?rest_route=\/wp\/v2\/media\/19220"}],"wp:attachment":[{"href":"https:\/\/atecordoba.org\/index.php?rest_route=%2Fwp%2Fv2%2Fmedia&parent=12370"}],"wp:term":[{"taxonomy":"category","embeddable":true,"href":"https:\/\/atecordoba.org\/index.php?rest_route=%2Fwp%2Fv2%2Fcategories&post=12370"},{"taxonomy":"post_tag","embeddable":true,"href":"https:\/\/atecordoba.org\/index.php?rest_route=%2Fwp%2Fv2%2Ftags&post=12370"}],"curies":[{"name":"wp","href":"https:\/\/api.w.org\/{rel}","templated":true}]}}